{"id":4891,"date":"2025-03-27T14:23:01","date_gmt":"2025-03-27T13:23:01","guid":{"rendered":"https:\/\/bibliotheque-sfpe-at.com\/?p=4891"},"modified":"2025-03-27T17:37:18","modified_gmt":"2025-03-27T16:37:18","slug":"dehors-toujours-au-centre","status":"publish","type":"post","link":"https:\/\/bibliotheque-sfpe-at.com\/index.php\/2025\/03\/27\/dehors-toujours-au-centre\/","title":{"rendered":"\u00ab Dehors, toujours au centre \u00bb"},"content":{"rendered":"\n<p class=\"has-text-align-left\">\u00ab Comment dire, en parlant, ce qui est ext\u00e9rieur \u00e0 la parole ? \u00bb<\/p>\n\n\n\n<div class=\"wp-block-columns is-layout-flex wp-container-core-columns-is-layout-28f84493 wp-block-columns-is-layout-flex\">\n<div class=\"wp-block-column is-layout-flow wp-block-column-is-layout-flow\" style=\"flex-basis:66.66%\"><\/div>\n\n\n\n<div class=\"wp-block-column is-layout-flow wp-block-column-is-layout-flow\" style=\"flex-basis:33.33%\"><\/div>\n<\/div>\n\n\n\n<div class=\"wp-block-columns is-layout-flex wp-container-core-columns-is-layout-28f84493 wp-block-columns-is-layout-flex\">\n<div class=\"wp-block-column is-layout-flow wp-block-column-is-layout-flow\" style=\"flex-basis:66.66%\">\n<p>Le po\u00e8te Andr\u00e9 du Bouchet, auteur de ce vers \u00ab Dehors, toujours au centre \u00bb, n\u2019est pas un philosophe, mais il oblige son lecteur \u00e0 entrer en philosophie. En particulier, il nous interroge sur la fronti\u00e8re, sur la faille embl\u00e9matique entre langue et parole. Comment songerait-on \u00e0 inventer une langue si on ne parlait d\u00e9j\u00e0 ? La parole serait ant\u00e9rieure \u00e0 la langue, et l\u2019homme ne parle pas, comme dit Lacan, parce que le symbole l\u2019a fait homme ; il parle parce qu\u2019il est ouvert au monde, et que le \u00ab dire \u00bb est une fa\u00e7on de convoquer ce \u00e0 quoi nous avons ouverture. La r\u00e9alit\u00e9 se pr\u00e9sente de deux fa\u00e7ons : il y a celle que la parole dit quand la langue parle, et d\u2019autre part celle qui se rencontre dans l\u2019exp\u00e9rience sensible, visuelle, tactile.<br>On dit g\u00e9n\u00e9ralement que la langue est au fondement de la parole, mais le linguiste Gustave Guillaume remarque qu\u2019il y a toujours une rupture entre la langue et la parole. Il ne s\u2019agit pas de trancher d\u00e9finitivement mais de montrer que la po\u00e9sie peut nous aider \u00e0 repenser profond\u00e9ment le rapport \u00e0 la fronti\u00e8re puisqu\u2019elle nous renvoie au c\u0153ur de l\u2019abyssale question du langage humain. La po\u00e9sie serait alors \u00ab au chevet \u00bb de l\u2019existence en abolissant momentan\u00e9ment la faille entre la langue et la parole :<br>\u00ab Il s\u2019agit, par le mot, d\u2019\u00eatre en rapport un instant avec ce qui est en dehors du mot. \u00bb<br>Fronti\u00e8re qui trouve un \u00e9cho dans le drame constitutif de l\u2019existence humaine : celui d\u2019une s\u00e9paration que l\u2019homme \u00e9prouve entre la r\u00e9alit\u00e9 du monde ext\u00e9rieur, dont l\u2019exp\u00e9rience lui est impos\u00e9e et qui n\u2019est qu\u2019intersubjectivement contr\u00f4lable, et la r\u00e9alit\u00e9 d\u2019un monde int\u00e9rieur dont il est la mesure.<\/p>\n\n\n\n<p><strong><em>Pour lire le texte complet <a href=\"\/index.php\/options-dinscription\/\"><mark style=\"background-color:rgba(0, 0, 0, 0)\" class=\"has-inline-color has-vivid-cyan-blue-color\">s&rsquo;inscrire<\/mark><\/a> ou <a href=\"\/index.php\/my-account\/edit-account\/\"><mark style=\"background-color:rgba(0, 0, 0, 0)\" class=\"has-inline-color has-vivid-cyan-blue-color\">se connecter<\/mark><\/a><\/em><\/strong><\/p>\n\n\n\n\n\n<div style=\"height:100px\" aria-hidden=\"true\" class=\"wp-block-spacer\"><\/div>\n\n\n\n<div class=\"wp-block-buttons is-content-justification-center is-layout-flex wp-container-core-buttons-is-layout-a89b3969 wp-block-buttons-is-layout-flex\">\n<div class=\"wp-block-button has-custom-font-size has-small-font-size\"><a class=\"wp-block-button__link has-vivid-red-background-color has-background wp-element-button\" href=\"\/index.php\/2025\/03\/26\/frontieres-2\/\">&lt;&#8211; retour<\/a><\/div>\n<\/div>\n<\/div>\n\n\n\n<div class=\"wp-block-column is-layout-flow wp-block-column-is-layout-flow\" style=\"flex-basis:33.33%\">\n<figure class=\"wp-block-table\"><table class=\"has-background\" style=\"background-color:#f8f2f2\"><thead><tr><th><mark class=\"has-inline-color has-vivid-red-color\" style=\"background-color: rgba(0, 0, 0, 0);\"><strong>Auteur<\/strong><\/mark><\/th><\/tr><\/thead><tbody><tr><td><strong>Bernard Rigaud<\/strong><\/td><\/tr><\/tbody><\/table><\/figure>\n\n\n\n<figure class=\"wp-block-table\"><table><thead><tr><th><mark class=\"has-inline-color has-vivid-red-color\" style=\"background-color: rgba(0, 0, 0, 0);\"><strong>R\u00e9f\u00e9rence<\/strong><\/mark><\/th><\/tr><\/thead><tbody><tr><td><strong>RA021-02<\/strong><br><strong>Fronti\u00e8res<\/strong><br>Journ\u00e9es de Automne 2023<\/td><\/tr><\/tbody><\/table><\/figure>\n\n\n\n<figure class=\"wp-block-table\"><table><thead><tr><th><mark class=\"has-inline-color has-vivid-red-color\" style=\"background-color: rgba(0, 0, 0, 0);\"><strong>Cat\u00e9gories<\/strong><\/mark><\/th><\/tr><\/thead><tbody><tr><td>Philosophie<br>Psychanalyse<br>Po\u00e9sie<\/td><\/tr><\/tbody><\/table><\/figure>\n<\/div>\n<\/div>\n","protected":false},"excerpt":{"rendered":"<p>\u00ab Comment dire, en parlant, ce qui est ext\u00e9rieur \u00e0 la parole ? \u00bb Le po\u00e8te Andr\u00e9 du Bouchet, auteur de ce vers \u00ab Dehors, toujours au centre \u00bb, n\u2019est pas un philosophe, mais il oblige son lecteur \u00e0 entrer en philosophie. En particulier, il nous interroge sur la fronti\u00e8re,&hellip;<\/p>\n","protected":false},"author":2,"featured_media":0,"comment_status":"closed","ping_status":"open","sticky":false,"template":"","format":"standard","meta":{"pmpro_default_level":"","ngg_post_thumbnail":0,"footnotes":""},"categories":[401],"tags":[885,487,496,494,894],"class_list":["post-4891","post","type-post","status-publish","format-standard","hentry","category-rigaud-bernard","tag-frontieres","tag-philosophie","tag-poesie","tag-psychanalyse","tag-ra021-02","pmpro-has-access"],"_links":{"self":[{"href":"https:\/\/bibliotheque-sfpe-at.com\/index.php\/wp-json\/wp\/v2\/posts\/4891","targetHints":{"allow":["GET"]}}],"collection":[{"href":"https:\/\/bibliotheque-sfpe-at.com\/index.php\/wp-json\/wp\/v2\/posts"}],"about":[{"href":"https:\/\/bibliotheque-sfpe-at.com\/index.php\/wp-json\/wp\/v2\/types\/post"}],"author":[{"embeddable":true,"href":"https:\/\/bibliotheque-sfpe-at.com\/index.php\/wp-json\/wp\/v2\/users\/2"}],"replies":[{"embeddable":true,"href":"https:\/\/bibliotheque-sfpe-at.com\/index.php\/wp-json\/wp\/v2\/comments?post=4891"}],"version-history":[{"count":1,"href":"https:\/\/bibliotheque-sfpe-at.com\/index.php\/wp-json\/wp\/v2\/posts\/4891\/revisions"}],"predecessor-version":[{"id":4892,"href":"https:\/\/bibliotheque-sfpe-at.com\/index.php\/wp-json\/wp\/v2\/posts\/4891\/revisions\/4892"}],"wp:attachment":[{"href":"https:\/\/bibliotheque-sfpe-at.com\/index.php\/wp-json\/wp\/v2\/media?parent=4891"}],"wp:term":[{"taxonomy":"category","embeddable":true,"href":"https:\/\/bibliotheque-sfpe-at.com\/index.php\/wp-json\/wp\/v2\/categories?post=4891"},{"taxonomy":"post_tag","embeddable":true,"href":"https:\/\/bibliotheque-sfpe-at.com\/index.php\/wp-json\/wp\/v2\/tags?post=4891"}],"curies":[{"name":"wp","href":"https:\/\/api.w.org\/{rel}","templated":true}]}}