{"id":4893,"date":"2025-03-27T14:27:42","date_gmt":"2025-03-27T13:27:42","guid":{"rendered":"https:\/\/bibliotheque-sfpe-at.com\/?p=4893"},"modified":"2025-03-27T17:37:25","modified_gmt":"2025-03-27T16:37:25","slug":"frontiere-entre-matiere-et-forme","status":"publish","type":"post","link":"https:\/\/bibliotheque-sfpe-at.com\/index.php\/2025\/03\/27\/frontiere-entre-matiere-et-forme\/","title":{"rendered":"Fronti\u00e8re entre mati\u00e8re et forme"},"content":{"rendered":"\n<p class=\"has-text-align-left\"><\/p>\n\n\n\n<div class=\"wp-block-columns is-layout-flex wp-container-core-columns-is-layout-28f84493 wp-block-columns-is-layout-flex\">\n<div class=\"wp-block-column is-layout-flow wp-block-column-is-layout-flow\" style=\"flex-basis:66.66%\"><\/div>\n\n\n\n<div class=\"wp-block-column is-layout-flow wp-block-column-is-layout-flow\" style=\"flex-basis:33.33%\"><\/div>\n<\/div>\n\n\n\n<div class=\"wp-block-columns is-layout-flex wp-container-core-columns-is-layout-28f84493 wp-block-columns-is-layout-flex\">\n<div class=\"wp-block-column is-layout-flow wp-block-column-is-layout-flow\" style=\"flex-basis:66.66%\">\n<p>La relation mati\u00e8re-forme est un d\u00e9bat ancien, qui garde son actualit\u00e9 pour la psychopathologie de l\u2019expression et l\u2019art-th\u00e9rapie.<br>Nous rappellerons d\u2019abord les approches ph\u00e9nom\u00e9nologique et philosophique depuis l\u2019Antiquit\u00e9, l\u2019\u00e2ge classique, jusqu\u2019aux auteurs du XXe si\u00e8cle. Elles seront illustr\u00e9es par des artistes pathologiques de l\u2019histoire de l\u2019art pr\u00e9sent\u00e9s durant une exposition \u00e0 l\u2019\u00c9cole des beaux-arts, puis par des r\u00e9flexions d\u2019artistes post-acad\u00e9misme r\u00e9cents.<br>Ensuite, nous aborderons les apports de la psychanalyse, notamment celle de l\u2019enfant, \u00e0 cette relation mati\u00e8re-forme, en particulier sur les conditions de son \u00e9volution dans le temps, la prise de conscience qui met en jeu le sensible et l\u2019intelligible, le corps et le travail de pens\u00e9e, en fonction du milieu.<br>Outre l\u2019antinomie et sa propre fronti\u00e8re qui fluctue avec les \u00e9poques et les diverses approches, nous verrons la fronti\u00e8re entre les d\u00e9marches de ces deux domaines des sciences humaines, qui pourtant aboutissent \u00e0 des points communs.<br>Enfin, nous en rapprocherons les probl\u00e8mes cliniques rencontr\u00e9s dans nos ateliers, r\u00e9gression, confusion, \u00e9checs, r\u00e9sistances ou exc\u00e8s, et, pour certains patients, la possibilit\u00e9 d\u2019aboutir et de s\u2019approprier un regard plus approfondi sur leur travail de cr\u00e9ation.<\/p>\n\n\n\n<p><strong><em>Pour lire le texte complet <a href=\"\/index.php\/options-dinscription\/\"><mark style=\"background-color:rgba(0, 0, 0, 0)\" class=\"has-inline-color has-vivid-cyan-blue-color\">s&rsquo;inscrire<\/mark><\/a> ou <a href=\"\/index.php\/my-account\/edit-account\/\"><mark style=\"background-color:rgba(0, 0, 0, 0)\" class=\"has-inline-color has-vivid-cyan-blue-color\">se connecter<\/mark><\/a><\/em><\/strong><\/p>\n\n\n\n\n\n<div style=\"height:100px\" aria-hidden=\"true\" class=\"wp-block-spacer\"><\/div>\n\n\n\n<div class=\"wp-block-buttons is-content-justification-center is-layout-flex wp-container-core-buttons-is-layout-a89b3969 wp-block-buttons-is-layout-flex\">\n<div class=\"wp-block-button has-custom-font-size has-small-font-size\"><a class=\"wp-block-button__link has-vivid-red-background-color has-background wp-element-button\" href=\"\/index.php\/2025\/03\/26\/frontieres-2\/\">&lt;&#8211; retour<\/a><\/div>\n<\/div>\n<\/div>\n\n\n\n<div class=\"wp-block-column is-layout-flow wp-block-column-is-layout-flow\" style=\"flex-basis:33.33%\">\n<figure class=\"wp-block-table\"><table class=\"has-background\" style=\"background-color:#f8f2f2\"><thead><tr><th><mark class=\"has-inline-color has-vivid-red-color\" style=\"background-color: rgba(0, 0, 0, 0);\"><strong>Auteur<\/strong><\/mark><\/th><\/tr><\/thead><tbody><tr><td><strong>Fran\u00e7ois Granier<\/strong><\/td><\/tr><\/tbody><\/table><\/figure>\n\n\n\n<figure class=\"wp-block-table\"><table><thead><tr><th><mark class=\"has-inline-color has-vivid-red-color\" style=\"background-color: rgba(0, 0, 0, 0);\"><strong>R\u00e9f\u00e9rence<\/strong><\/mark><\/th><\/tr><\/thead><tbody><tr><td><strong>RA021-03<\/strong><br><strong>Fronti\u00e8res<\/strong><br>Journ\u00e9es de Automne 2023<\/td><\/tr><\/tbody><\/table><\/figure>\n\n\n\n<figure class=\"wp-block-table\"><table><thead><tr><th><mark class=\"has-inline-color has-vivid-red-color\" style=\"background-color: rgba(0, 0, 0, 0);\"><strong>Cat\u00e9gories<\/strong><\/mark><\/th><\/tr><\/thead><tbody><tr><td>Philosophie<br>Esth\u00e9tique<br>\u00c9thique<br>Psychanalyse<br>Art-th\u00e9rapie<\/td><\/tr><\/tbody><\/table><\/figure>\n<\/div>\n<\/div>\n","protected":false},"excerpt":{"rendered":"<p>La relation mati\u00e8re-forme est un d\u00e9bat ancien, qui garde son actualit\u00e9 pour la psychopathologie de l\u2019expression et l\u2019art-th\u00e9rapie.Nous rappellerons d\u2019abord les approches ph\u00e9nom\u00e9nologique et philosophique depuis l\u2019Antiquit\u00e9, l\u2019\u00e2ge classique, jusqu\u2019aux auteurs du XXe si\u00e8cle. Elles seront illustr\u00e9es par des artistes pathologiques de l\u2019histoire de l\u2019art pr\u00e9sent\u00e9s durant une exposition \u00e0&hellip;<\/p>\n","protected":false},"author":2,"featured_media":0,"comment_status":"closed","ping_status":"open","sticky":false,"template":"","format":"standard","meta":{"pmpro_default_level":"","ngg_post_thumbnail":0,"footnotes":""},"categories":[131],"tags":[492,491,502,885,487,494,895],"class_list":["post-4893","post","type-post","status-publish","format-standard","hentry","category-granier-francois","tag-art-therapie","tag-esthetique","tag-ethique","tag-frontieres","tag-philosophie","tag-psychanalyse","tag-ra021-03","pmpro-has-access"],"_links":{"self":[{"href":"https:\/\/bibliotheque-sfpe-at.com\/index.php\/wp-json\/wp\/v2\/posts\/4893","targetHints":{"allow":["GET"]}}],"collection":[{"href":"https:\/\/bibliotheque-sfpe-at.com\/index.php\/wp-json\/wp\/v2\/posts"}],"about":[{"href":"https:\/\/bibliotheque-sfpe-at.com\/index.php\/wp-json\/wp\/v2\/types\/post"}],"author":[{"embeddable":true,"href":"https:\/\/bibliotheque-sfpe-at.com\/index.php\/wp-json\/wp\/v2\/users\/2"}],"replies":[{"embeddable":true,"href":"https:\/\/bibliotheque-sfpe-at.com\/index.php\/wp-json\/wp\/v2\/comments?post=4893"}],"version-history":[{"count":1,"href":"https:\/\/bibliotheque-sfpe-at.com\/index.php\/wp-json\/wp\/v2\/posts\/4893\/revisions"}],"predecessor-version":[{"id":4894,"href":"https:\/\/bibliotheque-sfpe-at.com\/index.php\/wp-json\/wp\/v2\/posts\/4893\/revisions\/4894"}],"wp:attachment":[{"href":"https:\/\/bibliotheque-sfpe-at.com\/index.php\/wp-json\/wp\/v2\/media?parent=4893"}],"wp:term":[{"taxonomy":"category","embeddable":true,"href":"https:\/\/bibliotheque-sfpe-at.com\/index.php\/wp-json\/wp\/v2\/categories?post=4893"},{"taxonomy":"post_tag","embeddable":true,"href":"https:\/\/bibliotheque-sfpe-at.com\/index.php\/wp-json\/wp\/v2\/tags?post=4893"}],"curies":[{"name":"wp","href":"https:\/\/api.w.org\/{rel}","templated":true}]}}