{"id":4895,"date":"2025-03-27T14:31:15","date_gmt":"2025-03-27T13:31:15","guid":{"rendered":"https:\/\/bibliotheque-sfpe-at.com\/?p=4895"},"modified":"2025-03-27T17:37:33","modified_gmt":"2025-03-27T16:37:33","slug":"jeu-de-frontieres-chez-gerard-garouste-entre-discours-delire-et-creation","status":"publish","type":"post","link":"https:\/\/bibliotheque-sfpe-at.com\/index.php\/2025\/03\/27\/jeu-de-frontieres-chez-gerard-garouste-entre-discours-delire-et-creation\/","title":{"rendered":"Jeu de fronti\u00e8res chez G\u00e9rard Garouste : entre discours, d\u00e9lire et cr\u00e9ation"},"content":{"rendered":"\n<p class=\"has-text-align-left\"><\/p>\n\n\n\n<div class=\"wp-block-columns is-layout-flex wp-container-core-columns-is-layout-28f84493 wp-block-columns-is-layout-flex\">\n<div class=\"wp-block-column is-layout-flow wp-block-column-is-layout-flow\" style=\"flex-basis:66.66%\"><\/div>\n\n\n\n<div class=\"wp-block-column is-layout-flow wp-block-column-is-layout-flow\" style=\"flex-basis:33.33%\"><\/div>\n<\/div>\n\n\n\n<div class=\"wp-block-columns is-layout-flex wp-container-core-columns-is-layout-28f84493 wp-block-columns-is-layout-flex\">\n<div class=\"wp-block-column is-layout-flow wp-block-column-is-layout-flow\" style=\"flex-basis:66.66%\">\n<p>G\u00e9rard Garouste, dans son livre L\u2019Intranquille, nous invite \u00e0 cheminer dans son double parcours de peintre et de patient psychiatrique. Il y r\u00e9v\u00e8le tout un jeu de fronti\u00e8res dans l\u2019intime de sa vie psychique.<br>\u00ab Mes intuitions se changent vite en obsessions qui nourrissent ma peinture et ma folie. Il y a entre elles des fronti\u00e8res communes que je passe et repasse \u00bb, nous dit-il en commentant l\u2019aspect de refuge de ses acc\u00e8s d\u00e9lirants.<br>Avec Garouste, nous passons sans cesse de l\u2019insens\u00e9 du d\u00e9lire au sens du discours, de l\u2019impens\u00e9 du d\u00e9lire au discours talmudique, de l\u2019ex\u00e9g\u00e8se biblique \u00e0 la peinture.<br>Jeu de passe-passe de l\u2019un \u00e0 l\u2019autre, comme tentative pour se d\u00e9gager d\u2019un p\u00e8re encombrant et retrouver finalement le p\u00e8re en Abraham par une conversion au juda\u00efsme. Rejet d\u2019un p\u00e8re et d\u2019une \u00e9ducation catholiques pour rejoindre le p\u00e8re id\u00e9alis\u00e9, patriarche des religions monoth\u00e9istes. Fronti\u00e8res et r\u00e9conciliation des discours religieux, rassembl\u00e9s dans cette figure du patriarche, p\u00e8re de tous les p\u00e8res.<br>Failles de la schize entre le jeune Garouste et son double au magasin du p\u00e8re, entre le Classique et l\u2019Indien, entre les mondes inconciliables du p\u00e8re et de l\u2019improbable oncle Cassio.<br>Non sans un d\u00e9tour par les fronti\u00e8res du genre et du sexuel, o\u00f9 le discours se fait plus rare m\u00eame si l\u2019\u0153uvre donne \u00e0 voir\u2026<\/p>\n\n\n\n<p><strong><em>Pour lire le texte complet <a href=\"\/index.php\/options-dinscription\/\"><mark style=\"background-color:rgba(0, 0, 0, 0)\" class=\"has-inline-color has-vivid-cyan-blue-color\">s&rsquo;inscrire<\/mark><\/a> ou <a href=\"\/index.php\/my-account\/edit-account\/\"><mark style=\"background-color:rgba(0, 0, 0, 0)\" class=\"has-inline-color has-vivid-cyan-blue-color\">se connecter<\/mark><\/a><\/em><\/strong><\/p>\n\n\n\n\n\n<div style=\"height:100px\" aria-hidden=\"true\" class=\"wp-block-spacer\"><\/div>\n\n\n\n<div class=\"wp-block-buttons is-content-justification-center is-layout-flex wp-container-core-buttons-is-layout-a89b3969 wp-block-buttons-is-layout-flex\">\n<div class=\"wp-block-button has-custom-font-size has-small-font-size\"><a class=\"wp-block-button__link has-vivid-red-background-color has-background wp-element-button\" href=\"\/index.php\/2025\/03\/26\/frontieres-2\/\">&lt;&#8211; retour<\/a><\/div>\n<\/div>\n<\/div>\n\n\n\n<div class=\"wp-block-column is-layout-flow wp-block-column-is-layout-flow\" style=\"flex-basis:33.33%\">\n<figure class=\"wp-block-table\"><table class=\"has-background\" style=\"background-color:#f8f2f2\"><thead><tr><th><mark class=\"has-inline-color has-vivid-red-color\" style=\"background-color: rgba(0, 0, 0, 0);\"><strong>Auteur<\/strong><\/mark><\/th><\/tr><\/thead><tbody><tr><td><strong>Val\u00e9rie Deschamps<\/strong><\/td><\/tr><\/tbody><\/table><\/figure>\n\n\n\n<figure class=\"wp-block-table\"><table><thead><tr><th><mark class=\"has-inline-color has-vivid-red-color\" style=\"background-color: rgba(0, 0, 0, 0);\"><strong>R\u00e9f\u00e9rence<\/strong><\/mark><\/th><\/tr><\/thead><tbody><tr><td><strong>RA021-04<\/strong><br><strong>Fronti\u00e8res<\/strong><br>Journ\u00e9es de Automne 2023<\/td><\/tr><\/tbody><\/table><\/figure>\n\n\n\n<figure class=\"wp-block-table\"><table><thead><tr><th><mark class=\"has-inline-color has-vivid-red-color\" style=\"background-color: rgba(0, 0, 0, 0);\"><strong>Cat\u00e9gories<\/strong><\/mark><\/th><\/tr><\/thead><tbody><tr><td>Art<br>Psychiatrie<br>Psychanalyse<\/td><\/tr><\/tbody><\/table><\/figure>\n<\/div>\n<\/div>\n","protected":false},"excerpt":{"rendered":"<p>G\u00e9rard Garouste, dans son livre L\u2019Intranquille, nous invite \u00e0 cheminer dans son double parcours de peintre et de patient psychiatrique. Il y r\u00e9v\u00e8le tout un jeu de fronti\u00e8res dans l\u2019intime de sa vie psychique.\u00ab Mes intuitions se changent vite en obsessions qui nourrissent ma peinture et ma folie. Il y&hellip;<\/p>\n","protected":false},"author":2,"featured_media":0,"comment_status":"closed","ping_status":"open","sticky":false,"template":"","format":"standard","meta":{"pmpro_default_level":"","ngg_post_thumbnail":0,"footnotes":""},"categories":[93],"tags":[483,885,494,574,896],"class_list":["post-4895","post","type-post","status-publish","format-standard","hentry","category-deschamps-valerie","tag-art","tag-frontieres","tag-psychanalyse","tag-psychiatrie","tag-ra021-04","pmpro-has-access"],"_links":{"self":[{"href":"https:\/\/bibliotheque-sfpe-at.com\/index.php\/wp-json\/wp\/v2\/posts\/4895","targetHints":{"allow":["GET"]}}],"collection":[{"href":"https:\/\/bibliotheque-sfpe-at.com\/index.php\/wp-json\/wp\/v2\/posts"}],"about":[{"href":"https:\/\/bibliotheque-sfpe-at.com\/index.php\/wp-json\/wp\/v2\/types\/post"}],"author":[{"embeddable":true,"href":"https:\/\/bibliotheque-sfpe-at.com\/index.php\/wp-json\/wp\/v2\/users\/2"}],"replies":[{"embeddable":true,"href":"https:\/\/bibliotheque-sfpe-at.com\/index.php\/wp-json\/wp\/v2\/comments?post=4895"}],"version-history":[{"count":1,"href":"https:\/\/bibliotheque-sfpe-at.com\/index.php\/wp-json\/wp\/v2\/posts\/4895\/revisions"}],"predecessor-version":[{"id":4896,"href":"https:\/\/bibliotheque-sfpe-at.com\/index.php\/wp-json\/wp\/v2\/posts\/4895\/revisions\/4896"}],"wp:attachment":[{"href":"https:\/\/bibliotheque-sfpe-at.com\/index.php\/wp-json\/wp\/v2\/media?parent=4895"}],"wp:term":[{"taxonomy":"category","embeddable":true,"href":"https:\/\/bibliotheque-sfpe-at.com\/index.php\/wp-json\/wp\/v2\/categories?post=4895"},{"taxonomy":"post_tag","embeddable":true,"href":"https:\/\/bibliotheque-sfpe-at.com\/index.php\/wp-json\/wp\/v2\/tags?post=4895"}],"curies":[{"name":"wp","href":"https:\/\/api.w.org\/{rel}","templated":true}]}}