{"id":4900,"date":"2025-03-27T14:39:00","date_gmt":"2025-03-27T13:39:00","guid":{"rendered":"https:\/\/bibliotheque-sfpe-at.com\/?p=4900"},"modified":"2025-03-27T17:37:51","modified_gmt":"2025-03-27T16:37:51","slug":"au-dela-des-frontieres-experiences-hors-limite-en-art-et-passages-dans-lart-therapie","status":"publish","type":"post","link":"https:\/\/bibliotheque-sfpe-at.com\/index.php\/2025\/03\/27\/au-dela-des-frontieres-experiences-hors-limite-en-art-et-passages-dans-lart-therapie\/","title":{"rendered":"Au-del\u00e0 des fronti\u00e8res : exp\u00e9riences hors limite en art et passages dans l\u2019art-th\u00e9rapie"},"content":{"rendered":"\n<p class=\"has-text-align-left\"><\/p>\n\n\n\n<div class=\"wp-block-columns is-layout-flex wp-container-core-columns-is-layout-28f84493 wp-block-columns-is-layout-flex\">\n<div class=\"wp-block-column is-layout-flow wp-block-column-is-layout-flow\" style=\"flex-basis:66.66%\"><\/div>\n\n\n\n<div class=\"wp-block-column is-layout-flow wp-block-column-is-layout-flow\" style=\"flex-basis:33.33%\"><\/div>\n<\/div>\n\n\n\n<div class=\"wp-block-columns is-layout-flex wp-container-core-columns-is-layout-28f84493 wp-block-columns-is-layout-flex\">\n<div class=\"wp-block-column is-layout-flow wp-block-column-is-layout-flow\" style=\"flex-basis:66.66%\">\n<p>Dans les arts plastiques comme dans le champ de l\u2019art-th\u00e9rapie, certaines d\u00e9marches artistiques ou certaines productions nous confrontent \u00e0 ce qu\u2019on peut qualifier de \u00ab clinique des exp\u00e9riences exceptionnelles \u00bb (Thomas Rabeyron, 2020) ainsi qu\u2019\u00e0 une clinique singuli\u00e8re interrogeant les processus de symbolisation. Il n\u2019est pas rare que des artistes ayant v\u00e9cu des exp\u00e9riences qui les ont confront\u00e9s \u00e0 la souffrance physique ou psychique, \u00e0 l\u2019effondrement mental ou somatique, au risque de la mort, fondent ult\u00e9rieurement leur activit\u00e9 artistique sur ce v\u00e9cu qui les a amen\u00e9s au franchissement des fronti\u00e8res de l\u2019ordinaire. La notion de fronti\u00e8re se r\u00e9f\u00e8re \u00e0 un lieu qui d\u00e9marque des espaces h\u00e9t\u00e9rog\u00e8nes, mais elle est aussi d\u00e9finissable en termes de processus et d\u2019exp\u00e9rience psychiques (\u00ab fronti\u00e8re contact \u00bb, Fritz Perls), ou bien, symboliquement, comme enveloppe (Didier Anzieu) constituant des passages. Par exemple, du point de vue de l\u2019histoire de l\u2019art, la th\u00e9ologie de l\u2019ic\u00f4ne donne \u00e0 l\u2019image le r\u00f4le de permettre au croyant un acc\u00e8s \u00e0 l\u2019invisible. Autres exemples, du point de vue de la cr\u00e9ation, certains artistes ont cherch\u00e9 des franchissements au-del\u00e0 des fronti\u00e8res et hors des limites traditionnellement assign\u00e9es par l\u2019histoire de l\u2019art. Nous souhaiterions mettre en rapport et questionner les relations existantes entre certaines productions d\u2019artistes \u00ab m\u00e9dium \u00bb, ou bien de \u00ab m\u00e9dium \u00bb artistes, et divers processus de symbolisation dans la clinique en art-th\u00e9rapie.<\/p>\n\n\n\n<p><strong><em>Pour lire le texte complet <a href=\"\/index.php\/options-dinscription\/\"><mark style=\"background-color:rgba(0, 0, 0, 0)\" class=\"has-inline-color has-vivid-cyan-blue-color\">s&rsquo;inscrire<\/mark><\/a> ou <a href=\"\/index.php\/my-account\/edit-account\/\"><mark style=\"background-color:rgba(0, 0, 0, 0)\" class=\"has-inline-color has-vivid-cyan-blue-color\">se connecter<\/mark><\/a><\/em><\/strong><\/p>\n\n\n\n\n\n<div style=\"height:100px\" aria-hidden=\"true\" class=\"wp-block-spacer\"><\/div>\n\n\n\n<div class=\"wp-block-buttons is-content-justification-center is-layout-flex wp-container-core-buttons-is-layout-a89b3969 wp-block-buttons-is-layout-flex\">\n<div class=\"wp-block-button has-custom-font-size has-small-font-size\"><a class=\"wp-block-button__link has-vivid-red-background-color has-background wp-element-button\" href=\"\/index.php\/2025\/03\/26\/frontieres-2\/\">&lt;&#8211; retour<\/a><\/div>\n<\/div>\n<\/div>\n\n\n\n<div class=\"wp-block-column is-layout-flow wp-block-column-is-layout-flow\" style=\"flex-basis:33.33%\">\n<figure class=\"wp-block-table\"><table class=\"has-background\" style=\"background-color:#f8f2f2\"><thead><tr><th><mark class=\"has-inline-color has-vivid-red-color\" style=\"background-color: rgba(0, 0, 0, 0);\"><strong>Auteur<\/strong><\/mark><\/th><\/tr><\/thead><tbody><tr><td><strong>Dominique Sens<\/strong><\/td><\/tr><\/tbody><\/table><\/figure>\n\n\n\n<figure class=\"wp-block-table\"><table><thead><tr><th><mark class=\"has-inline-color has-vivid-red-color\" style=\"background-color: rgba(0, 0, 0, 0);\"><strong>R\u00e9f\u00e9rence<\/strong><\/mark><\/th><\/tr><\/thead><tbody><tr><td><strong>RA021-06<\/strong><br><strong>Fronti\u00e8res<\/strong><br>Journ\u00e9es de Automne 2023<\/td><\/tr><\/tbody><\/table><\/figure>\n\n\n\n<figure class=\"wp-block-table\"><table><thead><tr><th><mark class=\"has-inline-color has-vivid-red-color\" style=\"background-color: rgba(0, 0, 0, 0);\"><strong>Cat\u00e9gories<\/strong><\/mark><\/th><\/tr><\/thead><tbody><tr><td>Art-th\u00e9rapie<br>Psychopathologie de l\u2019expression<br>Modelage<br>Dessin<br>Cas clinique<\/td><\/tr><\/tbody><\/table><\/figure>\n<\/div>\n<\/div>\n","protected":false},"excerpt":{"rendered":"<p>Dans les arts plastiques comme dans le champ de l\u2019art-th\u00e9rapie, certaines d\u00e9marches artistiques ou certaines productions nous confrontent \u00e0 ce qu\u2019on peut qualifier de \u00ab clinique des exp\u00e9riences exceptionnelles \u00bb (Thomas Rabeyron, 2020) ainsi qu\u2019\u00e0 une clinique singuli\u00e8re interrogeant les processus de symbolisation. Il n\u2019est pas rare que des artistes&hellip;<\/p>\n","protected":false},"author":2,"featured_media":0,"comment_status":"closed","ping_status":"open","sticky":false,"template":"","format":"standard","meta":{"pmpro_default_level":"","ngg_post_thumbnail":0,"footnotes":""},"categories":[102],"tags":[492,508,493,885,506,488,898],"class_list":["post-4900","post","type-post","status-publish","format-standard","hentry","category-sens-dominique","tag-art-therapie","tag-dessin","tag-cas-clinique","tag-frontieres","tag-modelage","tag-psychopathologie-de-lexpression","tag-ra021-06","pmpro-has-access"],"_links":{"self":[{"href":"https:\/\/bibliotheque-sfpe-at.com\/index.php\/wp-json\/wp\/v2\/posts\/4900","targetHints":{"allow":["GET"]}}],"collection":[{"href":"https:\/\/bibliotheque-sfpe-at.com\/index.php\/wp-json\/wp\/v2\/posts"}],"about":[{"href":"https:\/\/bibliotheque-sfpe-at.com\/index.php\/wp-json\/wp\/v2\/types\/post"}],"author":[{"embeddable":true,"href":"https:\/\/bibliotheque-sfpe-at.com\/index.php\/wp-json\/wp\/v2\/users\/2"}],"replies":[{"embeddable":true,"href":"https:\/\/bibliotheque-sfpe-at.com\/index.php\/wp-json\/wp\/v2\/comments?post=4900"}],"version-history":[{"count":1,"href":"https:\/\/bibliotheque-sfpe-at.com\/index.php\/wp-json\/wp\/v2\/posts\/4900\/revisions"}],"predecessor-version":[{"id":4901,"href":"https:\/\/bibliotheque-sfpe-at.com\/index.php\/wp-json\/wp\/v2\/posts\/4900\/revisions\/4901"}],"wp:attachment":[{"href":"https:\/\/bibliotheque-sfpe-at.com\/index.php\/wp-json\/wp\/v2\/media?parent=4900"}],"wp:term":[{"taxonomy":"category","embeddable":true,"href":"https:\/\/bibliotheque-sfpe-at.com\/index.php\/wp-json\/wp\/v2\/categories?post=4900"},{"taxonomy":"post_tag","embeddable":true,"href":"https:\/\/bibliotheque-sfpe-at.com\/index.php\/wp-json\/wp\/v2\/tags?post=4900"}],"curies":[{"name":"wp","href":"https:\/\/api.w.org\/{rel}","templated":true}]}}