{"id":4904,"date":"2025-03-27T14:47:09","date_gmt":"2025-03-27T13:47:09","guid":{"rendered":"https:\/\/bibliotheque-sfpe-at.com\/?p=4904"},"modified":"2025-03-27T17:38:36","modified_gmt":"2025-03-27T16:38:36","slug":"orphee-de-cocteau-frontieres-de-la-creation","status":"publish","type":"post","link":"https:\/\/bibliotheque-sfpe-at.com\/index.php\/2025\/03\/27\/orphee-de-cocteau-frontieres-de-la-creation\/","title":{"rendered":"Orph\u00e9e de Cocteau, fronti\u00e8res de la cr\u00e9ation"},"content":{"rendered":"\n<p class=\"has-text-align-left\"><\/p>\n\n\n\n<div class=\"wp-block-columns is-layout-flex wp-container-core-columns-is-layout-28f84493 wp-block-columns-is-layout-flex\">\n<div class=\"wp-block-column is-layout-flow wp-block-column-is-layout-flow\" style=\"flex-basis:66.66%\"><\/div>\n\n\n\n<div class=\"wp-block-column is-layout-flow wp-block-column-is-layout-flow\" style=\"flex-basis:33.33%\"><\/div>\n<\/div>\n\n\n\n<div class=\"wp-block-columns is-layout-flex wp-container-core-columns-is-layout-28f84493 wp-block-columns-is-layout-flex\">\n<div class=\"wp-block-column is-layout-flow wp-block-column-is-layout-flow\" style=\"flex-basis:66.66%\">\n<p>Le cin\u00e9ma de Jean Cocteau, particuli\u00e8rement Orph\u00e9e, nous offre une perception et certainement une description de la question de la cr\u00e9ation au travers des fronti\u00e8res ou des limites qui se pr\u00e9sentent \u00e0 elle et qu\u2019elle produit.<br>Film Orph\u00e9e, film image du rite orphique o\u00f9 la Mort gouverne le corps de l\u2019artiste perdu en sa cr\u00e9ation, corps dont la Mort tombera amoureuse. Corps de ce rite qui est fait d\u2019une limite, d\u2019une fronti\u00e8re, d\u2019une travers\u00e9e.<br>Limite du miroir, fronti\u00e8re du n\u00e9ant, travers\u00e9e du r\u00e9el.<br>Cocteau explore, par son personnage Orph\u00e9e, ce qui est infini et fini dans la cr\u00e9ation. Qu\u2019est-ce qui est de l\u2019ordre du fini et de l\u2019infini en cr\u00e9ation ? Fronti\u00e8re entre les deux, faite d\u2019inversion mais non de diff\u00e9rence.<br>La Mort par Cocteau laisse la vie \u00e0 Orph\u00e9e, lui laisse la vue, repousse cette fronti\u00e8re dans la fonction haptique de l\u2019art o\u00f9 les corps \u00e9teints se rel\u00e8vent pour exister en reflets infinis de la mort et du vivant. Se retourner sur ces corps pour ne voir que leur apparence ferait dispara\u00eetre cette cr\u00e9ation, ferait dispara\u00eetre cette limite de la cr\u00e9ation par laquelle elle existe.<br>Comme support \u00e0 notre \u00e9tude, nous prendrons principalement des \u0153uvres \u00e0 l\u2019art statuaire dont les surfaces sont les limites, les fronti\u00e8res de la cr\u00e9ation, entre l\u2019informe ou l\u2019inconnu et les pans de v\u00e9rit\u00e9 de la mati\u00e8re, du corps.<\/p>\n\n\n\n<p><strong><em>Pour lire le texte complet <a href=\"\/index.php\/options-dinscription\/\"><mark style=\"background-color:rgba(0, 0, 0, 0)\" class=\"has-inline-color has-vivid-cyan-blue-color\">s&rsquo;inscrire<\/mark><\/a> ou <a href=\"\/index.php\/my-account\/edit-account\/\"><mark style=\"background-color:rgba(0, 0, 0, 0)\" class=\"has-inline-color has-vivid-cyan-blue-color\">se connecter<\/mark><\/a><\/em><\/strong><\/p>\n\n\n\n\n\n<div style=\"height:100px\" aria-hidden=\"true\" class=\"wp-block-spacer\"><\/div>\n\n\n\n<div class=\"wp-block-buttons is-content-justification-center is-layout-flex wp-container-core-buttons-is-layout-a89b3969 wp-block-buttons-is-layout-flex\">\n<div class=\"wp-block-button has-custom-font-size has-small-font-size\"><a class=\"wp-block-button__link has-vivid-red-background-color has-background wp-element-button\" href=\"\/index.php\/2025\/03\/26\/frontieres-2\/\">&lt;&#8211; retour<\/a><\/div>\n<\/div>\n<\/div>\n\n\n\n<div class=\"wp-block-column is-layout-flow wp-block-column-is-layout-flow\" style=\"flex-basis:33.33%\">\n<figure class=\"wp-block-table\"><table class=\"has-background\" style=\"background-color:#f8f2f2\"><thead><tr><th><mark class=\"has-inline-color has-vivid-red-color\" style=\"background-color: rgba(0, 0, 0, 0);\"><strong>Auteur<\/strong><\/mark><\/th><\/tr><\/thead><tbody><tr><td><strong>Olivier Saint-Pierre<\/strong><\/td><\/tr><\/tbody><\/table><\/figure>\n\n\n\n<figure class=\"wp-block-table\"><table><thead><tr><th><mark class=\"has-inline-color has-vivid-red-color\" style=\"background-color: rgba(0, 0, 0, 0);\"><strong>R\u00e9f\u00e9rence<\/strong><\/mark><\/th><\/tr><\/thead><tbody><tr><td><strong>RA021-08<\/strong><br><strong>Fronti\u00e8res<\/strong><br>Journ\u00e9es de Automne 2023<\/td><\/tr><\/tbody><\/table><\/figure>\n\n\n\n<figure class=\"wp-block-table\"><table><thead><tr><th><mark class=\"has-inline-color has-vivid-red-color\" style=\"background-color: rgba(0, 0, 0, 0);\"><strong>Cat\u00e9gories<\/strong><\/mark><\/th><\/tr><\/thead><tbody><tr><td>Sculpture<br>Art-th\u00e9rapie<br>Esth\u00e9tique<br>Cin\u00e9ma<\/td><\/tr><\/tbody><\/table><\/figure>\n<\/div>\n<\/div>\n","protected":false},"excerpt":{"rendered":"<p>Le cin\u00e9ma de Jean Cocteau, particuli\u00e8rement Orph\u00e9e, nous offre une perception et certainement une description de la question de la cr\u00e9ation au travers des fronti\u00e8res ou des limites qui se pr\u00e9sentent \u00e0 elle et qu\u2019elle produit.Film Orph\u00e9e, film image du rite orphique o\u00f9 la Mort gouverne le corps de l\u2019artiste&hellip;<\/p>\n","protected":false},"author":2,"featured_media":0,"comment_status":"closed","ping_status":"open","sticky":false,"template":"","format":"standard","meta":{"pmpro_default_level":"","ngg_post_thumbnail":0,"footnotes":""},"categories":[95],"tags":[492,510,491,885,900,495],"class_list":["post-4904","post","type-post","status-publish","format-standard","hentry","category-saint-pierre-olivier","tag-art-therapie","tag-cinema","tag-esthetique","tag-frontieres","tag-ra021-08","tag-sculpture","pmpro-has-access"],"_links":{"self":[{"href":"https:\/\/bibliotheque-sfpe-at.com\/index.php\/wp-json\/wp\/v2\/posts\/4904","targetHints":{"allow":["GET"]}}],"collection":[{"href":"https:\/\/bibliotheque-sfpe-at.com\/index.php\/wp-json\/wp\/v2\/posts"}],"about":[{"href":"https:\/\/bibliotheque-sfpe-at.com\/index.php\/wp-json\/wp\/v2\/types\/post"}],"author":[{"embeddable":true,"href":"https:\/\/bibliotheque-sfpe-at.com\/index.php\/wp-json\/wp\/v2\/users\/2"}],"replies":[{"embeddable":true,"href":"https:\/\/bibliotheque-sfpe-at.com\/index.php\/wp-json\/wp\/v2\/comments?post=4904"}],"version-history":[{"count":1,"href":"https:\/\/bibliotheque-sfpe-at.com\/index.php\/wp-json\/wp\/v2\/posts\/4904\/revisions"}],"predecessor-version":[{"id":4905,"href":"https:\/\/bibliotheque-sfpe-at.com\/index.php\/wp-json\/wp\/v2\/posts\/4904\/revisions\/4905"}],"wp:attachment":[{"href":"https:\/\/bibliotheque-sfpe-at.com\/index.php\/wp-json\/wp\/v2\/media?parent=4904"}],"wp:term":[{"taxonomy":"category","embeddable":true,"href":"https:\/\/bibliotheque-sfpe-at.com\/index.php\/wp-json\/wp\/v2\/categories?post=4904"},{"taxonomy":"post_tag","embeddable":true,"href":"https:\/\/bibliotheque-sfpe-at.com\/index.php\/wp-json\/wp\/v2\/tags?post=4904"}],"curies":[{"name":"wp","href":"https:\/\/api.w.org\/{rel}","templated":true}]}}