{"id":4906,"date":"2025-03-27T14:49:27","date_gmt":"2025-03-27T13:49:27","guid":{"rendered":"https:\/\/bibliotheque-sfpe-at.com\/?p=4906"},"modified":"2025-03-27T17:38:55","modified_gmt":"2025-03-27T16:38:55","slug":"au-dela-des-frontieres-brancusi-et-zao-wou-ki","status":"publish","type":"post","link":"https:\/\/bibliotheque-sfpe-at.com\/index.php\/2025\/03\/27\/au-dela-des-frontieres-brancusi-et-zao-wou-ki\/","title":{"rendered":"Au-del\u00e0 des fronti\u00e8res\u00a0: Brancusi et Zao Wou-Ki"},"content":{"rendered":"\n<p class=\"has-text-align-left\"><\/p>\n\n\n\n<div class=\"wp-block-columns is-layout-flex wp-container-core-columns-is-layout-28f84493 wp-block-columns-is-layout-flex\">\n<div class=\"wp-block-column is-layout-flow wp-block-column-is-layout-flow\" style=\"flex-basis:66.66%\"><\/div>\n\n\n\n<div class=\"wp-block-column is-layout-flow wp-block-column-is-layout-flow\" style=\"flex-basis:33.33%\"><\/div>\n<\/div>\n\n\n\n<div class=\"wp-block-columns is-layout-flex wp-container-core-columns-is-layout-28f84493 wp-block-columns-is-layout-flex\">\n<div class=\"wp-block-column is-layout-flow wp-block-column-is-layout-flow\" style=\"flex-basis:66.66%\">\n<p>\u00ab L\u2019Homme ne se construit qu\u2019en poursuivant ce qui le d\u00e9passe \u00bb, disait Andr\u00e9 Malraux, comme si une fronti\u00e8re, une limite pos\u00e9e (toute protectrice ou gage d\u2019identit\u00e9 qu\u2019elle puisse \u00eatre), n\u2019avait d\u2019int\u00e9r\u00eat que si elle \u00e9tait transgress\u00e9e.<br>Deux artistes du XX \u0364 si\u00e8cle, Brancusi et Zao Wou-Ki, l\u2019un sculpteur et l\u2019autre peintre, ont su franchir leurs fronti\u00e8res natales de Roumanie et de Chine. En s\u2019affranchissant de leurs origines traditionnelles aust\u00e8res pour d\u2019autres horizons, ils se sont nourris et enrichis de cultures totalement diff\u00e9rentes.<br>Fronti\u00e8res g\u00e9ographiques ext\u00e9rieures certes, mais aussi fronti\u00e8res individuelles int\u00e9rieures. Car ces deux artistes ont \u00e9galement franchi leurs d\u00e9fenses personnelles \u2014 r\u00e9sistances psychologiques internes \u2014, aid\u00e9s par la philosophie tao\u00efste \u00e0 laquelle ils ont adh\u00e9r\u00e9 un moment. Leur art a ainsi \u00e9volu\u00e9 vers une forme de transcendance, \u00e0 savoir retrouver l\u2019essence des choses, intemporelle et universelle, voire spirituelle. Ils sont all\u00e9s au-del\u00e0 du signe, dilatant les fronti\u00e8res vers le monde de l\u2019espace et du silence.<br>Ainsi, en parcourant le monde, ces repr\u00e9sentants de l\u2019art moderne ont parall\u00e8lement et paradoxalement \u00e9pur\u00e9 leur art, d\u00e9pouillant leur expressivit\u00e9 artistique pour un art innovant qualifi\u00e9 d\u2019abstrait.<br>Des \u0153uvres embl\u00e9matiques illustrent l\u2019\u00e9volution progressive de chacun vers cet art sublim\u00e9 : la s\u00e9rie du Vol chez Brancusi et celle du Vent chez Zao Wou-Ki prenant ainsi le support de l\u2019oiseau et du souffle, \u00e9l\u00e9ments qui eux se jouent d\u00e9lib\u00e9r\u00e9ment des fronti\u00e8res depuis la nuit des temps.<\/p>\n\n\n\n<p><strong><em>Pour lire le texte complet <a href=\"\/index.php\/options-dinscription\/\"><mark style=\"background-color:rgba(0, 0, 0, 0)\" class=\"has-inline-color has-vivid-cyan-blue-color\">s&rsquo;inscrire<\/mark><\/a> ou <a href=\"\/index.php\/my-account\/edit-account\/\"><mark style=\"background-color:rgba(0, 0, 0, 0)\" class=\"has-inline-color has-vivid-cyan-blue-color\">se connecter<\/mark><\/a><\/em><\/strong><\/p>\n\n\n\n\n\n<div style=\"height:100px\" aria-hidden=\"true\" class=\"wp-block-spacer\"><\/div>\n\n\n\n<div class=\"wp-block-buttons is-content-justification-center is-layout-flex wp-container-core-buttons-is-layout-a89b3969 wp-block-buttons-is-layout-flex\">\n<div class=\"wp-block-button has-custom-font-size has-small-font-size\"><a class=\"wp-block-button__link has-vivid-red-background-color has-background wp-element-button\" href=\"\/index.php\/2025\/03\/26\/frontieres-2\/\">&lt;&#8211; retour<\/a><\/div>\n<\/div>\n<\/div>\n\n\n\n<div class=\"wp-block-column is-layout-flow wp-block-column-is-layout-flow\" style=\"flex-basis:33.33%\">\n<figure class=\"wp-block-table\"><table class=\"has-background\" style=\"background-color:#f8f2f2\"><thead><tr><th><mark class=\"has-inline-color has-vivid-red-color\" style=\"background-color: rgba(0, 0, 0, 0);\"><strong>Auteur<\/strong><\/mark><\/th><\/tr><\/thead><tbody><tr><td><strong>Ghislaine Reillanne<\/strong><\/td><\/tr><\/tbody><\/table><\/figure>\n\n\n\n<figure class=\"wp-block-table\"><table><thead><tr><th><mark class=\"has-inline-color has-vivid-red-color\" style=\"background-color: rgba(0, 0, 0, 0);\"><strong>R\u00e9f\u00e9rence<\/strong><\/mark><\/th><\/tr><\/thead><tbody><tr><td><strong>RA021-10<\/strong><br><strong>Fronti\u00e8res<\/strong><br>Journ\u00e9es de Automne 2023<\/td><\/tr><\/tbody><\/table><\/figure>\n\n\n\n<figure class=\"wp-block-table\"><table><thead><tr><th><mark class=\"has-inline-color has-vivid-red-color\" style=\"background-color: rgba(0, 0, 0, 0);\"><strong>Cat\u00e9gories<\/strong><\/mark><\/th><\/tr><\/thead><tbody><tr><td>Ph\u00e9nom\u00e9nologie<br>Art<br>Sculpture<br>Peinture<\/td><\/tr><\/tbody><\/table><\/figure>\n<\/div>\n<\/div>\n","protected":false},"excerpt":{"rendered":"<p>\u00ab L\u2019Homme ne se construit qu\u2019en poursuivant ce qui le d\u00e9passe \u00bb, disait Andr\u00e9 Malraux, comme si une fronti\u00e8re, une limite pos\u00e9e (toute protectrice ou gage d\u2019identit\u00e9 qu\u2019elle puisse \u00eatre), n\u2019avait d\u2019int\u00e9r\u00eat que si elle \u00e9tait transgress\u00e9e.Deux artistes du XX \u0364 si\u00e8cle, Brancusi et Zao Wou-Ki, l\u2019un sculpteur et l\u2019autre&hellip;<\/p>\n","protected":false},"author":2,"featured_media":0,"comment_status":"closed","ping_status":"open","sticky":false,"template":"","format":"standard","meta":{"pmpro_default_level":"","ngg_post_thumbnail":0,"footnotes":""},"categories":[91],"tags":[483,885,484,486,901,495],"class_list":["post-4906","post","type-post","status-publish","format-standard","hentry","category-reillanne-ghislaine","tag-art","tag-frontieres","tag-peinture","tag-phenomenologie","tag-ra021-10","tag-sculpture","pmpro-has-access"],"_links":{"self":[{"href":"https:\/\/bibliotheque-sfpe-at.com\/index.php\/wp-json\/wp\/v2\/posts\/4906","targetHints":{"allow":["GET"]}}],"collection":[{"href":"https:\/\/bibliotheque-sfpe-at.com\/index.php\/wp-json\/wp\/v2\/posts"}],"about":[{"href":"https:\/\/bibliotheque-sfpe-at.com\/index.php\/wp-json\/wp\/v2\/types\/post"}],"author":[{"embeddable":true,"href":"https:\/\/bibliotheque-sfpe-at.com\/index.php\/wp-json\/wp\/v2\/users\/2"}],"replies":[{"embeddable":true,"href":"https:\/\/bibliotheque-sfpe-at.com\/index.php\/wp-json\/wp\/v2\/comments?post=4906"}],"version-history":[{"count":1,"href":"https:\/\/bibliotheque-sfpe-at.com\/index.php\/wp-json\/wp\/v2\/posts\/4906\/revisions"}],"predecessor-version":[{"id":4907,"href":"https:\/\/bibliotheque-sfpe-at.com\/index.php\/wp-json\/wp\/v2\/posts\/4906\/revisions\/4907"}],"wp:attachment":[{"href":"https:\/\/bibliotheque-sfpe-at.com\/index.php\/wp-json\/wp\/v2\/media?parent=4906"}],"wp:term":[{"taxonomy":"category","embeddable":true,"href":"https:\/\/bibliotheque-sfpe-at.com\/index.php\/wp-json\/wp\/v2\/categories?post=4906"},{"taxonomy":"post_tag","embeddable":true,"href":"https:\/\/bibliotheque-sfpe-at.com\/index.php\/wp-json\/wp\/v2\/tags?post=4906"}],"curies":[{"name":"wp","href":"https:\/\/api.w.org\/{rel}","templated":true}]}}