{"id":4917,"date":"2025-03-27T15:12:44","date_gmt":"2025-03-27T14:12:44","guid":{"rendered":"https:\/\/bibliotheque-sfpe-at.com\/?p=4917"},"modified":"2025-03-27T17:39:46","modified_gmt":"2025-03-27T16:39:46","slug":"letoffe-des-passeurs-soigne-le-mal-des-frontieres","status":"publish","type":"post","link":"https:\/\/bibliotheque-sfpe-at.com\/index.php\/2025\/03\/27\/letoffe-des-passeurs-soigne-le-mal-des-frontieres\/","title":{"rendered":"L\u2019\u00e9toffe des passeurs soigne le mal des fronti\u00e8res"},"content":{"rendered":"\n<p class=\"has-text-align-left\"><\/p>\n\n\n\n<div class=\"wp-block-columns is-layout-flex wp-container-core-columns-is-layout-28f84493 wp-block-columns-is-layout-flex\">\n<div class=\"wp-block-column is-layout-flow wp-block-column-is-layout-flow\" style=\"flex-basis:66.66%\"><\/div>\n\n\n\n<div class=\"wp-block-column is-layout-flow wp-block-column-is-layout-flow\" style=\"flex-basis:33.33%\"><\/div>\n<\/div>\n\n\n\n<div class=\"wp-block-columns is-layout-flex wp-container-core-columns-is-layout-28f84493 wp-block-columns-is-layout-flex\">\n<div class=\"wp-block-column is-layout-flow wp-block-column-is-layout-flow\" style=\"flex-basis:66.66%\">\n<p>Ceci n\u2019est pas un mot de passe, mais le pas th\u00e9tique que je risque, non \u00e0 partir d\u2019une carte, mais en revenant sur mon paysage frontalier catalan. Non moins pr\u00e9gnante que les attachements d\u2019enfance et le conflit \u0153dipien, chacun reste marqu\u00e9 par la lumi\u00e8re de l\u2019\u00e9t\u00e9 de sa jeunesse, quand traversant une fronti\u00e8re le passant peut se transformer en passeur. Entre la lisi\u00e8re frontali\u00e8re que je quitte et l\u2019horizon, comme un corps nu, je vois le paysage. Les neuf portes du corps n\u2019intimident pas les contrebandiers et les neuf fonctions du Moi-peau (Didier Anzieu) convoquent le soin des passeurs : artistes, th\u00e9rapeutes\u2026 Je parlerai de l\u2019\u00e9toffe des h\u00e9rauts (savoir-faire des mati\u00e8res et force de caract\u00e8re). Entre 1936 et 1945, les fronti\u00e8res nationales vont \u00eatre d\u00e9chir\u00e9es ainsi que les populations. Catalans natifs de part et d\u2019autre de la fronti\u00e8re, Henri Ey et Frans\u00e7ois Tosquelles vont \u00eatre les passeurs d\u2019une psychopathologie dynamique et humaniste capable de penser des traits d\u2019union entre les dynamiques du corps, de l\u2019inconscient, de l\u2019existence et de l\u2019institution. J\u2019\u00e9voquerai les deux faces du mal des fronti\u00e8res : l\u2019une naus\u00e9euse et meurtrie (r\u00e9fugi\u00e9s de la Retirada, mort d\u2019Antonio Machado \u00e0 Collioure et celle de Walter Benjamin \u00e0 Cerb\u00e8re), l\u2019autre est celle des ivresses de l\u2019\u00e9t\u00e9 qui balaient les fronti\u00e8res sexuelles, culturelles, g\u00e9n\u00e9rationnelles, l\u00e0 o\u00f9 aucun schibboleth ne peut servir \u00e0 condamner l\u2019autre. Salvador Dal\u00ed fut \u00e9bloui par Portlligat, et la ronde surr\u00e9aliste de Picasso-Dora Maar, Paul Eluard-Nush, ManRay-Ady, Penrose-Lee Miller se transporta L\u2019\u00c9t\u00e9 \u00e0 la Garoupe pour la derni\u00e8re fois.<\/p>\n\n\n\n<p><strong><em>Pour lire le texte complet <a href=\"\/index.php\/options-dinscription\/\"><mark style=\"background-color:rgba(0, 0, 0, 0)\" class=\"has-inline-color has-vivid-cyan-blue-color\">s&rsquo;inscrire<\/mark><\/a> ou <a href=\"\/index.php\/my-account\/edit-account\/\"><mark style=\"background-color:rgba(0, 0, 0, 0)\" class=\"has-inline-color has-vivid-cyan-blue-color\">se connecter<\/mark><\/a><\/em><\/strong><\/p>\n\n\n\n\n\n<div style=\"height:100px\" aria-hidden=\"true\" class=\"wp-block-spacer\"><\/div>\n\n\n\n<div class=\"wp-block-buttons is-content-justification-center is-layout-flex wp-container-core-buttons-is-layout-a89b3969 wp-block-buttons-is-layout-flex\">\n<div class=\"wp-block-button has-custom-font-size has-small-font-size\"><a class=\"wp-block-button__link has-vivid-red-background-color has-background wp-element-button\" href=\"\/index.php\/2025\/03\/26\/frontieres-2\/\">&lt;&#8211; retour<\/a><\/div>\n<\/div>\n<\/div>\n\n\n\n<div class=\"wp-block-column is-layout-flow wp-block-column-is-layout-flow\" style=\"flex-basis:33.33%\">\n<figure class=\"wp-block-table\"><table class=\"has-background\" style=\"background-color:#f8f2f2\"><thead><tr><th><mark class=\"has-inline-color has-vivid-red-color\" style=\"background-color: rgba(0, 0, 0, 0);\"><strong>Auteur<\/strong><\/mark><\/th><\/tr><\/thead><tbody><tr><td><strong>Jean-Pierre Martineau<\/strong><\/td><\/tr><\/tbody><\/table><\/figure>\n\n\n\n<figure class=\"wp-block-table\"><table><thead><tr><th><mark class=\"has-inline-color has-vivid-red-color\" style=\"background-color: rgba(0, 0, 0, 0);\"><strong>R\u00e9f\u00e9rence<\/strong><\/mark><\/th><\/tr><\/thead><tbody><tr><td><strong>RA021-14<\/strong><br><strong>Fronti\u00e8res<\/strong><br>Journ\u00e9es de Automne 2023<\/td><\/tr><\/tbody><\/table><\/figure>\n\n\n\n<figure class=\"wp-block-table\"><table><thead><tr><th><mark class=\"has-inline-color has-vivid-red-color\" style=\"background-color: rgba(0, 0, 0, 0);\"><strong>Cat\u00e9gories<\/strong><\/mark><\/th><\/tr><\/thead><tbody><tr><td>Psychiatrie<br>Litt\u00e9rature<br>Adolescence<\/td><\/tr><\/tbody><\/table><\/figure>\n<\/div>\n<\/div>\n","protected":false},"excerpt":{"rendered":"<p>Ceci n\u2019est pas un mot de passe, mais le pas th\u00e9tique que je risque, non \u00e0 partir d\u2019une carte, mais en revenant sur mon paysage frontalier catalan. Non moins pr\u00e9gnante que les attachements d\u2019enfance et le conflit \u0153dipien, chacun reste marqu\u00e9 par la lumi\u00e8re de l\u2019\u00e9t\u00e9 de sa jeunesse, quand&hellip;<\/p>\n","protected":false},"author":2,"featured_media":0,"comment_status":"closed","ping_status":"open","sticky":false,"template":"","format":"standard","meta":{"pmpro_default_level":"","ngg_post_thumbnail":0,"footnotes":""},"categories":[41],"tags":[548,885,509,574,905],"class_list":["post-4917","post","type-post","status-publish","format-standard","hentry","category-martineau-jean-pierre","tag-adolescence","tag-frontieres","tag-litterature","tag-psychiatrie","tag-ra021-14","pmpro-has-access"],"_links":{"self":[{"href":"https:\/\/bibliotheque-sfpe-at.com\/index.php\/wp-json\/wp\/v2\/posts\/4917","targetHints":{"allow":["GET"]}}],"collection":[{"href":"https:\/\/bibliotheque-sfpe-at.com\/index.php\/wp-json\/wp\/v2\/posts"}],"about":[{"href":"https:\/\/bibliotheque-sfpe-at.com\/index.php\/wp-json\/wp\/v2\/types\/post"}],"author":[{"embeddable":true,"href":"https:\/\/bibliotheque-sfpe-at.com\/index.php\/wp-json\/wp\/v2\/users\/2"}],"replies":[{"embeddable":true,"href":"https:\/\/bibliotheque-sfpe-at.com\/index.php\/wp-json\/wp\/v2\/comments?post=4917"}],"version-history":[{"count":1,"href":"https:\/\/bibliotheque-sfpe-at.com\/index.php\/wp-json\/wp\/v2\/posts\/4917\/revisions"}],"predecessor-version":[{"id":4918,"href":"https:\/\/bibliotheque-sfpe-at.com\/index.php\/wp-json\/wp\/v2\/posts\/4917\/revisions\/4918"}],"wp:attachment":[{"href":"https:\/\/bibliotheque-sfpe-at.com\/index.php\/wp-json\/wp\/v2\/media?parent=4917"}],"wp:term":[{"taxonomy":"category","embeddable":true,"href":"https:\/\/bibliotheque-sfpe-at.com\/index.php\/wp-json\/wp\/v2\/categories?post=4917"},{"taxonomy":"post_tag","embeddable":true,"href":"https:\/\/bibliotheque-sfpe-at.com\/index.php\/wp-json\/wp\/v2\/tags?post=4917"}],"curies":[{"name":"wp","href":"https:\/\/api.w.org\/{rel}","templated":true}]}}