{"id":4919,"date":"2025-03-27T16:30:21","date_gmt":"2025-03-27T15:30:21","guid":{"rendered":"https:\/\/bibliotheque-sfpe-at.com\/?p=4919"},"modified":"2025-03-27T17:39:55","modified_gmt":"2025-03-27T16:39:55","slug":"la-ville-machine-a-rever-lerrant","status":"publish","type":"post","link":"https:\/\/bibliotheque-sfpe-at.com\/index.php\/2025\/03\/27\/la-ville-machine-a-rever-lerrant\/","title":{"rendered":"La ville, machine \u00e0 r\u00eaver l\u2019errant"},"content":{"rendered":"\n<p class=\"has-text-align-left\"><\/p>\n\n\n\n<div class=\"wp-block-columns is-layout-flex wp-container-core-columns-is-layout-28f84493 wp-block-columns-is-layout-flex\">\n<div class=\"wp-block-column is-layout-flow wp-block-column-is-layout-flow\" style=\"flex-basis:66.66%\"><\/div>\n\n\n\n<div class=\"wp-block-column is-layout-flow wp-block-column-is-layout-flow\" style=\"flex-basis:33.33%\"><\/div>\n<\/div>\n\n\n\n<div class=\"wp-block-columns is-layout-flex wp-container-core-columns-is-layout-28f84493 wp-block-columns-is-layout-flex\">\n<div class=\"wp-block-column is-layout-flow wp-block-column-is-layout-flow\" style=\"flex-basis:66.66%\">\n<p>La vie \u00e0 la rue est installation dans les marges et les flux (par exemple sur le talus du p\u00e9riph\u00e9rique, sur le banc d\u2019une gare). Tentative d\u2019une mise en pr\u00e9sence aux effets paradoxaux de l\u2019autre au risque de la pente d\u00e9symbolisante menant parfois jusqu\u2019aux ph\u00e9nom\u00e8nes les plus extr\u00eames d\u2019auto-exclusion (Furtos).<\/p>\n\n\n\n<p>Celle-ci nous semble \u00eatre l\u2019\u00e9chec d\u2019un processus en cours dans l\u2019errance (\u00ab&nbsp;des-errance&nbsp;\u00bb), tentative de r\u00e9cr\u00e9er du lieu propre, un espace pouvant accueillir le sujet jet\u00e9 dans l\u2019espace indiff\u00e9renci\u00e9 et souvent hostile de la m\u00e9tropole.<\/p>\n\n\n\n<p>Ainsi, les pratiques de rue (la manche, la marche, le glanage, les installations, etc.) rel\u00e8vent d\u2019un cheminement du sujet dans l\u2019espace urbain, tracent des lignes, jalonnent de rep\u00e8res&nbsp;; milieu libre \u00e0 la recherche de son langage (Deligny, Perret). Des agencements machiniques de \u00ab&nbsp;l\u2019objet&nbsp;\u00bb s\u2019y forment&nbsp;: d\u00e9p\u00f4t de restes psychiques en exc\u00e8s auquel \u00ab&nbsp;r\u00e9pond&nbsp;\u00bb la ville \u00e0 travers les signes qu\u2019elle \u00e9met et qui sont r\u00e9colt\u00e9s en retour (r\u00e9actions des passants \u00e0 la manche, rencontres impromptues dans des \u00e9tats parfois proches du d\u00e9mant\u00e8lement, par les objets, les exp\u00e9dients permettant l\u2019installation, qualit\u00e9 d\u2019un travailleur social ou encore flux des \u00e9changes). La ville r\u00eave ainsi l\u2019errant, r\u00eaverie transformatrice d\u2019un territoire bricol\u00e9 de traits pr\u00e9lev\u00e9s sur des humains et des non-humains.<\/p>\n\n\n\n<p>Une approche cartographique porte alors une attention particuli\u00e8re aux ambiances, \u00e0 la sensorialit\u00e9, aux marques jalonnant ces espaces fragment\u00e9s soucieux d\u2019y introduire des \u00e9l\u00e9ments de continuit\u00e9, de permanence ou de nouvelles connexions (associations dans les conversations, greffes d\u2019espaces, y compris par des accompagnements physiques).<\/p>\n\n\n\n<p><strong><em>Pour lire le texte complet <a href=\"\/index.php\/options-dinscription\/\"><mark style=\"background-color:rgba(0, 0, 0, 0)\" class=\"has-inline-color has-vivid-cyan-blue-color\">s&rsquo;inscrire<\/mark><\/a> ou <a href=\"\/index.php\/my-account\/edit-account\/\"><mark style=\"background-color:rgba(0, 0, 0, 0)\" class=\"has-inline-color has-vivid-cyan-blue-color\">se connecter<\/mark><\/a><\/em><\/strong><\/p>\n\n\n\n\n\n<div style=\"height:100px\" aria-hidden=\"true\" class=\"wp-block-spacer\"><\/div>\n\n\n\n<div class=\"wp-block-buttons is-content-justification-center is-layout-flex wp-container-core-buttons-is-layout-a89b3969 wp-block-buttons-is-layout-flex\">\n<div class=\"wp-block-button has-custom-font-size has-small-font-size\"><a class=\"wp-block-button__link has-vivid-red-background-color has-background wp-element-button\" href=\"\/index.php\/2025\/03\/26\/frontieres-2\/\">&lt;&#8211; retour<\/a><\/div>\n<\/div>\n<\/div>\n\n\n\n<div class=\"wp-block-column is-layout-flow wp-block-column-is-layout-flow\" style=\"flex-basis:33.33%\">\n<figure class=\"wp-block-table\"><table class=\"has-background\" style=\"background-color:#f8f2f2\"><thead><tr><th><mark class=\"has-inline-color has-vivid-red-color\" style=\"background-color: rgba(0, 0, 0, 0);\"><strong>Auteur<\/strong><\/mark><\/th><\/tr><\/thead><tbody><tr><td><strong><strong>Claude Pawlik<\/strong><\/strong><\/td><\/tr><\/tbody><\/table><\/figure>\n\n\n\n<figure class=\"wp-block-table\"><table><thead><tr><th><mark class=\"has-inline-color has-vivid-red-color\" style=\"background-color: rgba(0, 0, 0, 0);\"><strong>R\u00e9f\u00e9rence<\/strong><\/mark><\/th><\/tr><\/thead><tbody><tr><td><strong>RA021-15<\/strong><br><strong>Fronti\u00e8res<\/strong><br>Journ\u00e9es de Automne 2023<\/td><\/tr><\/tbody><\/table><\/figure>\n\n\n\n<figure class=\"wp-block-table\"><table><thead><tr><th><mark class=\"has-inline-color has-vivid-red-color\" style=\"background-color: rgba(0, 0, 0, 0);\"><strong>Cat\u00e9gories<\/strong><\/mark><\/th><\/tr><\/thead><tbody><tr><td>Psychologie<br>Architecture<br>Cas clinique<\/td><\/tr><\/tbody><\/table><\/figure>\n<\/div>\n<\/div>\n","protected":false},"excerpt":{"rendered":"<p>La vie \u00e0 la rue est installation dans les marges et les flux (par exemple sur le talus du p\u00e9riph\u00e9rique, sur le banc d\u2019une gare). Tentative d\u2019une mise en pr\u00e9sence aux effets paradoxaux de l\u2019autre au risque de la pente d\u00e9symbolisante menant parfois jusqu\u2019aux ph\u00e9nom\u00e8nes les plus extr\u00eames d\u2019auto-exclusion (Furtos).&hellip;<\/p>\n","protected":false},"author":2,"featured_media":0,"comment_status":"closed","ping_status":"open","sticky":false,"template":"","format":"standard","meta":{"pmpro_default_level":"","ngg_post_thumbnail":0,"footnotes":""},"categories":[889],"tags":[513,493,885,498,906],"class_list":["post-4919","post","type-post","status-publish","format-standard","hentry","category-pawlik-claude","tag-architecture","tag-cas-clinique","tag-frontieres","tag-psychologie","tag-ra021-15","pmpro-has-access"],"_links":{"self":[{"href":"https:\/\/bibliotheque-sfpe-at.com\/index.php\/wp-json\/wp\/v2\/posts\/4919","targetHints":{"allow":["GET"]}}],"collection":[{"href":"https:\/\/bibliotheque-sfpe-at.com\/index.php\/wp-json\/wp\/v2\/posts"}],"about":[{"href":"https:\/\/bibliotheque-sfpe-at.com\/index.php\/wp-json\/wp\/v2\/types\/post"}],"author":[{"embeddable":true,"href":"https:\/\/bibliotheque-sfpe-at.com\/index.php\/wp-json\/wp\/v2\/users\/2"}],"replies":[{"embeddable":true,"href":"https:\/\/bibliotheque-sfpe-at.com\/index.php\/wp-json\/wp\/v2\/comments?post=4919"}],"version-history":[{"count":1,"href":"https:\/\/bibliotheque-sfpe-at.com\/index.php\/wp-json\/wp\/v2\/posts\/4919\/revisions"}],"predecessor-version":[{"id":4920,"href":"https:\/\/bibliotheque-sfpe-at.com\/index.php\/wp-json\/wp\/v2\/posts\/4919\/revisions\/4920"}],"wp:attachment":[{"href":"https:\/\/bibliotheque-sfpe-at.com\/index.php\/wp-json\/wp\/v2\/media?parent=4919"}],"wp:term":[{"taxonomy":"category","embeddable":true,"href":"https:\/\/bibliotheque-sfpe-at.com\/index.php\/wp-json\/wp\/v2\/categories?post=4919"},{"taxonomy":"post_tag","embeddable":true,"href":"https:\/\/bibliotheque-sfpe-at.com\/index.php\/wp-json\/wp\/v2\/tags?post=4919"}],"curies":[{"name":"wp","href":"https:\/\/api.w.org\/{rel}","templated":true}]}}