{"id":4921,"date":"2025-03-27T16:35:06","date_gmt":"2025-03-27T15:35:06","guid":{"rendered":"https:\/\/bibliotheque-sfpe-at.com\/?p=4921"},"modified":"2025-03-27T17:40:07","modified_gmt":"2025-03-27T16:40:07","slug":"la-triple-frontiere-comme-perception-dun-reel-cinetique","status":"publish","type":"post","link":"https:\/\/bibliotheque-sfpe-at.com\/index.php\/2025\/03\/27\/la-triple-frontiere-comme-perception-dun-reel-cinetique\/","title":{"rendered":"La triple fronti\u00e8re comme perception d\u2019un r\u00e9el cin\u00e9tique"},"content":{"rendered":"\n<p class=\"has-text-align-left\"><strong>Un clin d\u2019\u0153il sur la vie et l\u2019\u0153uvre de Jean Tinguely<\/strong><\/p>\n\n\n\n<div class=\"wp-block-columns is-layout-flex wp-container-core-columns-is-layout-28f84493 wp-block-columns-is-layout-flex\">\n<div class=\"wp-block-column is-layout-flow wp-block-column-is-layout-flow\" style=\"flex-basis:66.66%\"><\/div>\n\n\n\n<div class=\"wp-block-column is-layout-flow wp-block-column-is-layout-flow\" style=\"flex-basis:33.33%\"><\/div>\n<\/div>\n\n\n\n<div class=\"wp-block-columns is-layout-flex wp-container-core-columns-is-layout-28f84493 wp-block-columns-is-layout-flex\">\n<div class=\"wp-block-column is-layout-flow wp-block-column-is-layout-flow\" style=\"flex-basis:66.66%\">\n<p>Une fronti\u00e8re nous semble \u00eatre comme une ligne statique, une limitation \u00ab r\u00e9elle \u00bb dans l\u2019espace, mais en r\u00e9alit\u00e9 elle n\u2019est qu\u2019une illusion d\u2019optique puisqu\u2019elle est en mouvement perp\u00e9tuel.<\/p>\n\n\n\n<p>Jean Tinguely (1925-1991) vient de la triple fronti\u00e8re, les \u00ab Tri-regio \u00bb (Allemagne, Suisse, France) qui se rejoignent \u00e0 B\u00e2le, m\u00e9tropole multiculturelle o\u00f9 il a grandi, fait ses \u00e9tudes \u00e0 l\u2019\u00c9cole des arts et m\u00e9tiers, commenc\u00e9 son \u0153uvre, et o\u00f9 se trouve aujourd\u2019hui son magnifique mus\u00e9e, cr\u00e9\u00e9 en 1996, \u00e0 l\u2019initiative de Nikki de Saint Phalle.<br>Enfant, il parle fran\u00e7ais \u00e0 la maison et allemand \u00e0 l\u2019\u00e9cole.<\/p>\n\n\n\n<p>Sculpteur anti-conventionnel, il a modifi\u00e9 au moins trois types de fronti\u00e8res de l\u2019art sculptural et de sa perception.<\/p>\n\n\n\n<ol class=\"wp-block-list\">\n<li>L\u2019art cin\u00e9tique : \u00e0 l\u2019immobilisme apparent des sculptures, il a ajout\u00e9 la quatri\u00e8me dimension, le temps, seule dimension qui permet de percevoir le mouvement ; ainsi, il a introduit l\u2019expression de la pulsion de vie dans les objets inanim\u00e9s, avec une nette pr\u00e9cision du mouvement r\u00e9el qui finalement favorise la repr\u00e9sentation de l\u2019objet complet (exemple : le mouvement cheval de la fontaine Tinguely \u00e0 B\u00e2le).<br>Avec d\u2019autres membres du groupe d\u2019artistes les \u00ab nouveaux r\u00e9alistes \u00bb, il r\u00e9dige le Manifeste jaune qui th\u00e9orise l\u2019art optique et cin\u00e9tique, les deux modalit\u00e9s de la perception du r\u00e9el.<\/li>\n\n\n\n<li>S\u2019opposant au culte de l\u2019objet neuf et inspir\u00e9 par l\u2019art brut, les mati\u00e8res qu\u2019il utilise ne sont pas nobles, mais des mati\u00e8res premi\u00e8res, des objets de r\u00e9cup\u00e9ration, les rebuts de la soci\u00e9t\u00e9 de consommation, auxquels il donne vie en les \u00ab r\u00e9-animant \u00bb.<\/li>\n\n\n\n<li>Certaines de ses sculptures anim\u00e9es produisent elles-m\u00eames du dessin avec un bras dessinateur (M\u00e9ta-Matics) ou peuvent \u00eatre directement touch\u00e9es ou utilis\u00e9es par le spectateur, qui en devient acteur et joueur, avec ainsi une immersion profonde \u00ab dans \u00bb l\u2019\u0153uvre, mettant en jeu le sensoriel, tactile et sonore, comme M\u00e9ta-Maxi et M\u00e9ta-Harmonie.<br>\u00c0 l\u2019approche de la mort, il retourne aux origines, en Suisse, et cr\u00e9e des sculptures \u00e0 partir de poutres calcin\u00e9es et de cr\u00e2nes carbonis\u00e9s.<\/li>\n<\/ol>\n\n\n\n<p>Jamais trois sans trois, avec l\u2019art comme langage commun de sa constellation familiale, comme dit sa fille. Une constellation familiale o\u00f9 tous s\u2019essayent \u00e0 l\u2019art.<br>Avec sa premi\u00e8re femme, Eva Aeppli, il a une fille, Miriam (n\u00e9e en 1953).<br>De sa liaison avec Micheline Gygox, photographe \u00e0 Milan, na\u00eet Milan (1973).<br>Jean-S\u00e9bastien, le fils qu\u2019il a eu avec sa derni\u00e8re compagne, Milena Palakarkina pr\u00e9sent\u00e9e par Nikki de Saint Phalle, est n\u00e9 cinq mois apr\u00e8s la mort du p\u00e8re (1992).<br>Avec Nikki de Saint Phalle, sa seconde \u00e9pouse, il restera le plus longtemps (vingt ans), et ensemble ils cr\u00e9eront des \u0153uvres souvent gigantesques et \u00e9ph\u00e9m\u00e8res.<\/p>\n\n\n\n<p>Jean Tinguely nous emm\u00e8ne \u00e0 franchir nos fronti\u00e8res perceptives, \u00e0 s\u2019affranchir de la pulsion de mort tout en l\u2019animant. Le sculpteur de la \u00ab m\u00e9ga-morphose \u00bb, par des mati\u00e8res du quotidien, implique le spectateur dans sa propre m\u00e9tamorphose.<\/p>\n\n\n\n<p><strong><em>Pour lire le texte complet <a href=\"\/index.php\/options-dinscription\/\"><mark style=\"background-color:rgba(0, 0, 0, 0)\" class=\"has-inline-color has-vivid-cyan-blue-color\">s&rsquo;inscrire<\/mark><\/a> ou <a href=\"\/index.php\/my-account\/edit-account\/\"><mark style=\"background-color:rgba(0, 0, 0, 0)\" class=\"has-inline-color has-vivid-cyan-blue-color\">se connecter<\/mark><\/a><\/em><\/strong><\/p>\n\n\n\n\n\n<div style=\"height:100px\" aria-hidden=\"true\" class=\"wp-block-spacer\"><\/div>\n\n\n\n<div class=\"wp-block-buttons is-content-justification-center is-layout-flex wp-container-core-buttons-is-layout-a89b3969 wp-block-buttons-is-layout-flex\">\n<div class=\"wp-block-button has-custom-font-size has-small-font-size\"><a class=\"wp-block-button__link has-vivid-red-background-color has-background wp-element-button\" href=\"\/index.php\/2025\/03\/26\/frontieres-2\/\">&lt;&#8211; retour<\/a><\/div>\n<\/div>\n<\/div>\n\n\n\n<div class=\"wp-block-column is-layout-flow wp-block-column-is-layout-flow\" style=\"flex-basis:33.33%\">\n<figure class=\"wp-block-table\"><table class=\"has-background\" style=\"background-color:#f8f2f2\"><thead><tr><th><mark class=\"has-inline-color has-vivid-red-color\" style=\"background-color: rgba(0, 0, 0, 0);\"><strong>Auteur<\/strong><\/mark><\/th><\/tr><\/thead><tbody><tr><td><strong><strong><strong>Senja Stirn<\/strong><\/strong><\/strong><\/td><\/tr><\/tbody><\/table><\/figure>\n\n\n\n<figure class=\"wp-block-table\"><table><thead><tr><th><mark class=\"has-inline-color has-vivid-red-color\" style=\"background-color: rgba(0, 0, 0, 0);\"><strong>R\u00e9f\u00e9rence<\/strong><\/mark><\/th><\/tr><\/thead><tbody><tr><td><strong>RA021-16<\/strong><br><strong>Fronti\u00e8res<\/strong><br>Journ\u00e9es de Automne 2023<\/td><\/tr><\/tbody><\/table><\/figure>\n\n\n\n<figure class=\"wp-block-table\"><table><thead><tr><th><mark class=\"has-inline-color has-vivid-red-color\" style=\"background-color: rgba(0, 0, 0, 0);\"><strong>Cat\u00e9gories<\/strong><\/mark><\/th><\/tr><\/thead><tbody><tr><td>Art<br>Sculpture<br>Arts pluriels<br>Mus\u00e9es Expositions Spectacles<\/td><\/tr><\/tbody><\/table><\/figure>\n<\/div>\n<\/div>\n","protected":false},"excerpt":{"rendered":"<p>Un clin d\u2019\u0153il sur la vie et l\u2019\u0153uvre de Jean Tinguely Une fronti\u00e8re nous semble \u00eatre comme une ligne statique, une limitation \u00ab r\u00e9elle \u00bb dans l\u2019espace, mais en r\u00e9alit\u00e9 elle n\u2019est qu\u2019une illusion d\u2019optique puisqu\u2019elle est en mouvement perp\u00e9tuel. Jean Tinguely (1925-1991) vient de la triple fronti\u00e8re, les \u00ab&hellip;<\/p>\n","protected":false},"author":2,"featured_media":0,"comment_status":"closed","ping_status":"open","sticky":false,"template":"","format":"standard","meta":{"pmpro_default_level":"","ngg_post_thumbnail":0,"footnotes":""},"categories":[220],"tags":[483,569,885,571,907,495],"class_list":["post-4921","post","type-post","status-publish","format-standard","hentry","category-stirn-senja","tag-art","tag-arts-pluriels","tag-frontieres","tag-musees-expositions-spectacles","tag-ra021-16","tag-sculpture","pmpro-has-access"],"_links":{"self":[{"href":"https:\/\/bibliotheque-sfpe-at.com\/index.php\/wp-json\/wp\/v2\/posts\/4921","targetHints":{"allow":["GET"]}}],"collection":[{"href":"https:\/\/bibliotheque-sfpe-at.com\/index.php\/wp-json\/wp\/v2\/posts"}],"about":[{"href":"https:\/\/bibliotheque-sfpe-at.com\/index.php\/wp-json\/wp\/v2\/types\/post"}],"author":[{"embeddable":true,"href":"https:\/\/bibliotheque-sfpe-at.com\/index.php\/wp-json\/wp\/v2\/users\/2"}],"replies":[{"embeddable":true,"href":"https:\/\/bibliotheque-sfpe-at.com\/index.php\/wp-json\/wp\/v2\/comments?post=4921"}],"version-history":[{"count":1,"href":"https:\/\/bibliotheque-sfpe-at.com\/index.php\/wp-json\/wp\/v2\/posts\/4921\/revisions"}],"predecessor-version":[{"id":4922,"href":"https:\/\/bibliotheque-sfpe-at.com\/index.php\/wp-json\/wp\/v2\/posts\/4921\/revisions\/4922"}],"wp:attachment":[{"href":"https:\/\/bibliotheque-sfpe-at.com\/index.php\/wp-json\/wp\/v2\/media?parent=4921"}],"wp:term":[{"taxonomy":"category","embeddable":true,"href":"https:\/\/bibliotheque-sfpe-at.com\/index.php\/wp-json\/wp\/v2\/categories?post=4921"},{"taxonomy":"post_tag","embeddable":true,"href":"https:\/\/bibliotheque-sfpe-at.com\/index.php\/wp-json\/wp\/v2\/tags?post=4921"}],"curies":[{"name":"wp","href":"https:\/\/api.w.org\/{rel}","templated":true}]}}