{"id":4923,"date":"2025-03-27T16:38:44","date_gmt":"2025-03-27T15:38:44","guid":{"rendered":"https:\/\/bibliotheque-sfpe-at.com\/?p=4923"},"modified":"2025-03-27T17:40:16","modified_gmt":"2025-03-27T16:40:16","slug":"des-frontieres-aux-lignes-sur-une-cartede-la-destruction-reelle-a-la-construction-imaginaire","status":"publish","type":"post","link":"https:\/\/bibliotheque-sfpe-at.com\/index.php\/2025\/03\/27\/des-frontieres-aux-lignes-sur-une-cartede-la-destruction-reelle-a-la-construction-imaginaire\/","title":{"rendered":"Des fronti\u00e8res aux lignes sur une carte,de la destruction r\u00e9elle \u00e0 la construction imaginaire"},"content":{"rendered":"\n<p class=\"has-text-align-left\"><\/p>\n\n\n\n<div class=\"wp-block-columns is-layout-flex wp-container-core-columns-is-layout-28f84493 wp-block-columns-is-layout-flex\">\n<div class=\"wp-block-column is-layout-flow wp-block-column-is-layout-flow\" style=\"flex-basis:66.66%\"><\/div>\n\n\n\n<div class=\"wp-block-column is-layout-flow wp-block-column-is-layout-flow\" style=\"flex-basis:33.33%\"><\/div>\n<\/div>\n\n\n\n<div class=\"wp-block-columns is-layout-flex wp-container-core-columns-is-layout-28f84493 wp-block-columns-is-layout-flex\">\n<div class=\"wp-block-column is-layout-flow wp-block-column-is-layout-flow\" style=\"flex-basis:66.66%\">\n<p>\u00c0 Art Refuge, dans le cadre du Secours Catholique \u00e0 Calais, les personnes exil\u00e9es montrent souvent des fragments de leur histoire sur leurs t\u00e9l\u00e9phones portables. D\u00e8s 2016, les ateliers ont lieu autour d\u2019une grande carte du monde color\u00e9e et plastifi\u00e9e : les fronti\u00e8res visibles sont un support \u00e0 la cr\u00e9ation d\u2019un espace relationnel et artistique, une sorte de studio mobile immersif, espace d\u2019habitation transitoire liant les fragments de souvenirs pour se situer dans l\u2019ici-maintenant en pr\u00e9sence d\u2019autres personnes.<br>L\u2019espace ouvert, au-del\u00e0 des fronti\u00e8res travers\u00e9es dans la souffrance, pr\u00e9sente un ancrage et un lieu d\u2019expression non frontal. Le monde est l\u00e0 et pas l\u00e0, ces fronti\u00e8res visibles peuvent \u00eatre travers\u00e9es comme par un oiseau qui vole, ramen\u00e9es \u00e0 des lignes sur une carte.<br>Ce cadre \u00e9largi prend en compte l\u2019environnement et ses mouvements de flux. On commentera l\u2019exemple de constructions de maisons imaginaires miniatures, fa\u00e7on d\u2019habiter l\u2019espace de l\u2019atelier portable. Interactions entre espace physique, espace psychologique, contexte social et politique. On \u00e9voquera les espaces exp\u00e9rimentaux en art contemporain. On donnera enfin les principes d\u2019une formation en m\u00e9diation artistique destin\u00e9e aux accompagnants de personnes en situation d\u2019exil.<\/p>\n\n\n\n<p><br><em>\u00ab Les fronti\u00e8res sont des lignes. Des milliers d\u2019hommes sont morts \u00e0 cause de ces lignes \u00bb (Georges Perec).<\/em><\/p>\n\n\n\n<p><strong><em>Pour lire le texte complet <a href=\"\/index.php\/options-dinscription\/\"><mark style=\"background-color:rgba(0, 0, 0, 0)\" class=\"has-inline-color has-vivid-cyan-blue-color\">s&rsquo;inscrire<\/mark><\/a> ou <a href=\"\/index.php\/my-account\/edit-account\/\"><mark style=\"background-color:rgba(0, 0, 0, 0)\" class=\"has-inline-color has-vivid-cyan-blue-color\">se connecter<\/mark><\/a><\/em><\/strong><\/p>\n\n\n\n\n\n<div style=\"height:100px\" aria-hidden=\"true\" class=\"wp-block-spacer\"><\/div>\n\n\n\n<div class=\"wp-block-buttons is-content-justification-center is-layout-flex wp-container-core-buttons-is-layout-a89b3969 wp-block-buttons-is-layout-flex\">\n<div class=\"wp-block-button has-custom-font-size has-small-font-size\"><a class=\"wp-block-button__link has-vivid-red-background-color has-background wp-element-button\" href=\"\/index.php\/2025\/03\/26\/frontieres-2\/\">&lt;&#8211; retour<\/a><\/div>\n<\/div>\n<\/div>\n\n\n\n<div class=\"wp-block-column is-layout-flow wp-block-column-is-layout-flow\" style=\"flex-basis:33.33%\">\n<figure class=\"wp-block-table\"><table class=\"has-background\" style=\"background-color:#f8f2f2\"><thead><tr><th><mark class=\"has-inline-color has-vivid-red-color\" style=\"background-color: rgba(0, 0, 0, 0);\"><strong>Auteur<\/strong><\/mark><\/th><\/tr><\/thead><tbody><tr><td><strong><strong><strong>Kate France<\/strong><\/strong><\/strong><br><strong>Jean-Pierre Klein<\/strong><\/td><\/tr><\/tbody><\/table><\/figure>\n\n\n\n<figure class=\"wp-block-table\"><table><thead><tr><th><mark class=\"has-inline-color has-vivid-red-color\" style=\"background-color: rgba(0, 0, 0, 0);\"><strong>R\u00e9f\u00e9rence<\/strong><\/mark><\/th><\/tr><\/thead><tbody><tr><td><strong>RA021-17<\/strong><br><strong>Fronti\u00e8res<\/strong><br>Journ\u00e9es de Automne 2023<\/td><\/tr><\/tbody><\/table><\/figure>\n\n\n\n<figure class=\"wp-block-table\"><table><thead><tr><th><mark class=\"has-inline-color has-vivid-red-color\" style=\"background-color: rgba(0, 0, 0, 0);\"><strong>Cat\u00e9gories<\/strong><\/mark><\/th><\/tr><\/thead><tbody><tr><td>Art th\u00e9rapie<br>Arts pluriels<br>Dispositif de m\u00e9diation<\/td><\/tr><\/tbody><\/table><\/figure>\n<\/div>\n<\/div>\n","protected":false},"excerpt":{"rendered":"<p>\u00c0 Art Refuge, dans le cadre du Secours Catholique \u00e0 Calais, les personnes exil\u00e9es montrent souvent des fragments de leur histoire sur leurs t\u00e9l\u00e9phones portables. D\u00e8s 2016, les ateliers ont lieu autour d\u2019une grande carte du monde color\u00e9e et plastifi\u00e9e : les fronti\u00e8res visibles sont un support \u00e0 la cr\u00e9ation&hellip;<\/p>\n","protected":false},"author":2,"featured_media":0,"comment_status":"closed","ping_status":"open","sticky":false,"template":"","format":"standard","meta":{"pmpro_default_level":"","ngg_post_thumbnail":0,"footnotes":""},"categories":[890,143],"tags":[492,569,505,885,908],"class_list":["post-4923","post","type-post","status-publish","format-standard","hentry","category-france-kate","category-klein-jean-pierre","tag-art-therapie","tag-arts-pluriels","tag-dispositif-de-mediation","tag-frontieres","tag-ra021-17","pmpro-has-access"],"_links":{"self":[{"href":"https:\/\/bibliotheque-sfpe-at.com\/index.php\/wp-json\/wp\/v2\/posts\/4923","targetHints":{"allow":["GET"]}}],"collection":[{"href":"https:\/\/bibliotheque-sfpe-at.com\/index.php\/wp-json\/wp\/v2\/posts"}],"about":[{"href":"https:\/\/bibliotheque-sfpe-at.com\/index.php\/wp-json\/wp\/v2\/types\/post"}],"author":[{"embeddable":true,"href":"https:\/\/bibliotheque-sfpe-at.com\/index.php\/wp-json\/wp\/v2\/users\/2"}],"replies":[{"embeddable":true,"href":"https:\/\/bibliotheque-sfpe-at.com\/index.php\/wp-json\/wp\/v2\/comments?post=4923"}],"version-history":[{"count":1,"href":"https:\/\/bibliotheque-sfpe-at.com\/index.php\/wp-json\/wp\/v2\/posts\/4923\/revisions"}],"predecessor-version":[{"id":4924,"href":"https:\/\/bibliotheque-sfpe-at.com\/index.php\/wp-json\/wp\/v2\/posts\/4923\/revisions\/4924"}],"wp:attachment":[{"href":"https:\/\/bibliotheque-sfpe-at.com\/index.php\/wp-json\/wp\/v2\/media?parent=4923"}],"wp:term":[{"taxonomy":"category","embeddable":true,"href":"https:\/\/bibliotheque-sfpe-at.com\/index.php\/wp-json\/wp\/v2\/categories?post=4923"},{"taxonomy":"post_tag","embeddable":true,"href":"https:\/\/bibliotheque-sfpe-at.com\/index.php\/wp-json\/wp\/v2\/tags?post=4923"}],"curies":[{"name":"wp","href":"https:\/\/api.w.org\/{rel}","templated":true}]}}