{"id":4929,"date":"2025-03-27T16:48:44","date_gmt":"2025-03-27T15:48:44","guid":{"rendered":"https:\/\/bibliotheque-sfpe-at.com\/?p=4929"},"modified":"2025-03-27T17:40:35","modified_gmt":"2025-03-27T16:40:35","slug":"gommer-les-frontieres","status":"publish","type":"post","link":"https:\/\/bibliotheque-sfpe-at.com\/index.php\/2025\/03\/27\/gommer-les-frontieres\/","title":{"rendered":"Gommer les fronti\u00e8res"},"content":{"rendered":"\n<p class=\"has-text-align-left\"><\/p>\n\n\n\n<div class=\"wp-block-columns is-layout-flex wp-container-core-columns-is-layout-28f84493 wp-block-columns-is-layout-flex\">\n<div class=\"wp-block-column is-layout-flow wp-block-column-is-layout-flow\" style=\"flex-basis:66.66%\"><\/div>\n\n\n\n<div class=\"wp-block-column is-layout-flow wp-block-column-is-layout-flow\" style=\"flex-basis:33.33%\"><\/div>\n<\/div>\n\n\n\n<div class=\"wp-block-columns is-layout-flex wp-container-core-columns-is-layout-28f84493 wp-block-columns-is-layout-flex\">\n<div class=\"wp-block-column is-layout-flow wp-block-column-is-layout-flow\" style=\"flex-basis:66.66%\">\n<p>De moi vers l\u2019espace et de l\u2019espace vers moi, j\u2019apprivoise les distances et ma position dans ce grand vide o\u00f9 je me demande comment tiennent les \u00e9toiles !<\/p>\n\n\n\n<ol class=\"wp-block-list\">\n<li><strong>Projet d\u2019art-th\u00e9rapie Complice<\/strong><br>Mot latin satelles (\u00ab compagnon \u00bb), le satellite devient un complice pour aider \u00e0 nommer des fronti\u00e8res de l\u2019espace qui commencent \u00e0 mon corps. Cette s\u00e9rie d\u2019ateliers collectifs de deux heures, quatre fois par mois durant deux mois, pour personnes vivant en foyer de vie, est anim\u00e9e par un bin\u00f4me, chercheur du centre spatial ACRI-ST et art-th\u00e9rapeute. Astrophysique et observation de la Terre, deux domaines diff\u00e9rents et compl\u00e9mentaires pour participer \u00e0 une structuration rassurante de l\u2019espace, une cl\u00f4ture de la repr\u00e9sentation.<\/li>\n\n\n\n<li><strong>Quelques th\u00e8mes abord\u00e9s :<\/strong><br>\u2014 Comment l\u2019espace me parle-t-il ?<br>Vivre la communication en temps r\u00e9el avec un satellite. Voir l\u2019antenne qui bouge, savoir qu\u2019il y a une \u00ab bouche \u00bb et une \u00ab oreille \u00bb permet de s\u2019inclure dans un dispositif qui part du corps et qui s\u2019ouvre vers le lointain en apportant des \u00e9l\u00e9ments concrets, favorise le questionnement et dissipe les angoisses.<\/li>\n<\/ol>\n\n\n\n<p>\u2014 O\u00f9 est-ce que je me situe ?<br>Utiliser une application observatrice du climat par satellite, ciblant les oliviers, pour rendre l\u2019espace tangible. Comprendre \u00ab o\u00f9 je me situe \u00bb en faisant la relation entre le satellite, ma position et mon observation. Comment un dialogue incluant des donn\u00e9es o\u00f9 j\u2019apparais personnellement permet-il de s\u2019ancrer dans un espace spatio-temporel ?<\/p>\n\n\n\n<p>\u2014 Regarder l\u2019espace, voyager dans le temps.<br>\u00c9voquer les distances en kilom\u00e8tres en commen\u00e7ant par un b\u00e2ton d\u2019un m\u00e8tre pour franchir des fronti\u00e8res toujours plus \u00e9loign\u00e9es.<\/p>\n\n\n\n<p><em><br>\u00ab \u00c7a s\u2019arr\u00eate o\u00f9, apr\u00e8s, le tr\u00e8s-loin ? \u00bb (Georges).<br>\u00ab Est-ce qu\u2019ils sont l\u00e0-haut, les gens qui ne sont plus l\u00e0, sur la Terre ? \u00bb (Patricia).<\/em><\/p>\n\n\n\n<p><strong><em>Pour lire le texte complet <a href=\"\/index.php\/options-dinscription\/\"><mark style=\"background-color:rgba(0, 0, 0, 0)\" class=\"has-inline-color has-vivid-cyan-blue-color\">s&rsquo;inscrire<\/mark><\/a> ou <a href=\"\/index.php\/my-account\/edit-account\/\"><mark style=\"background-color:rgba(0, 0, 0, 0)\" class=\"has-inline-color has-vivid-cyan-blue-color\">se connecter<\/mark><\/a><\/em><\/strong><\/p>\n\n\n\n\n\n<div style=\"height:100px\" aria-hidden=\"true\" class=\"wp-block-spacer\"><\/div>\n\n\n\n<div class=\"wp-block-buttons is-content-justification-center is-layout-flex wp-container-core-buttons-is-layout-a89b3969 wp-block-buttons-is-layout-flex\">\n<div class=\"wp-block-button has-custom-font-size has-small-font-size\"><a class=\"wp-block-button__link has-vivid-red-background-color has-background wp-element-button\" href=\"\/index.php\/2025\/03\/26\/frontieres-2\/\">&lt;&#8211; retour<\/a><\/div>\n<\/div>\n<\/div>\n\n\n\n<div class=\"wp-block-column is-layout-flow wp-block-column-is-layout-flow\" style=\"flex-basis:33.33%\">\n<figure class=\"wp-block-table\"><table class=\"has-background\" style=\"background-color:#f8f2f2\"><thead><tr><th><mark class=\"has-inline-color has-vivid-red-color\" style=\"background-color: rgba(0, 0, 0, 0);\"><strong>Auteur<\/strong><\/mark><\/th><\/tr><\/thead><tbody><tr><td><strong>Isabelle Chemin<\/strong><\/td><\/tr><\/tbody><\/table><\/figure>\n\n\n\n<figure class=\"wp-block-table\"><table><thead><tr><th><mark class=\"has-inline-color has-vivid-red-color\" style=\"background-color: rgba(0, 0, 0, 0);\"><strong>R\u00e9f\u00e9rence<\/strong><\/mark><\/th><\/tr><\/thead><tbody><tr><td><strong>RA021-19<\/strong><br><strong>Fronti\u00e8res<\/strong><br>Journ\u00e9es de Automne 2023<\/td><\/tr><\/tbody><\/table><\/figure>\n\n\n\n<figure class=\"wp-block-table\"><table><thead><tr><th><mark class=\"has-inline-color has-vivid-red-color\" style=\"background-color: rgba(0, 0, 0, 0);\"><strong>Cat\u00e9gories<\/strong><\/mark><\/th><\/tr><\/thead><tbody><tr><td>Art-th\u00e9rapie<br>Arts plastiques<br>Dispositif de m\u00e9diation<br>Multim\u00e9dia<br>Dessin<\/td><\/tr><\/tbody><\/table><\/figure>\n<\/div>\n<\/div>\n","protected":false},"excerpt":{"rendered":"<p>De moi vers l\u2019espace et de l\u2019espace vers moi, j\u2019apprivoise les distances et ma position dans ce grand vide o\u00f9 je me demande comment tiennent les \u00e9toiles ! \u2014 O\u00f9 est-ce que je me situe ?Utiliser une application observatrice du climat par satellite, ciblant les oliviers, pour rendre l\u2019espace tangible.&hellip;<\/p>\n","protected":false},"author":2,"featured_media":0,"comment_status":"closed","ping_status":"open","sticky":false,"template":"","format":"standard","meta":{"pmpro_default_level":"","ngg_post_thumbnail":0,"footnotes":""},"categories":[385],"tags":[492,503,508,505,885,603,910],"class_list":["post-4929","post","type-post","status-publish","format-standard","hentry","category-chemin-isabelle","tag-art-therapie","tag-arts-plastiques","tag-dessin","tag-dispositif-de-mediation","tag-frontieres","tag-multimedia","tag-ra021-19","pmpro-has-access"],"_links":{"self":[{"href":"https:\/\/bibliotheque-sfpe-at.com\/index.php\/wp-json\/wp\/v2\/posts\/4929","targetHints":{"allow":["GET"]}}],"collection":[{"href":"https:\/\/bibliotheque-sfpe-at.com\/index.php\/wp-json\/wp\/v2\/posts"}],"about":[{"href":"https:\/\/bibliotheque-sfpe-at.com\/index.php\/wp-json\/wp\/v2\/types\/post"}],"author":[{"embeddable":true,"href":"https:\/\/bibliotheque-sfpe-at.com\/index.php\/wp-json\/wp\/v2\/users\/2"}],"replies":[{"embeddable":true,"href":"https:\/\/bibliotheque-sfpe-at.com\/index.php\/wp-json\/wp\/v2\/comments?post=4929"}],"version-history":[{"count":2,"href":"https:\/\/bibliotheque-sfpe-at.com\/index.php\/wp-json\/wp\/v2\/posts\/4929\/revisions"}],"predecessor-version":[{"id":4931,"href":"https:\/\/bibliotheque-sfpe-at.com\/index.php\/wp-json\/wp\/v2\/posts\/4929\/revisions\/4931"}],"wp:attachment":[{"href":"https:\/\/bibliotheque-sfpe-at.com\/index.php\/wp-json\/wp\/v2\/media?parent=4929"}],"wp:term":[{"taxonomy":"category","embeddable":true,"href":"https:\/\/bibliotheque-sfpe-at.com\/index.php\/wp-json\/wp\/v2\/categories?post=4929"},{"taxonomy":"post_tag","embeddable":true,"href":"https:\/\/bibliotheque-sfpe-at.com\/index.php\/wp-json\/wp\/v2\/tags?post=4929"}],"curies":[{"name":"wp","href":"https:\/\/api.w.org\/{rel}","templated":true}]}}