{"id":4932,"date":"2025-03-27T16:54:15","date_gmt":"2025-03-27T15:54:15","guid":{"rendered":"https:\/\/bibliotheque-sfpe-at.com\/?p=4932"},"modified":"2025-03-27T17:40:55","modified_gmt":"2025-03-27T16:40:55","slug":"frontieres-au-possible","status":"publish","type":"post","link":"https:\/\/bibliotheque-sfpe-at.com\/index.php\/2025\/03\/27\/frontieres-au-possible\/","title":{"rendered":"Fronti\u00e8res au possible"},"content":{"rendered":"\n<p class=\"has-text-align-left\"><\/p>\n\n\n\n<div class=\"wp-block-columns is-layout-flex wp-container-core-columns-is-layout-28f84493 wp-block-columns-is-layout-flex\">\n<div class=\"wp-block-column is-layout-flow wp-block-column-is-layout-flow\" style=\"flex-basis:66.66%\"><\/div>\n\n\n\n<div class=\"wp-block-column is-layout-flow wp-block-column-is-layout-flow\" style=\"flex-basis:33.33%\"><\/div>\n<\/div>\n\n\n\n<div class=\"wp-block-columns is-layout-flex wp-container-core-columns-is-layout-28f84493 wp-block-columns-is-layout-flex\">\n<div class=\"wp-block-column is-layout-flow wp-block-column-is-layout-flow\" style=\"flex-basis:66.66%\">\n<p>La fronti\u00e8re peut se d\u00e9finir comme ligne imaginaire s\u00e9parant des territoires, o\u00f9 vivent des humains r\u00e9put\u00e9s pr\u00e9senter un trait commun d\u2019identit\u00e9 qui passe par la langue. L\u2019outil de l\u2019art-th\u00e9rapeute n\u2019est pas en premier lieu la parole. Il vise un mouvement d\u2019expression, d\u2019une r\u00e9alit\u00e9 int\u00e9rieure hors de soi, dans un \u00ab espace transitionnel \u00bb, \u00ab une aire interm\u00e9diaire d\u2019exp\u00e9rience \u00bb qui existe en tant que \u00ab lieu de repos pour l\u2019individu engag\u00e9 (\u2026) \u00e0 maintenir \u00e0 la fois s\u00e9par\u00e9es et reli\u00e9es l\u2019une \u00e0 l\u2019autre r\u00e9alit\u00e9 int\u00e9rieure et r\u00e9alit\u00e9 ext\u00e9rieure \u00bb. Si nous consid\u00e9rons ce \u00ab lieu de repos \u00bb comme territoire, que viennent s\u00e9parer les lignes imaginaires qui le d\u00e9limite ? Comment les franchir tout en pr\u00e9servant la tranquillit\u00e9 du lieu et respecter la r\u00e9alit\u00e9 int\u00e9rieure ? Ce lieu de s\u00e9paration et de lien est une zone de contigu\u00eft\u00e9 aux fronti\u00e8res mouvantes et parfois t\u00e9nues. Pour nous approcher du sujet de mani\u00e8re \u00e9thique, nous verrons dans l\u2019accompagnement de Mme Aime, qui vit avec un handicap psychomoteur, comment le corps peut faire territoire. Si nous comprenons par l\u2019exp\u00e9rience que la r\u00e9alit\u00e9 d\u2019une existence psychique se tisse de rencontres, que penser de la mati\u00e8re biologique humaine, le corps ? L\u2019existence non s\u00e9par\u00e9e d\u2019un psychisme au corps, se forme de son mouvement au monde. Pour Henri Maldiney \u00ab jouer (\u2026) ne consiste pas \u00e0 inventer des mouvements, mais \u00e0 se livrer \u00e0 ses propres mouvements dont la spontan\u00e9it\u00e9 est impr\u00e9visible \u00bb. <br>Quel jeu permettrait d\u2019autres mouvements, propres \u00e0 un corps limit\u00e9 dans sa mobilit\u00e9 par un handicap ? R\u00e9cemment, j\u2019ai propos\u00e9 \u00e0 Mme Aime de la p\u00e2te \u00e0 modeler. Elle comprend que ce n\u2019est pas la p\u00e2te qu\u2019on peut cuire \u00ab et apr\u00e8s \u00e7a ne bouge plus \u00bb. <br>Elle manipule avec les deux mains au contraire de son habitude. Le plaisir du jeu ouvre l\u2019espace tranquille de la s\u00e9ance d\u2019art-th\u00e9rapie.<\/p>\n\n\n\n<p><strong><em>Pour lire le texte complet <a href=\"\/index.php\/options-dinscription\/\"><mark style=\"background-color:rgba(0, 0, 0, 0)\" class=\"has-inline-color has-vivid-cyan-blue-color\">s&rsquo;inscrire<\/mark><\/a> ou <a href=\"\/index.php\/my-account\/edit-account\/\"><mark style=\"background-color:rgba(0, 0, 0, 0)\" class=\"has-inline-color has-vivid-cyan-blue-color\">se connecter<\/mark><\/a><\/em><\/strong><\/p>\n\n\n\n\n\n<div style=\"height:100px\" aria-hidden=\"true\" class=\"wp-block-spacer\"><\/div>\n\n\n\n<div class=\"wp-block-buttons is-content-justification-center is-layout-flex wp-container-core-buttons-is-layout-a89b3969 wp-block-buttons-is-layout-flex\">\n<div class=\"wp-block-button has-custom-font-size has-small-font-size\"><a class=\"wp-block-button__link has-vivid-red-background-color has-background wp-element-button\" href=\"\/index.php\/2025\/03\/26\/frontieres-2\/\">&lt;&#8211; retour<\/a><\/div>\n<\/div>\n<\/div>\n\n\n\n<div class=\"wp-block-column is-layout-flow wp-block-column-is-layout-flow\" style=\"flex-basis:33.33%\">\n<figure class=\"wp-block-table\"><table class=\"has-background\" style=\"background-color:#f8f2f2\"><thead><tr><th><mark class=\"has-inline-color has-vivid-red-color\" style=\"background-color: rgba(0, 0, 0, 0);\"><strong>Auteur<\/strong><\/mark><\/th><\/tr><\/thead><tbody><tr><td><strong>Claire Dournier<\/strong><\/td><\/tr><\/tbody><\/table><\/figure>\n\n\n\n<figure class=\"wp-block-table\"><table><thead><tr><th><mark class=\"has-inline-color has-vivid-red-color\" style=\"background-color: rgba(0, 0, 0, 0);\"><strong>R\u00e9f\u00e9rence<\/strong><\/mark><\/th><\/tr><\/thead><tbody><tr><td><strong>RA021-20<\/strong><br><strong>Fronti\u00e8res<\/strong><br>Journ\u00e9es de Automne 2023<\/td><\/tr><\/tbody><\/table><\/figure>\n\n\n\n<figure class=\"wp-block-table\"><table><thead><tr><th><mark class=\"has-inline-color has-vivid-red-color\" style=\"background-color: rgba(0, 0, 0, 0);\"><strong>Cat\u00e9gories<\/strong><\/mark><\/th><\/tr><\/thead><tbody><tr><td>Cas clinique<br>Art-th\u00e9rapie<br>Peinture<\/td><\/tr><\/tbody><\/table><\/figure>\n<\/div>\n<\/div>\n","protected":false},"excerpt":{"rendered":"<p>La fronti\u00e8re peut se d\u00e9finir comme ligne imaginaire s\u00e9parant des territoires, o\u00f9 vivent des humains r\u00e9put\u00e9s pr\u00e9senter un trait commun d\u2019identit\u00e9 qui passe par la langue. L\u2019outil de l\u2019art-th\u00e9rapeute n\u2019est pas en premier lieu la parole. Il vise un mouvement d\u2019expression, d\u2019une r\u00e9alit\u00e9 int\u00e9rieure hors de soi, dans un \u00ab&hellip;<\/p>\n","protected":false},"author":2,"featured_media":0,"comment_status":"closed","ping_status":"open","sticky":false,"template":"","format":"standard","meta":{"pmpro_default_level":"","ngg_post_thumbnail":0,"footnotes":""},"categories":[431],"tags":[492,493,885,484,911],"class_list":["post-4932","post","type-post","status-publish","format-standard","hentry","category-dournier-claire","tag-art-therapie","tag-cas-clinique","tag-frontieres","tag-peinture","tag-ra021-20","pmpro-has-access"],"_links":{"self":[{"href":"https:\/\/bibliotheque-sfpe-at.com\/index.php\/wp-json\/wp\/v2\/posts\/4932","targetHints":{"allow":["GET"]}}],"collection":[{"href":"https:\/\/bibliotheque-sfpe-at.com\/index.php\/wp-json\/wp\/v2\/posts"}],"about":[{"href":"https:\/\/bibliotheque-sfpe-at.com\/index.php\/wp-json\/wp\/v2\/types\/post"}],"author":[{"embeddable":true,"href":"https:\/\/bibliotheque-sfpe-at.com\/index.php\/wp-json\/wp\/v2\/users\/2"}],"replies":[{"embeddable":true,"href":"https:\/\/bibliotheque-sfpe-at.com\/index.php\/wp-json\/wp\/v2\/comments?post=4932"}],"version-history":[{"count":2,"href":"https:\/\/bibliotheque-sfpe-at.com\/index.php\/wp-json\/wp\/v2\/posts\/4932\/revisions"}],"predecessor-version":[{"id":4941,"href":"https:\/\/bibliotheque-sfpe-at.com\/index.php\/wp-json\/wp\/v2\/posts\/4932\/revisions\/4941"}],"wp:attachment":[{"href":"https:\/\/bibliotheque-sfpe-at.com\/index.php\/wp-json\/wp\/v2\/media?parent=4932"}],"wp:term":[{"taxonomy":"category","embeddable":true,"href":"https:\/\/bibliotheque-sfpe-at.com\/index.php\/wp-json\/wp\/v2\/categories?post=4932"},{"taxonomy":"post_tag","embeddable":true,"href":"https:\/\/bibliotheque-sfpe-at.com\/index.php\/wp-json\/wp\/v2\/tags?post=4932"}],"curies":[{"name":"wp","href":"https:\/\/api.w.org\/{rel}","templated":true}]}}