{"id":4934,"date":"2025-03-27T16:59:08","date_gmt":"2025-03-27T15:59:08","guid":{"rendered":"https:\/\/bibliotheque-sfpe-at.com\/?p=4934"},"modified":"2025-03-27T17:41:05","modified_gmt":"2025-03-27T16:41:05","slug":"du-point-a-langle-une-dynamique","status":"publish","type":"post","link":"https:\/\/bibliotheque-sfpe-at.com\/index.php\/2025\/03\/27\/du-point-a-langle-une-dynamique\/","title":{"rendered":"Du point \u00e0 l\u2019angle, une dynamique"},"content":{"rendered":"\n<p class=\"has-text-align-left\"><\/p>\n\n\n\n<div class=\"wp-block-columns is-layout-flex wp-container-core-columns-is-layout-28f84493 wp-block-columns-is-layout-flex\">\n<div class=\"wp-block-column is-layout-flow wp-block-column-is-layout-flow\" style=\"flex-basis:66.66%\"><\/div>\n\n\n\n<div class=\"wp-block-column is-layout-flow wp-block-column-is-layout-flow\" style=\"flex-basis:33.33%\"><\/div>\n<\/div>\n\n\n\n<div class=\"wp-block-columns is-layout-flex wp-container-core-columns-is-layout-28f84493 wp-block-columns-is-layout-flex\">\n<div class=\"wp-block-column is-layout-flow wp-block-column-is-layout-flow\" style=\"flex-basis:66.66%\">\n<p>Il n\u2019y a pas de fronti\u00e8re dans l\u2019infini de l\u2019existant, mais des territoires, fluctuants et n\u00e9gociables, o\u00f9 chaque entit\u00e9 doit avoir sa juste place. Il en va ainsi des constellations, des galaxies et des syst\u00e8mes solaires \u2014 et de notre Terre avec sa biosph\u00e8re et son microcosme\u2026<br>Mais l\u2019humain invente des bords rigides \u00e0 tout territoire spatio-temporel dont il fait sa propri\u00e9t\u00e9. Guerres fratricides et massacres de masse s\u2019encha\u00eenent jusqu\u2019\u00e0 ce qu\u2019un \u00e9puisement temporaire de l\u2019\u00e9nergie accaparatrice oblige \u00e0 une pause. Et puis cela reprend, \u00e0 un autre moment, \u00e0 un autre endroit, avec la m\u00eame cruaut\u00e9 r\u00e9p\u00e9titive\u2026<br>Heureusement, en zoomant de l\u2019infiniment grand \u00e0 l\u2019infiniment petit, et inversement, on peut faire des haltes dans un espace-temps de cr\u00e9ation et\/ou d\u2019art-th\u00e9rapie. L\u2019on peut y naviguer d\u2019un point de vue vers un angle de vue, on peut y balayer du regard un monde plus ouvert, plus approfondi. Et quand la vue ne suffit plus, on peut s\u2019\u00e9vader dans l\u2019imaginaire, l\u00e0 o\u00f9 l\u2019absence de limites nous lib\u00e8re enfin de toute fronti\u00e8re. Du traumatisme vers la r\u00e9paration, une voie s\u2019ouvre.<br>Dans ce voyage philosophique et th\u00e9rapeutique, nous b\u00e9n\u00e9ficions de l\u2019appui des mythologies comme r\u00e9cits m\u00e9taphoriques. Le mythe est une formation sans fronti\u00e8res qui place l\u2019\u00e9thique au centre de la pens\u00e9e humaine. Nous contribuons toutes et tous \u00e0 la gen\u00e8se des mythes \u00e0 venir. Ceci n\u00e9cessite une mue profonde de la soci\u00e9t\u00e9 contemporaine. Entre land art, \u00e9co-art-th\u00e9rapie et produits des intelligences artificielles, nous tissons un continuum de pens\u00e9e et d\u2019action pour apprivoiser l\u2019avenir.<\/p>\n\n\n\n<p><strong><em>Pour lire le texte complet <a href=\"\/index.php\/options-dinscription\/\"><mark style=\"background-color:rgba(0, 0, 0, 0)\" class=\"has-inline-color has-vivid-cyan-blue-color\">s&rsquo;inscrire<\/mark><\/a> ou <a href=\"\/index.php\/my-account\/edit-account\/\"><mark style=\"background-color:rgba(0, 0, 0, 0)\" class=\"has-inline-color has-vivid-cyan-blue-color\">se connecter<\/mark><\/a><\/em><\/strong><\/p>\n\n\n\n\n\n<div style=\"height:100px\" aria-hidden=\"true\" class=\"wp-block-spacer\"><\/div>\n\n\n\n<div class=\"wp-block-buttons is-content-justification-center is-layout-flex wp-container-core-buttons-is-layout-a89b3969 wp-block-buttons-is-layout-flex\">\n<div class=\"wp-block-button has-custom-font-size has-small-font-size\"><a class=\"wp-block-button__link has-vivid-red-background-color has-background wp-element-button\" href=\"\/index.php\/2025\/03\/26\/frontieres-2\/\">&lt;&#8211; retour<\/a><\/div>\n<\/div>\n<\/div>\n\n\n\n<div class=\"wp-block-column is-layout-flow wp-block-column-is-layout-flow\" style=\"flex-basis:33.33%\">\n<figure class=\"wp-block-table\"><table class=\"has-background\" style=\"background-color:#f8f2f2\"><thead><tr><th><mark class=\"has-inline-color has-vivid-red-color\" style=\"background-color: rgba(0, 0, 0, 0);\"><strong>Auteur<\/strong><\/mark><\/th><\/tr><\/thead><tbody><tr><td><strong><strong>Irina Katz-Mazilu<\/strong><\/strong><\/td><\/tr><\/tbody><\/table><\/figure>\n\n\n\n<figure class=\"wp-block-table\"><table><thead><tr><th><mark class=\"has-inline-color has-vivid-red-color\" style=\"background-color: rgba(0, 0, 0, 0);\"><strong>R\u00e9f\u00e9rence<\/strong><\/mark><\/th><\/tr><\/thead><tbody><tr><td><strong>RA021-21<\/strong><br><strong>Fronti\u00e8res<\/strong><br>Journ\u00e9es de Automne 2023<\/td><\/tr><\/tbody><\/table><\/figure>\n\n\n\n<figure class=\"wp-block-table\"><table><thead><tr><th><mark class=\"has-inline-color has-vivid-red-color\" style=\"background-color: rgba(0, 0, 0, 0);\"><strong>Cat\u00e9gories<\/strong><\/mark><\/th><\/tr><\/thead><tbody><tr><td>Art<br>Art-th\u00e9rapie<br>Arts plastiques<br>Philosophie<\/td><\/tr><\/tbody><\/table><\/figure>\n<\/div>\n<\/div>\n","protected":false},"excerpt":{"rendered":"<p>Il n\u2019y a pas de fronti\u00e8re dans l\u2019infini de l\u2019existant, mais des territoires, fluctuants et n\u00e9gociables, o\u00f9 chaque entit\u00e9 doit avoir sa juste place. Il en va ainsi des constellations, des galaxies et des syst\u00e8mes solaires \u2014 et de notre Terre avec sa biosph\u00e8re et son microcosme\u2026Mais l\u2019humain invente des&hellip;<\/p>\n","protected":false},"author":2,"featured_media":0,"comment_status":"closed","ping_status":"open","sticky":false,"template":"","format":"standard","meta":{"pmpro_default_level":"","ngg_post_thumbnail":0,"footnotes":""},"categories":[81],"tags":[483,492,503,885,487,912],"class_list":["post-4934","post","type-post","status-publish","format-standard","hentry","category-katz-mazilu-irina","tag-art","tag-art-therapie","tag-arts-plastiques","tag-frontieres","tag-philosophie","tag-ra021-21","pmpro-has-access"],"_links":{"self":[{"href":"https:\/\/bibliotheque-sfpe-at.com\/index.php\/wp-json\/wp\/v2\/posts\/4934","targetHints":{"allow":["GET"]}}],"collection":[{"href":"https:\/\/bibliotheque-sfpe-at.com\/index.php\/wp-json\/wp\/v2\/posts"}],"about":[{"href":"https:\/\/bibliotheque-sfpe-at.com\/index.php\/wp-json\/wp\/v2\/types\/post"}],"author":[{"embeddable":true,"href":"https:\/\/bibliotheque-sfpe-at.com\/index.php\/wp-json\/wp\/v2\/users\/2"}],"replies":[{"embeddable":true,"href":"https:\/\/bibliotheque-sfpe-at.com\/index.php\/wp-json\/wp\/v2\/comments?post=4934"}],"version-history":[{"count":2,"href":"https:\/\/bibliotheque-sfpe-at.com\/index.php\/wp-json\/wp\/v2\/posts\/4934\/revisions"}],"predecessor-version":[{"id":4940,"href":"https:\/\/bibliotheque-sfpe-at.com\/index.php\/wp-json\/wp\/v2\/posts\/4934\/revisions\/4940"}],"wp:attachment":[{"href":"https:\/\/bibliotheque-sfpe-at.com\/index.php\/wp-json\/wp\/v2\/media?parent=4934"}],"wp:term":[{"taxonomy":"category","embeddable":true,"href":"https:\/\/bibliotheque-sfpe-at.com\/index.php\/wp-json\/wp\/v2\/categories?post=4934"},{"taxonomy":"post_tag","embeddable":true,"href":"https:\/\/bibliotheque-sfpe-at.com\/index.php\/wp-json\/wp\/v2\/tags?post=4934"}],"curies":[{"name":"wp","href":"https:\/\/api.w.org\/{rel}","templated":true}]}}