{"id":4936,"date":"2025-03-27T17:01:20","date_gmt":"2025-03-27T16:01:20","guid":{"rendered":"https:\/\/bibliotheque-sfpe-at.com\/?p=4936"},"modified":"2025-03-27T17:41:14","modified_gmt":"2025-03-27T16:41:14","slug":"les-frontieres-repousseesdans-la-litterature-et-la-peinture-entre-le-xixe-et-le-xxe-siecle","status":"publish","type":"post","link":"https:\/\/bibliotheque-sfpe-at.com\/index.php\/2025\/03\/27\/les-frontieres-repousseesdans-la-litterature-et-la-peinture-entre-le-xixe-et-le-xxe-siecle\/","title":{"rendered":"Les fronti\u00e8res repouss\u00e9es, dans la litt\u00e9rature et la peinture entre le XIXe et le XXe si\u00e8cle"},"content":{"rendered":"\n<p class=\"has-text-align-left\"><\/p>\n\n\n\n<div class=\"wp-block-columns is-layout-flex wp-container-core-columns-is-layout-28f84493 wp-block-columns-is-layout-flex\">\n<div class=\"wp-block-column is-layout-flow wp-block-column-is-layout-flow\" style=\"flex-basis:66.66%\"><\/div>\n\n\n\n<div class=\"wp-block-column is-layout-flow wp-block-column-is-layout-flow\" style=\"flex-basis:33.33%\"><\/div>\n<\/div>\n\n\n\n<div class=\"wp-block-columns is-layout-flex wp-container-core-columns-is-layout-28f84493 wp-block-columns-is-layout-flex\">\n<div class=\"wp-block-column is-layout-flow wp-block-column-is-layout-flow\" style=\"flex-basis:66.66%\">\n<p>Au cours des XIXe et XXe si\u00e8cles, la fronti\u00e8re en tant que limite a \u00e9t\u00e9 un th\u00e8me majeur dans l\u2019\u00e9volution de l\u2019art litt\u00e9raire et pictural. Les repr\u00e9sentations visuelles du concept de fronti\u00e8re offrent une perspective unique servant de sources exploratoires aux questions fondamentales de l\u2019existence humaine.<br>Ce concept est clairement perceptible dans les \u0153uvres de nombreux artistes de renom tels que Gustav Klimt ou Salvador Dali, ainsi que chez les \u00e9crivains, comme Charles Baudelaire, Andr\u00e9 Breton ou Louis Aragon. Ils ont utilis\u00e9 le th\u00e8me des fronti\u00e8res pour v\u00e9hiculer des id\u00e9es puissantes li\u00e9es \u00e0 la conscience, \u00e0 l\u2019identit\u00e9 et \u00e0 la condition humaine. Par ce biais, en repoussant les limites des fronti\u00e8res, ils ont cherch\u00e9 \u00e0 sonder les profondeurs de l\u2019inconscient et \u00e0 explorer des champs nouveaux.<br>La vie psychique de ces peintres et de ces \u00e9crivains a \u00e9t\u00e9 essentielle pour fa\u00e7onner leur production cr\u00e9ative. Qu\u2019elles soient ouvertes ou ferm\u00e9es, ces limites internes et personnelles ont servi de cadre \u00e0 leur travail et ont pu \u00eatre utilis\u00e9es pour mobiliser l\u2019\u00e9nergie, cr\u00e9er un monde imaginaire ou r\u00e9fl\u00e9chir sur soi.<br>Le d\u00e9fi pour ces artistes n\u2019a-t-il pas consist\u00e9 \u00e0 trouver un \u00e9quilibre entre le respect de leur identit\u00e9 originale et le franchissement des fronti\u00e8res pour cr\u00e9er quelque chose de singulier et d\u2019innovant ?<\/p>\n\n\n\n<p><strong><em>Pour lire le texte complet <a href=\"\/index.php\/options-dinscription\/\"><mark style=\"background-color:rgba(0, 0, 0, 0)\" class=\"has-inline-color has-vivid-cyan-blue-color\">s&rsquo;inscrire<\/mark><\/a> ou <a href=\"\/index.php\/my-account\/edit-account\/\"><mark style=\"background-color:rgba(0, 0, 0, 0)\" class=\"has-inline-color has-vivid-cyan-blue-color\">se connecter<\/mark><\/a><\/em><\/strong><\/p>\n\n\n\n\n\n<div style=\"height:100px\" aria-hidden=\"true\" class=\"wp-block-spacer\"><\/div>\n\n\n\n<div class=\"wp-block-buttons is-content-justification-center is-layout-flex wp-container-core-buttons-is-layout-a89b3969 wp-block-buttons-is-layout-flex\">\n<div class=\"wp-block-button has-custom-font-size has-small-font-size\"><a class=\"wp-block-button__link has-vivid-red-background-color has-background wp-element-button\" href=\"\/index.php\/2025\/03\/26\/frontieres-2\/\">&lt;&#8211; retour<\/a><\/div>\n<\/div>\n<\/div>\n\n\n\n<div class=\"wp-block-column is-layout-flow wp-block-column-is-layout-flow\" style=\"flex-basis:33.33%\">\n<figure class=\"wp-block-table\"><table class=\"has-background\" style=\"background-color:#f8f2f2\"><thead><tr><th><mark class=\"has-inline-color has-vivid-red-color\" style=\"background-color: rgba(0, 0, 0, 0);\"><strong>Auteur<\/strong><\/mark><\/th><\/tr><\/thead><tbody><tr><td><strong><strong>Martine Marsat<\/strong><\/strong><\/td><\/tr><\/tbody><\/table><\/figure>\n\n\n\n<figure class=\"wp-block-table\"><table><thead><tr><th><mark class=\"has-inline-color has-vivid-red-color\" style=\"background-color: rgba(0, 0, 0, 0);\"><strong>R\u00e9f\u00e9rence<\/strong><\/mark><\/th><\/tr><\/thead><tbody><tr><td><strong>RA021-22<\/strong><br><strong>Fronti\u00e8res<\/strong><br>Journ\u00e9es de Automne 2023<\/td><\/tr><\/tbody><\/table><\/figure>\n\n\n\n<figure class=\"wp-block-table\"><table><thead><tr><th><mark class=\"has-inline-color has-vivid-red-color\" style=\"background-color: rgba(0, 0, 0, 0);\"><strong>Cat\u00e9gories<\/strong><\/mark><\/th><\/tr><\/thead><tbody><tr><td>Litt\u00e9rature<br>Art<\/td><\/tr><\/tbody><\/table><\/figure>\n<\/div>\n<\/div>\n","protected":false},"excerpt":{"rendered":"<p>Au cours des XIXe et XXe si\u00e8cles, la fronti\u00e8re en tant que limite a \u00e9t\u00e9 un th\u00e8me majeur dans l\u2019\u00e9volution de l\u2019art litt\u00e9raire et pictural. Les repr\u00e9sentations visuelles du concept de fronti\u00e8re offrent une perspective unique servant de sources exploratoires aux questions fondamentales de l\u2019existence humaine.Ce concept est clairement perceptible&hellip;<\/p>\n","protected":false},"author":2,"featured_media":0,"comment_status":"closed","ping_status":"open","sticky":false,"template":"","format":"standard","meta":{"pmpro_default_level":"","ngg_post_thumbnail":0,"footnotes":""},"categories":[206],"tags":[483,885,509,913],"class_list":["post-4936","post","type-post","status-publish","format-standard","hentry","category-marsat-martine","tag-art","tag-frontieres","tag-litterature","tag-ra021-22","pmpro-has-access"],"_links":{"self":[{"href":"https:\/\/bibliotheque-sfpe-at.com\/index.php\/wp-json\/wp\/v2\/posts\/4936","targetHints":{"allow":["GET"]}}],"collection":[{"href":"https:\/\/bibliotheque-sfpe-at.com\/index.php\/wp-json\/wp\/v2\/posts"}],"about":[{"href":"https:\/\/bibliotheque-sfpe-at.com\/index.php\/wp-json\/wp\/v2\/types\/post"}],"author":[{"embeddable":true,"href":"https:\/\/bibliotheque-sfpe-at.com\/index.php\/wp-json\/wp\/v2\/users\/2"}],"replies":[{"embeddable":true,"href":"https:\/\/bibliotheque-sfpe-at.com\/index.php\/wp-json\/wp\/v2\/comments?post=4936"}],"version-history":[{"count":2,"href":"https:\/\/bibliotheque-sfpe-at.com\/index.php\/wp-json\/wp\/v2\/posts\/4936\/revisions"}],"predecessor-version":[{"id":4939,"href":"https:\/\/bibliotheque-sfpe-at.com\/index.php\/wp-json\/wp\/v2\/posts\/4936\/revisions\/4939"}],"wp:attachment":[{"href":"https:\/\/bibliotheque-sfpe-at.com\/index.php\/wp-json\/wp\/v2\/media?parent=4936"}],"wp:term":[{"taxonomy":"category","embeddable":true,"href":"https:\/\/bibliotheque-sfpe-at.com\/index.php\/wp-json\/wp\/v2\/categories?post=4936"},{"taxonomy":"post_tag","embeddable":true,"href":"https:\/\/bibliotheque-sfpe-at.com\/index.php\/wp-json\/wp\/v2\/tags?post=4936"}],"curies":[{"name":"wp","href":"https:\/\/api.w.org\/{rel}","templated":true}]}}