{"id":4942,"date":"2025-03-27T17:08:54","date_gmt":"2025-03-27T16:08:54","guid":{"rendered":"https:\/\/bibliotheque-sfpe-at.com\/?p=4942"},"modified":"2025-03-27T17:41:31","modified_gmt":"2025-03-27T16:41:31","slug":"les-frontieres-dans-ma-pratique-en-art-therapie","status":"publish","type":"post","link":"https:\/\/bibliotheque-sfpe-at.com\/index.php\/2025\/03\/27\/les-frontieres-dans-ma-pratique-en-art-therapie\/","title":{"rendered":"Les Fronti\u00e8res dans ma pratique en art-th\u00e9rapie"},"content":{"rendered":"\n<p class=\"has-text-align-left\"><\/p>\n\n\n\n<div class=\"wp-block-columns is-layout-flex wp-container-core-columns-is-layout-28f84493 wp-block-columns-is-layout-flex\">\n<div class=\"wp-block-column is-layout-flow wp-block-column-is-layout-flow\" style=\"flex-basis:66.66%\"><\/div>\n\n\n\n<div class=\"wp-block-column is-layout-flow wp-block-column-is-layout-flow\" style=\"flex-basis:33.33%\"><\/div>\n<\/div>\n\n\n\n<div class=\"wp-block-columns is-layout-flex wp-container-core-columns-is-layout-28f84493 wp-block-columns-is-layout-flex\">\n<div class=\"wp-block-column is-layout-flow wp-block-column-is-layout-flow\" style=\"flex-basis:66.66%\">\n<p>Je propose de partager mon exp\u00e9rience et mes interrogations sur ma pratique en art-th\u00e9rapie en lien avec ce th\u00e8me \u00ab fronti\u00e8res \u00bb. J\u2019ai pu rep\u00e9rer en effet plusieurs fronti\u00e8res et territoires dans mon activit\u00e9 professionnelle. Dans mon institution, l\u2019atelier est situ\u00e9 en p\u00e9riph\u00e9rie. Il faut sortir soit dans la rue, longer le b\u00e2timent, passer une porte\/grille pour acc\u00e9der \u00e0 un passage entre un immeuble et une cour, soit en traversant le couloir et la salle polyvalente pour franchir une porte de secours. On acc\u00e8de alors dans l\u2019autre partie du b\u00e2timent situ\u00e9 au rez-de-chauss\u00e9e d\u2019un immeuble avec une entr\u00e9e directe. C\u2019est un chemin que je fais avec les patients pour passer \u00ab la fronti\u00e8re \u00bb et arriver \u00e0 l\u2019atelier d\u2019art th\u00e9rapie. Lors de cet accompagnement, il se dit des choses en lien avec l\u2019actualit\u00e9 du patient ou de son environnement. Dans l\u2019atelier en L, il existe un espace cr\u00e9\u00e9 par une petite cloison que je nommerais \u00ab une demi-fronti\u00e8re \u00bb. Quand on y est, on peut se cacher du regard des autres tout en \u00e9tant dans le groupe. Et puis il y a la fronti\u00e8re de la feuille, c\u2019est-\u00e0-dire les quatre bords que l\u2019on peut modifier et \/ou franchir et la surface du papier, le territoire o\u00f9 l\u2019on peut cr\u00e9er des fronti\u00e8res. J\u2019illustrerai mon propos par plusieurs vignettes cliniques en groupe d\u2019art-th\u00e9rapie. Je pr\u00e9ciserai comment dans le processus de cr\u00e9ation une fronti\u00e8re peut \u00eatre cr\u00e9\u00e9e par des bordures. Cela fait \u00e9cho \u00e0 la peinture de Pierre Alechinsky.<\/p>\n\n\n\n<p><strong><em>Pour lire le texte complet <a href=\"\/index.php\/options-dinscription\/\"><mark style=\"background-color:rgba(0, 0, 0, 0)\" class=\"has-inline-color has-vivid-cyan-blue-color\">s&rsquo;inscrire<\/mark><\/a> ou <a href=\"\/index.php\/my-account\/edit-account\/\"><mark style=\"background-color:rgba(0, 0, 0, 0)\" class=\"has-inline-color has-vivid-cyan-blue-color\">se connecter<\/mark><\/a><\/em><\/strong><\/p>\n\n\n\n\n\n<div style=\"height:100px\" aria-hidden=\"true\" class=\"wp-block-spacer\"><\/div>\n\n\n\n<div class=\"wp-block-buttons is-content-justification-center is-layout-flex wp-container-core-buttons-is-layout-a89b3969 wp-block-buttons-is-layout-flex\">\n<div class=\"wp-block-button has-custom-font-size has-small-font-size\"><a class=\"wp-block-button__link has-vivid-red-background-color has-background wp-element-button\" href=\"\/index.php\/2025\/03\/26\/frontieres-2\/\">&lt;&#8211; retour<\/a><\/div>\n<\/div>\n<\/div>\n\n\n\n<div class=\"wp-block-column is-layout-flow wp-block-column-is-layout-flow\" style=\"flex-basis:33.33%\">\n<figure class=\"wp-block-table\"><table class=\"has-background\" style=\"background-color:#f8f2f2\"><thead><tr><th><mark class=\"has-inline-color has-vivid-red-color\" style=\"background-color: rgba(0, 0, 0, 0);\"><strong>Auteur<\/strong><\/mark><\/th><\/tr><\/thead><tbody><tr><td><strong><strong><strong>S<\/strong><\/strong>ophie Masson<\/strong><\/td><\/tr><\/tbody><\/table><\/figure>\n\n\n\n<figure class=\"wp-block-table\"><table><thead><tr><th><mark class=\"has-inline-color has-vivid-red-color\" style=\"background-color: rgba(0, 0, 0, 0);\"><strong>R\u00e9f\u00e9rence<\/strong><\/mark><\/th><\/tr><\/thead><tbody><tr><td><strong>RA021-23<\/strong><br><strong>Fronti\u00e8res<\/strong><br>Journ\u00e9es de Automne 2023<\/td><\/tr><\/tbody><\/table><\/figure>\n\n\n\n<figure class=\"wp-block-table\"><table><thead><tr><th><mark class=\"has-inline-color has-vivid-red-color\" style=\"background-color: rgba(0, 0, 0, 0);\"><strong>Cat\u00e9gories<\/strong><\/mark><\/th><\/tr><\/thead><tbody><tr><td>Art-th\u00e9rapie<br>Psychiatrie<br>Peinture<\/td><\/tr><\/tbody><\/table><\/figure>\n<\/div>\n<\/div>\n","protected":false},"excerpt":{"rendered":"<p>Je propose de partager mon exp\u00e9rience et mes interrogations sur ma pratique en art-th\u00e9rapie en lien avec ce th\u00e8me \u00ab fronti\u00e8res \u00bb. J\u2019ai pu rep\u00e9rer en effet plusieurs fronti\u00e8res et territoires dans mon activit\u00e9 professionnelle. Dans mon institution, l\u2019atelier est situ\u00e9 en p\u00e9riph\u00e9rie. Il faut sortir soit dans la rue,&hellip;<\/p>\n","protected":false},"author":2,"featured_media":0,"comment_status":"closed","ping_status":"open","sticky":false,"template":"","format":"standard","meta":{"pmpro_default_level":"","ngg_post_thumbnail":0,"footnotes":""},"categories":[436],"tags":[492,885,484,574,914],"class_list":["post-4942","post","type-post","status-publish","format-standard","hentry","category-masson-sophie","tag-art-therapie","tag-frontieres","tag-peinture","tag-psychiatrie","tag-ra021-23","pmpro-has-access"],"_links":{"self":[{"href":"https:\/\/bibliotheque-sfpe-at.com\/index.php\/wp-json\/wp\/v2\/posts\/4942","targetHints":{"allow":["GET"]}}],"collection":[{"href":"https:\/\/bibliotheque-sfpe-at.com\/index.php\/wp-json\/wp\/v2\/posts"}],"about":[{"href":"https:\/\/bibliotheque-sfpe-at.com\/index.php\/wp-json\/wp\/v2\/types\/post"}],"author":[{"embeddable":true,"href":"https:\/\/bibliotheque-sfpe-at.com\/index.php\/wp-json\/wp\/v2\/users\/2"}],"replies":[{"embeddable":true,"href":"https:\/\/bibliotheque-sfpe-at.com\/index.php\/wp-json\/wp\/v2\/comments?post=4942"}],"version-history":[{"count":1,"href":"https:\/\/bibliotheque-sfpe-at.com\/index.php\/wp-json\/wp\/v2\/posts\/4942\/revisions"}],"predecessor-version":[{"id":4943,"href":"https:\/\/bibliotheque-sfpe-at.com\/index.php\/wp-json\/wp\/v2\/posts\/4942\/revisions\/4943"}],"wp:attachment":[{"href":"https:\/\/bibliotheque-sfpe-at.com\/index.php\/wp-json\/wp\/v2\/media?parent=4942"}],"wp:term":[{"taxonomy":"category","embeddable":true,"href":"https:\/\/bibliotheque-sfpe-at.com\/index.php\/wp-json\/wp\/v2\/categories?post=4942"},{"taxonomy":"post_tag","embeddable":true,"href":"https:\/\/bibliotheque-sfpe-at.com\/index.php\/wp-json\/wp\/v2\/tags?post=4942"}],"curies":[{"name":"wp","href":"https:\/\/api.w.org\/{rel}","templated":true}]}}