{"id":4944,"date":"2025-03-27T17:13:07","date_gmt":"2025-03-27T16:13:07","guid":{"rendered":"https:\/\/bibliotheque-sfpe-at.com\/?p=4944"},"modified":"2025-03-31T18:59:33","modified_gmt":"2025-03-31T16:59:33","slug":"etats-limites-borderline-situations-limites-carrefour-epistemologique-et-hermeneutiquede-la-nosographie-psychiatrique-et-de-la-psychopathologie","status":"publish","type":"post","link":"https:\/\/bibliotheque-sfpe-at.com\/index.php\/2025\/03\/27\/etats-limites-borderline-situations-limites-carrefour-epistemologique-et-hermeneutiquede-la-nosographie-psychiatrique-et-de-la-psychopathologie\/","title":{"rendered":"\u00c9tats limites, borderline, situations limites. Carrefour \u00e9pist\u00e9mologique et herm\u00e9neutiquede la nosographie psychiatrique et de la psychopathologie"},"content":{"rendered":"\n<p class=\"has-text-align-left\"><\/p>\n\n\n\n<div class=\"wp-block-columns is-layout-flex wp-container-core-columns-is-layout-28f84493 wp-block-columns-is-layout-flex\">\n<div class=\"wp-block-column is-layout-flow wp-block-column-is-layout-flow\" style=\"flex-basis:66.66%\"><\/div>\n\n\n\n<div class=\"wp-block-column is-layout-flow wp-block-column-is-layout-flow\" style=\"flex-basis:33.33%\"><\/div>\n<\/div>\n\n\n\n<div class=\"wp-block-columns is-layout-flex wp-container-core-columns-is-layout-28f84493 wp-block-columns-is-layout-flex\">\n<div class=\"wp-block-column is-layout-flow wp-block-column-is-layout-flow\" style=\"flex-basis:66.66%\">\n<p>En pr\u00e9ambule d\u2019un article sur les \u00e9tats limites, Fran\u00e7oise Chaine et Julien-Daniel Guelfi d\u00e9clarent que \u00ab le concept d\u2019\u201c\u00e9tat limite\u201d (borderline) \u00e9voque tout \u00e0 la fois les notions de fronti\u00e8re entre le normal et le pathologique, ou entre n\u00e9vrose et psychose, et celles d\u2019une organisation particuli\u00e8re de la personnalit\u00e9 ayant une v\u00e9ritable sp\u00e9cificit\u00e9 nosographique. \u00bb<br>Dans sa psychopathologie, Jaspers accorde une part d\u00e9cisive \u00e0 ce qu\u2019il nomme \u00ab situations limites \u00bb au cours desquelles l\u2019Homme, n\u00e9cessairement confront\u00e9 \u00e0 elles au fil de son existence, y puisera conscience de son \u00eatre. Constitutives d\u2019une histoire commune de nos personnes, elles s\u2019\u00e9laborent aussi en constituants diff\u00e9renci\u00e9s de nos personnalit\u00e9s.<br>L\u2019analyse critique de la notion de \u00ab limite \u00bb, prise au jeu dialectique de sa propre relativit\u00e9, nous conduira \u00e0 distinguer positivement fronti\u00e8res et limites. Les classifications nosographiques op\u00e8rent des cloisonnements inaptes \u00e0 circonscrire par seule disjonction une r\u00e9alit\u00e9 aussi bien s\u00e9miologique que symptomatique. De cette d\u00e9ception d\u00e9coule une ouverture \u00e9pist\u00e9mologique et herm\u00e9neutique, o\u00f9 Prinzhorn a voix au chapitre dans la mesure o\u00f9 la sollicitation expressive nous sensibilise \u00e0 la nature de ce qui est vis\u00e9 dans l\u2019observation des ph\u00e9nom\u00e8nes psychiques et constructions qui ambitionnent de les comprendre. Une forme de r\u00e9ceptivit\u00e9 aux retomb\u00e9es f\u00e9condes sur le suivi de leurs fragilit\u00e9s et d\u00e9sordres.<\/p>\n\n\n\n<p><strong><em>Pour lire le texte complet <a href=\"\/index.php\/options-dinscription\/\"><mark style=\"background-color:rgba(0, 0, 0, 0)\" class=\"has-inline-color has-vivid-cyan-blue-color\">s&rsquo;inscrire<\/mark><\/a> ou <a href=\"\/index.php\/my-account\/edit-account\/\"><mark style=\"background-color:rgba(0, 0, 0, 0)\" class=\"has-inline-color has-vivid-cyan-blue-color\">se connecter<\/mark><\/a><\/em><\/strong><\/p>\n\n\n\n\n\n<div style=\"height:100px\" aria-hidden=\"true\" class=\"wp-block-spacer\"><\/div>\n\n\n\n<div class=\"wp-block-buttons is-content-justification-center is-layout-flex wp-container-core-buttons-is-layout-a89b3969 wp-block-buttons-is-layout-flex\">\n<div class=\"wp-block-button has-custom-font-size has-small-font-size\"><a class=\"wp-block-button__link has-vivid-red-background-color has-background wp-element-button\" href=\"\/index.php\/2025\/03\/26\/frontieres-2\/\">&lt;&#8211; retour<\/a><\/div>\n<\/div>\n<\/div>\n\n\n\n<div class=\"wp-block-column is-layout-flow wp-block-column-is-layout-flow\" style=\"flex-basis:33.33%\">\n<figure class=\"wp-block-table\"><table class=\"has-background\" style=\"background-color:#f8f2f2\"><thead><tr><th><mark class=\"has-inline-color has-vivid-red-color\" style=\"background-color: rgba(0, 0, 0, 0);\"><strong>Auteur<\/strong><\/mark><\/th><\/tr><\/thead><tbody><tr><td><strong><strong><strong>Jean-Marie Barth\u00e9l\u00e9my<\/strong><\/strong><\/strong><\/td><\/tr><\/tbody><\/table><\/figure>\n\n\n\n<figure class=\"wp-block-table\"><table><thead><tr><th><mark class=\"has-inline-color has-vivid-red-color\" style=\"background-color: rgba(0, 0, 0, 0);\"><strong>R\u00e9f\u00e9rence<\/strong><\/mark><\/th><\/tr><\/thead><tbody><tr><td><strong>RA021-27<\/strong><br><strong>Fronti\u00e8res<\/strong><br>Journ\u00e9es de Automne 2023<\/td><\/tr><\/tbody><\/table><\/figure>\n\n\n\n<figure class=\"wp-block-table\"><table><thead><tr><th><mark class=\"has-inline-color has-vivid-red-color\" style=\"background-color: rgba(0, 0, 0, 0);\"><strong>Cat\u00e9gories<\/strong><\/mark><\/th><\/tr><\/thead><tbody><tr><td>\u00c9pist\u00e9mologie<br>Histoire<br>Psychiatrie<br>Psychopathologie de l\u2019expression<\/td><\/tr><\/tbody><\/table><\/figure>\n<\/div>\n<\/div>\n","protected":false},"excerpt":{"rendered":"<p>En pr\u00e9ambule d\u2019un article sur les \u00e9tats limites, Fran\u00e7oise Chaine et Julien-Daniel Guelfi d\u00e9clarent que \u00ab le concept d\u2019\u201c\u00e9tat limite\u201d (borderline) \u00e9voque tout \u00e0 la fois les notions de fronti\u00e8re entre le normal et le pathologique, ou entre n\u00e9vrose et psychose, et celles d\u2019une organisation particuli\u00e8re de la personnalit\u00e9 ayant&hellip;<\/p>\n","protected":false},"author":2,"featured_media":0,"comment_status":"closed","ping_status":"open","sticky":false,"template":"","format":"standard","meta":{"pmpro_default_level":"","ngg_post_thumbnail":0,"footnotes":""},"categories":[31],"tags":[738,885,575,574,488,892],"class_list":["post-4944","post","type-post","status-publish","format-standard","hentry","category-barthelemy-jean-marie","tag-epistemologie","tag-frontieres","tag-histoire","tag-psychiatrie","tag-psychopathologie-de-lexpression","tag-ra021-27","pmpro-has-access"],"_links":{"self":[{"href":"https:\/\/bibliotheque-sfpe-at.com\/index.php\/wp-json\/wp\/v2\/posts\/4944","targetHints":{"allow":["GET"]}}],"collection":[{"href":"https:\/\/bibliotheque-sfpe-at.com\/index.php\/wp-json\/wp\/v2\/posts"}],"about":[{"href":"https:\/\/bibliotheque-sfpe-at.com\/index.php\/wp-json\/wp\/v2\/types\/post"}],"author":[{"embeddable":true,"href":"https:\/\/bibliotheque-sfpe-at.com\/index.php\/wp-json\/wp\/v2\/users\/2"}],"replies":[{"embeddable":true,"href":"https:\/\/bibliotheque-sfpe-at.com\/index.php\/wp-json\/wp\/v2\/comments?post=4944"}],"version-history":[{"count":3,"href":"https:\/\/bibliotheque-sfpe-at.com\/index.php\/wp-json\/wp\/v2\/posts\/4944\/revisions"}],"predecessor-version":[{"id":5006,"href":"https:\/\/bibliotheque-sfpe-at.com\/index.php\/wp-json\/wp\/v2\/posts\/4944\/revisions\/5006"}],"wp:attachment":[{"href":"https:\/\/bibliotheque-sfpe-at.com\/index.php\/wp-json\/wp\/v2\/media?parent=4944"}],"wp:term":[{"taxonomy":"category","embeddable":true,"href":"https:\/\/bibliotheque-sfpe-at.com\/index.php\/wp-json\/wp\/v2\/categories?post=4944"},{"taxonomy":"post_tag","embeddable":true,"href":"https:\/\/bibliotheque-sfpe-at.com\/index.php\/wp-json\/wp\/v2\/tags?post=4944"}],"curies":[{"name":"wp","href":"https:\/\/api.w.org\/{rel}","templated":true}]}}