{"id":4946,"date":"2025-03-27T17:16:00","date_gmt":"2025-03-27T16:16:00","guid":{"rendered":"https:\/\/bibliotheque-sfpe-at.com\/?p=4946"},"modified":"2025-03-27T17:42:23","modified_gmt":"2025-03-27T16:42:23","slug":"limaginaire-de-la-frontiere-dans-loeuvre-de-francoise-petrovitch","status":"publish","type":"post","link":"https:\/\/bibliotheque-sfpe-at.com\/index.php\/2025\/03\/27\/limaginaire-de-la-frontiere-dans-loeuvre-de-francoise-petrovitch\/","title":{"rendered":"L\u2019imaginaire de la fronti\u00e8re dans l\u2019\u0153uvre de Fran\u00e7oise P\u00e9trovitch"},"content":{"rendered":"\n<p class=\"has-text-align-left\"><\/p>\n\n\n\n<div class=\"wp-block-columns is-layout-flex wp-container-core-columns-is-layout-28f84493 wp-block-columns-is-layout-flex\">\n<div class=\"wp-block-column is-layout-flow wp-block-column-is-layout-flow\" style=\"flex-basis:66.66%\"><\/div>\n\n\n\n<div class=\"wp-block-column is-layout-flow wp-block-column-is-layout-flow\" style=\"flex-basis:33.33%\"><\/div>\n<\/div>\n\n\n\n<div class=\"wp-block-columns is-layout-flex wp-container-core-columns-is-layout-28f84493 wp-block-columns-is-layout-flex\">\n<div class=\"wp-block-column is-layout-flow wp-block-column-is-layout-flow\" style=\"flex-basis:66.66%\">\n<p>Fran\u00e7oise P\u00e9trovitch se joue des d\u00e9limitations conventionnelles et outrepasse les cat\u00e9gories temporelles pour explorer la fronti\u00e8re poreuse, perm\u00e9able et flottante, qui s\u00e9pare l\u2019humain de l\u2019animal, l\u2019enfance du monde adulte, le sexe masculin du sexe f\u00e9minin. \u00c0 travers des techniques aussi diverses que le dessin, le lavis, la peinture \u00e0 l\u2019huile, la sculpture, elle tente de fixer l\u2019\u00e9ph\u00e9m\u00e8re, c\u2019est-\u00e0-dire toutes ces formes transitoires par lesquelles le vivant ne cesse de passer au cours de sa vie sans jamais totalement les d\u00e9passer.<br>Son \u0153uvre, travers\u00e9e par les th\u00e8mes du double, du fragment, de l\u2019intime, peupl\u00e9e de corps, d\u2019animaux, de mains, de natures mortes, de fum\u00e9e de cigarette, de visages aux yeux ferm\u00e9s, d\u2019oiseaux, \u00e9chappe \u00e0 toute interpr\u00e9tation laissant ouverte la fronti\u00e8re entre l\u2019int\u00e9rieur et l\u2019ext\u00e9rieur, le monde du r\u00eave et la r\u00e9alit\u00e9, la pr\u00e9sence et l\u2019absence.<br>Dans sa derni\u00e8re exposition Aimer. Rompre , qui explore les prolongements du romantisme dans l\u2019art contemporain, l\u2019artiste sonde l\u2019ambigu\u00eft\u00e9 du sentiment amoureux et la th\u00e9matique de \u00ab l\u2019entre-deux \u00bb, embl\u00e9matique de sa pens\u00e9e, comme lieu des m\u00e9tamorphoses et des possibles.<br>Loin de l\u2019ins\u00e9parabilit\u00e9 des amants romantiques, c\u2019est l\u2019incertitude des sentiments et la solitude partag\u00e9e qui s\u2019imposent dans cette \u0153uvre \u00e9nigmatique et singuli\u00e8re, empreinte de po\u00e9sie, o\u00f9 l\u2019ouverture des fronti\u00e8res, loin de favoriser les \u00e9changes, semble avoir contraint l\u2019homme \u00e0 se replier sur lui-m\u00eame.<\/p>\n\n\n\n<p><strong><em>Pour lire le texte complet <a href=\"\/index.php\/options-dinscription\/\"><mark style=\"background-color:rgba(0, 0, 0, 0)\" class=\"has-inline-color has-vivid-cyan-blue-color\">s&rsquo;inscrire<\/mark><\/a> ou <a href=\"\/index.php\/my-account\/edit-account\/\"><mark style=\"background-color:rgba(0, 0, 0, 0)\" class=\"has-inline-color has-vivid-cyan-blue-color\">se connecter<\/mark><\/a><\/em><\/strong><\/p>\n\n\n\n\n\n<div style=\"height:100px\" aria-hidden=\"true\" class=\"wp-block-spacer\"><\/div>\n\n\n\n<div class=\"wp-block-buttons is-content-justification-center is-layout-flex wp-container-core-buttons-is-layout-a89b3969 wp-block-buttons-is-layout-flex\">\n<div class=\"wp-block-button has-custom-font-size has-small-font-size\"><a class=\"wp-block-button__link has-vivid-red-background-color has-background wp-element-button\" href=\"\/index.php\/2025\/03\/26\/frontieres-2\/\">&lt;&#8211; retour<\/a><\/div>\n<\/div>\n<\/div>\n\n\n\n<div class=\"wp-block-column is-layout-flow wp-block-column-is-layout-flow\" style=\"flex-basis:33.33%\">\n<figure class=\"wp-block-table\"><table class=\"has-background\" style=\"background-color:#f8f2f2\"><thead><tr><th><mark class=\"has-inline-color has-vivid-red-color\" style=\"background-color: rgba(0, 0, 0, 0);\"><strong>Auteur<\/strong><\/mark><\/th><\/tr><\/thead><tbody><tr><td><strong><strong><strong><strong>Suzanne Ferri\u00e8res-Pestureau<\/strong><\/strong><\/strong><\/strong><\/td><\/tr><\/tbody><\/table><\/figure>\n\n\n\n<figure class=\"wp-block-table\"><table><thead><tr><th><mark class=\"has-inline-color has-vivid-red-color\" style=\"background-color: rgba(0, 0, 0, 0);\"><strong>R\u00e9f\u00e9rence<\/strong><\/mark><\/th><\/tr><\/thead><tbody><tr><td><strong>RA021-25<\/strong><br><strong>Fronti\u00e8res<\/strong><br>Journ\u00e9es de Automne 2023<\/td><\/tr><\/tbody><\/table><\/figure>\n\n\n\n<figure class=\"wp-block-table\"><table><thead><tr><th><mark class=\"has-inline-color has-vivid-red-color\" style=\"background-color: rgba(0, 0, 0, 0);\"><strong>Cat\u00e9gories<\/strong><\/mark><\/th><\/tr><\/thead><tbody><tr><td>Art<br>Psychopathologie de l\u2019expression<br>Peinture<br>Sculpture<\/td><\/tr><\/tbody><\/table><\/figure>\n<\/div>\n<\/div>\n","protected":false},"excerpt":{"rendered":"<p>Fran\u00e7oise P\u00e9trovitch se joue des d\u00e9limitations conventionnelles et outrepasse les cat\u00e9gories temporelles pour explorer la fronti\u00e8re poreuse, perm\u00e9able et flottante, qui s\u00e9pare l\u2019humain de l\u2019animal, l\u2019enfance du monde adulte, le sexe masculin du sexe f\u00e9minin. \u00c0 travers des techniques aussi diverses que le dessin, le lavis, la peinture \u00e0 l\u2019huile,&hellip;<\/p>\n","protected":false},"author":2,"featured_media":0,"comment_status":"closed","ping_status":"open","sticky":false,"template":"","format":"standard","meta":{"pmpro_default_level":"","ngg_post_thumbnail":0,"footnotes":""},"categories":[141],"tags":[483,885,484,488,916,495],"class_list":["post-4946","post","type-post","status-publish","format-standard","hentry","category-ferrieres-pestureau-suzanne","tag-art","tag-frontieres","tag-peinture","tag-psychopathologie-de-lexpression","tag-ra021-25","tag-sculpture","pmpro-has-access"],"_links":{"self":[{"href":"https:\/\/bibliotheque-sfpe-at.com\/index.php\/wp-json\/wp\/v2\/posts\/4946","targetHints":{"allow":["GET"]}}],"collection":[{"href":"https:\/\/bibliotheque-sfpe-at.com\/index.php\/wp-json\/wp\/v2\/posts"}],"about":[{"href":"https:\/\/bibliotheque-sfpe-at.com\/index.php\/wp-json\/wp\/v2\/types\/post"}],"author":[{"embeddable":true,"href":"https:\/\/bibliotheque-sfpe-at.com\/index.php\/wp-json\/wp\/v2\/users\/2"}],"replies":[{"embeddable":true,"href":"https:\/\/bibliotheque-sfpe-at.com\/index.php\/wp-json\/wp\/v2\/comments?post=4946"}],"version-history":[{"count":1,"href":"https:\/\/bibliotheque-sfpe-at.com\/index.php\/wp-json\/wp\/v2\/posts\/4946\/revisions"}],"predecessor-version":[{"id":4947,"href":"https:\/\/bibliotheque-sfpe-at.com\/index.php\/wp-json\/wp\/v2\/posts\/4946\/revisions\/4947"}],"wp:attachment":[{"href":"https:\/\/bibliotheque-sfpe-at.com\/index.php\/wp-json\/wp\/v2\/media?parent=4946"}],"wp:term":[{"taxonomy":"category","embeddable":true,"href":"https:\/\/bibliotheque-sfpe-at.com\/index.php\/wp-json\/wp\/v2\/categories?post=4946"},{"taxonomy":"post_tag","embeddable":true,"href":"https:\/\/bibliotheque-sfpe-at.com\/index.php\/wp-json\/wp\/v2\/tags?post=4946"}],"curies":[{"name":"wp","href":"https:\/\/api.w.org\/{rel}","templated":true}]}}