{"id":4949,"date":"2025-03-27T17:14:22","date_gmt":"2025-03-27T16:14:22","guid":{"rendered":"https:\/\/bibliotheque-sfpe-at.com\/?p=4949"},"modified":"2025-03-27T17:42:10","modified_gmt":"2025-03-27T16:42:10","slug":"la-frontiere-ce-terme-etat-limite","status":"publish","type":"post","link":"https:\/\/bibliotheque-sfpe-at.com\/index.php\/2025\/03\/27\/la-frontiere-ce-terme-etat-limite\/","title":{"rendered":"La fronti\u00e8re, ce terme \u00e9tat limite"},"content":{"rendered":"\n<p class=\"has-text-align-left\"><\/p>\n\n\n\n<div class=\"wp-block-columns is-layout-flex wp-container-core-columns-is-layout-28f84493 wp-block-columns-is-layout-flex\">\n<div class=\"wp-block-column is-layout-flow wp-block-column-is-layout-flow\" style=\"flex-basis:66.66%\"><\/div>\n\n\n\n<div class=\"wp-block-column is-layout-flow wp-block-column-is-layout-flow\" style=\"flex-basis:33.33%\"><\/div>\n<\/div>\n\n\n\n<div class=\"wp-block-columns is-layout-flex wp-container-core-columns-is-layout-28f84493 wp-block-columns-is-layout-flex\">\n<div class=\"wp-block-column is-layout-flow wp-block-column-is-layout-flow\" style=\"flex-basis:66.66%\">\n<p>La fronti\u00e8re rythme l\u2019existence de l\u2019homme. Elle lui permet de se singulariser, de se prot\u00e9ger, de percevoir. Elle se manifeste par des coupures, des discontinuit\u00e9s qui aident \u00e0 distinguer des registres, des lieux\u2026 Elle op\u00e8re des s\u00e9parations en d\u00e9limitant un dehors d\u2019un dedans. Cependant, la notion de fronti\u00e8re repr\u00e9sente un \u00e9tat limite par sa duplicit\u00e9. Elle introduit entre le m\u00eame et l\u2019autre une zone ind\u00e9cise o\u00f9 chacun est \u00e0 la fois en dehors et en dedans par rapport \u00e0 l\u2019autre et par rapport \u00e0 soi. \u00c0 la fois s\u00e9paration et trait d\u2019union, la fronti\u00e8re est-elle un barrage ou un passage ? Un lieu de contact ou de s\u00e9paration ?<\/p>\n\n\n\n<p>Les diff\u00e9rentes rencontres cliniques m\u2019am\u00e8nent \u00e0 penser la fronti\u00e8re en tant qu\u2019espace psychique et cadre th\u00e9rapeutique. Par leurs fonctionnements psychiques, certains patients se tiennent dans un entre-deux, espace ind\u00e9fini entre la vie et la mort, d\u00e9bordement pulsionnel et rigidit\u00e9\u2026 Accueillir et m\u2019adapter \u00e0 la singularit\u00e9 des mouvements de la psych\u00e9 m\u2019engage \u00e0 d\u00e9passer \/ repousser les limites de mon cadre th\u00e9rapeutique. Je me lance \u00e0 la rencontre de la subjectivit\u00e9 du patient dans un espace de cocr\u00e9ation avec lui \u00e0 l\u2019aide d\u2019outils cr\u00e9atifs, sensoriels et proprioceptifs. Nous y tissons les couleurs, l\u2019\u00e9paisseur, les contours d\u2019une contenance corporo-psychique solide, suffisamment souple pour accueillir l\u2019inattendu sans risque d\u2019an\u00e9antissement. Cet espace d\u00e9fini devient vecteur de tierc\u00e9isation o\u00f9 se tisse un lien d\u2019intersubjectivit\u00e9 qui ponctue, scande, marque la construction de fronti\u00e8res psychiques. Et si le rythme permettait de concevoir la fronti\u00e8re comme une variation rythmiquement dynamique selon les oscillations de chaque ici et maintenant ?<\/p>\n\n\n\n<p><strong><em>Pour lire le texte complet <a href=\"\/index.php\/options-dinscription\/\"><mark style=\"background-color:rgba(0, 0, 0, 0)\" class=\"has-inline-color has-vivid-cyan-blue-color\">s&rsquo;inscrire<\/mark><\/a> ou <a href=\"\/index.php\/my-account\/edit-account\/\"><mark style=\"background-color:rgba(0, 0, 0, 0)\" class=\"has-inline-color has-vivid-cyan-blue-color\">se connecter<\/mark><\/a><\/em><\/strong><\/p>\n\n\n\n\n\n<div style=\"height:100px\" aria-hidden=\"true\" class=\"wp-block-spacer\"><\/div>\n\n\n\n<div class=\"wp-block-buttons is-content-justification-center is-layout-flex wp-container-core-buttons-is-layout-a89b3969 wp-block-buttons-is-layout-flex\">\n<div class=\"wp-block-button has-custom-font-size has-small-font-size\"><a class=\"wp-block-button__link has-vivid-red-background-color has-background wp-element-button\" href=\"\/index.php\/2025\/03\/26\/frontieres-2\/\">&lt;&#8211; retour<\/a><\/div>\n<\/div>\n<\/div>\n\n\n\n<div class=\"wp-block-column is-layout-flow wp-block-column-is-layout-flow\" style=\"flex-basis:33.33%\">\n<figure class=\"wp-block-table\"><table class=\"has-background\" style=\"background-color:#f8f2f2\"><thead><tr><th><mark class=\"has-inline-color has-vivid-red-color\" style=\"background-color: rgba(0, 0, 0, 0);\"><strong>Auteur<\/strong><\/mark><\/th><\/tr><\/thead><tbody><tr><td><strong><strong><strong><strong>Florian C\u0153ur-Joly<\/strong><\/strong><\/strong><\/strong><\/td><\/tr><\/tbody><\/table><\/figure>\n\n\n\n<figure class=\"wp-block-table\"><table><thead><tr><th><mark class=\"has-inline-color has-vivid-red-color\" style=\"background-color: rgba(0, 0, 0, 0);\"><strong>R\u00e9f\u00e9rence<\/strong><\/mark><\/th><\/tr><\/thead><tbody><tr><td><strong>RA021-24<\/strong><br><strong>Fronti\u00e8res<\/strong><br>Journ\u00e9es de Automne 2023<\/td><\/tr><\/tbody><\/table><\/figure>\n\n\n\n<figure class=\"wp-block-table\"><table><thead><tr><th><mark class=\"has-inline-color has-vivid-red-color\" style=\"background-color: rgba(0, 0, 0, 0);\"><strong>Cat\u00e9gories<\/strong><\/mark><\/th><\/tr><\/thead><tbody><tr><td>Ph\u00e9nom\u00e9nologie<br>Psychologie<br>Arts pluriels<br>Dispositif de m\u00e9diation<\/td><\/tr><\/tbody><\/table><\/figure>\n<\/div>\n<\/div>\n","protected":false},"excerpt":{"rendered":"<p>La fronti\u00e8re rythme l\u2019existence de l\u2019homme. Elle lui permet de se singulariser, de se prot\u00e9ger, de percevoir. Elle se manifeste par des coupures, des discontinuit\u00e9s qui aident \u00e0 distinguer des registres, des lieux\u2026 Elle op\u00e8re des s\u00e9parations en d\u00e9limitant un dehors d\u2019un dedans. Cependant, la notion de fronti\u00e8re repr\u00e9sente un&hellip;<\/p>\n","protected":false},"author":2,"featured_media":0,"comment_status":"closed","ping_status":"open","sticky":false,"template":"","format":"standard","meta":{"pmpro_default_level":"","ngg_post_thumbnail":0,"footnotes":""},"categories":[893],"tags":[569,505,885,486,498,915],"class_list":["post-4949","post","type-post","status-publish","format-standard","hentry","category-coeur-joly-florian","tag-arts-pluriels","tag-dispositif-de-mediation","tag-frontieres","tag-phenomenologie","tag-psychologie","tag-ra021-24","pmpro-has-access"],"_links":{"self":[{"href":"https:\/\/bibliotheque-sfpe-at.com\/index.php\/wp-json\/wp\/v2\/posts\/4949","targetHints":{"allow":["GET"]}}],"collection":[{"href":"https:\/\/bibliotheque-sfpe-at.com\/index.php\/wp-json\/wp\/v2\/posts"}],"about":[{"href":"https:\/\/bibliotheque-sfpe-at.com\/index.php\/wp-json\/wp\/v2\/types\/post"}],"author":[{"embeddable":true,"href":"https:\/\/bibliotheque-sfpe-at.com\/index.php\/wp-json\/wp\/v2\/users\/2"}],"replies":[{"embeddable":true,"href":"https:\/\/bibliotheque-sfpe-at.com\/index.php\/wp-json\/wp\/v2\/comments?post=4949"}],"version-history":[{"count":1,"href":"https:\/\/bibliotheque-sfpe-at.com\/index.php\/wp-json\/wp\/v2\/posts\/4949\/revisions"}],"predecessor-version":[{"id":4950,"href":"https:\/\/bibliotheque-sfpe-at.com\/index.php\/wp-json\/wp\/v2\/posts\/4949\/revisions\/4950"}],"wp:attachment":[{"href":"https:\/\/bibliotheque-sfpe-at.com\/index.php\/wp-json\/wp\/v2\/media?parent=4949"}],"wp:term":[{"taxonomy":"category","embeddable":true,"href":"https:\/\/bibliotheque-sfpe-at.com\/index.php\/wp-json\/wp\/v2\/categories?post=4949"},{"taxonomy":"post_tag","embeddable":true,"href":"https:\/\/bibliotheque-sfpe-at.com\/index.php\/wp-json\/wp\/v2\/tags?post=4949"}],"curies":[{"name":"wp","href":"https:\/\/api.w.org\/{rel}","templated":true}]}}