{"id":4951,"date":"2025-03-27T17:28:27","date_gmt":"2025-03-27T16:28:27","guid":{"rendered":"https:\/\/bibliotheque-sfpe-at.com\/?p=4951"},"modified":"2025-03-27T17:42:50","modified_gmt":"2025-03-27T16:42:50","slug":"la-barque-et-le-passeur-dans-les-planches-courbes-dyves-bonnefoy-1923-2016","status":"publish","type":"post","link":"https:\/\/bibliotheque-sfpe-at.com\/index.php\/2025\/03\/27\/la-barque-et-le-passeur-dans-les-planches-courbes-dyves-bonnefoy-1923-2016\/","title":{"rendered":"La barque et le passeur dans Les Planches courbes d\u2019Yves Bonnefoy (1923-2016)"},"content":{"rendered":"\n<p class=\"has-text-align-left\"><\/p>\n\n\n\n<div class=\"wp-block-columns is-layout-flex wp-container-core-columns-is-layout-28f84493 wp-block-columns-is-layout-flex\">\n<div class=\"wp-block-column is-layout-flow wp-block-column-is-layout-flow\" style=\"flex-basis:66.66%\"><\/div>\n\n\n\n<div class=\"wp-block-column is-layout-flow wp-block-column-is-layout-flow\" style=\"flex-basis:33.33%\"><\/div>\n<\/div>\n\n\n\n<div class=\"wp-block-columns is-layout-flex wp-container-core-columns-is-layout-28f84493 wp-block-columns-is-layout-flex\">\n<div class=\"wp-block-column is-layout-flow wp-block-column-is-layout-flow\" style=\"flex-basis:66.66%\">\n<p>Le recueil de po\u00e8mes Les Planches courbes est publi\u00e9 en 2001. Il contient plusieurs sections, dont un r\u00e9cit en prose, paru une premi\u00e8re fois en 1998, qui donne le titre \u00e0 l\u2019ensemble de l\u2019ouvrage. Les planches courbes figurent tant\u00f4t un navire, tant\u00f4t une simple barque, dont la forme est tout \u00e0 la fois berceau et cercueil. Dans l\u2019apologue initial, un homme grand, tr\u00e8s grand, fait traverser un fleuve \u00e0 un enfant en le portant sur ses \u00e9paules ; le g\u00e9ant et l\u2019enfant s\u2019ab\u00eement dans les \u00e9toiles. Les motifs engendr\u00e9s dans ce r\u00e9cit en prose resurgissent dans l\u2019ensemble des po\u00e8mes et engendrent une constellation d\u2019images autour de la barque et du passeur :<br><em>\u00ab Et on ne sait encore \/ Si c\u2019est rive nouvelle, ou le m\u00eame monde. \u00bb<\/em><br>La po\u00e9sie de Bonnefoy n\u2019impose pas de sens, et chacun peut r\u00eaver son propre itin\u00e9raire. Le po\u00e8te nous invite \u00e0 naviguer, \u00e0 passer des fronti\u00e8res : entre le r\u00e9el et le r\u00eave, entre l\u2019enfance et l\u2019\u00e2ge adulte, entre la m\u00e9moire mythique et la m\u00e9moire individuelle mythique, entre la vie et la mort, entre les mots qui s\u2019usent et ceux de la po\u00e9sie.<\/p>\n\n\n\n<p><strong><em>Pour lire le texte complet <a href=\"\/index.php\/options-dinscription\/\"><mark style=\"background-color:rgba(0, 0, 0, 0)\" class=\"has-inline-color has-vivid-cyan-blue-color\">s&rsquo;inscrire<\/mark><\/a> ou <a href=\"\/index.php\/my-account\/edit-account\/\"><mark style=\"background-color:rgba(0, 0, 0, 0)\" class=\"has-inline-color has-vivid-cyan-blue-color\">se connecter<\/mark><\/a><\/em><\/strong><\/p>\n\n\n\n\n\n<div style=\"height:100px\" aria-hidden=\"true\" class=\"wp-block-spacer\"><\/div>\n\n\n\n<div class=\"wp-block-buttons is-content-justification-center is-layout-flex wp-container-core-buttons-is-layout-a89b3969 wp-block-buttons-is-layout-flex\">\n<div class=\"wp-block-button has-custom-font-size has-small-font-size\"><a class=\"wp-block-button__link has-vivid-red-background-color has-background wp-element-button\" href=\"\/index.php\/2025\/03\/26\/frontieres-2\/\">&lt;&#8211; retour<\/a><\/div>\n<\/div>\n<\/div>\n\n\n\n<div class=\"wp-block-column is-layout-flow wp-block-column-is-layout-flow\" style=\"flex-basis:33.33%\">\n<figure class=\"wp-block-table\"><table class=\"has-background\" style=\"background-color:#f8f2f2\"><thead><tr><th><mark class=\"has-inline-color has-vivid-red-color\" style=\"background-color: rgba(0, 0, 0, 0);\"><strong>Auteur<\/strong><\/mark><\/th><\/tr><\/thead><tbody><tr><td><strong><strong><strong><strong>Sylvie Cassayre<\/strong><\/strong><\/strong><\/strong><\/td><\/tr><\/tbody><\/table><\/figure>\n\n\n\n<figure class=\"wp-block-table\"><table><thead><tr><th><mark class=\"has-inline-color has-vivid-red-color\" style=\"background-color: rgba(0, 0, 0, 0);\"><strong>R\u00e9f\u00e9rence<\/strong><\/mark><\/th><\/tr><\/thead><tbody><tr><td><strong>RA021-28<\/strong><br><strong>Fronti\u00e8res<\/strong><br>Journ\u00e9es de Automne 2023<\/td><\/tr><\/tbody><\/table><\/figure>\n\n\n\n<figure class=\"wp-block-table\"><table><thead><tr><th><mark class=\"has-inline-color has-vivid-red-color\" style=\"background-color: rgba(0, 0, 0, 0);\"><strong>Cat\u00e9gories<\/strong><\/mark><\/th><\/tr><\/thead><tbody><tr><td>Litt\u00e9rature<br>Po\u00e9sie<br>Mythologie<br>\u00c9criture<br>Conte<\/td><\/tr><\/tbody><\/table><\/figure>\n<\/div>\n<\/div>\n","protected":false},"excerpt":{"rendered":"<p>Le recueil de po\u00e8mes Les Planches courbes est publi\u00e9 en 2001. Il contient plusieurs sections, dont un r\u00e9cit en prose, paru une premi\u00e8re fois en 1998, qui donne le titre \u00e0 l\u2019ensemble de l\u2019ouvrage. Les planches courbes figurent tant\u00f4t un navire, tant\u00f4t une simple barque, dont la forme est tout&hellip;<\/p>\n","protected":false},"author":2,"featured_media":0,"comment_status":"closed","ping_status":"open","sticky":false,"template":"","format":"standard","meta":{"pmpro_default_level":"","ngg_post_thumbnail":0,"footnotes":""},"categories":[204],"tags":[596,497,885,509,595,496,917],"class_list":["post-4951","post","type-post","status-publish","format-standard","hentry","category-cassayre-sylvie","tag-conte","tag-ecriture","tag-frontieres","tag-litterature","tag-mythologie","tag-poesie","tag-ra021-28","pmpro-has-access"],"_links":{"self":[{"href":"https:\/\/bibliotheque-sfpe-at.com\/index.php\/wp-json\/wp\/v2\/posts\/4951","targetHints":{"allow":["GET"]}}],"collection":[{"href":"https:\/\/bibliotheque-sfpe-at.com\/index.php\/wp-json\/wp\/v2\/posts"}],"about":[{"href":"https:\/\/bibliotheque-sfpe-at.com\/index.php\/wp-json\/wp\/v2\/types\/post"}],"author":[{"embeddable":true,"href":"https:\/\/bibliotheque-sfpe-at.com\/index.php\/wp-json\/wp\/v2\/users\/2"}],"replies":[{"embeddable":true,"href":"https:\/\/bibliotheque-sfpe-at.com\/index.php\/wp-json\/wp\/v2\/comments?post=4951"}],"version-history":[{"count":1,"href":"https:\/\/bibliotheque-sfpe-at.com\/index.php\/wp-json\/wp\/v2\/posts\/4951\/revisions"}],"predecessor-version":[{"id":4952,"href":"https:\/\/bibliotheque-sfpe-at.com\/index.php\/wp-json\/wp\/v2\/posts\/4951\/revisions\/4952"}],"wp:attachment":[{"href":"https:\/\/bibliotheque-sfpe-at.com\/index.php\/wp-json\/wp\/v2\/media?parent=4951"}],"wp:term":[{"taxonomy":"category","embeddable":true,"href":"https:\/\/bibliotheque-sfpe-at.com\/index.php\/wp-json\/wp\/v2\/categories?post=4951"},{"taxonomy":"post_tag","embeddable":true,"href":"https:\/\/bibliotheque-sfpe-at.com\/index.php\/wp-json\/wp\/v2\/tags?post=4951"}],"curies":[{"name":"wp","href":"https:\/\/api.w.org\/{rel}","templated":true}]}}