{"id":4957,"date":"2025-03-26T14:20:49","date_gmt":"2025-03-26T13:20:49","guid":{"rendered":"https:\/\/bibliotheque-sfpe-at.com\/?p=4957"},"modified":"2025-03-27T21:00:00","modified_gmt":"2025-03-27T20:00:00","slug":"je-ne-resiste-pas-in-live","status":"publish","type":"post","link":"https:\/\/bibliotheque-sfpe-at.com\/index.php\/2025\/03\/26\/je-ne-resiste-pas-in-live\/","title":{"rendered":"Je ne r\u00e9siste pas ! (in live)"},"content":{"rendered":"\n<p class=\"has-text-align-left\"><\/p>\n\n\n\n<div class=\"wp-block-columns is-layout-flex wp-container-core-columns-is-layout-28f84493 wp-block-columns-is-layout-flex\">\n<div class=\"wp-block-column is-layout-flow wp-block-column-is-layout-flow\" style=\"flex-basis:66.66%\"><\/div>\n\n\n\n<div class=\"wp-block-column is-layout-flow wp-block-column-is-layout-flow\" style=\"flex-basis:33.33%\"><\/div>\n<\/div>\n\n\n\n<div class=\"wp-block-columns is-layout-flex wp-container-core-columns-is-layout-28f84493 wp-block-columns-is-layout-flex\">\n<div class=\"wp-block-column is-layout-flow wp-block-column-is-layout-flow\" style=\"flex-basis:66.66%\">\n<p>En psychoth\u00e9rapie, nous travaillons avec ce que nous sommes. Aussi, l\u2019un des principes de fonctionnement de l\u2019unit\u00e9 de th\u00e9rapies m\u00e9diatis\u00e9es Carrefour des expressions implique la participation active &#8211; des soignantes \u00e0 tous les ateliers qu\u2019elles animent (\u00e9criture, arts plas\u00actiques) aussi bien que ceux anim\u00e9s par un intervenant artistique (th\u00e9\u00e2tre, danse, \u00ab style et moi \u00bb, fanfare et musique). Les soignantes s\u2019appliquent les m\u00eames consignes que les patients, \u00ab sans r\u00e9sister \u00bb. Elles exp\u00e9rimentent une position inhabituelle pour le th\u00e9rapeute, et qui demande une grande souplesse. Cette position, enrichissante pour les soignantes, favorise l\u2019empathie, aide les patients \u00e0 oser, et augmente leur cr\u00e9ativit\u00e9.<br>C\u2019est pour cela, que nous avons propos\u00e9 aux congressistes d\u2019exp\u00e9rimenter ponctuellement cette d\u00e9marche en montant sur sc\u00e8ne pour participer \u00e0 un exercice propos\u00e9 par la com\u00e9dienne, puis par la danseuse, en compagnie de quelques- uns des b\u00e9n\u00e9ficiaires habituels du Carrefour des expressions. \u00c0 la demande de la com\u00e9dienne, ces derniers ont \u00e9t\u00e9 assez nombreux\u2026 pour travailler l\u2019attention \u00e0 l\u2019autre, les modulations vocales et la mise en espace du corps. Malgr\u00e9 une apparente facilit\u00e9, quelques approximations sont apparues chez quelques professionnels, pour la danse qui demandait des d\u00e9placements coordonn\u00e9s entre participants. Globalement ce sont les patients ont \u00e9volu\u00e9 avec le plus de fluidit\u00e9.<br>\u00c0 l\u2019issue de ce clin d\u2019\u0153il, nous sommes sortis d\u2019une position \u00ab sup\u00e9rieure \u00bb habituelle, et avons pu r\u00e9aliser que ce qui parait simple comme spectateur est plus complexe \u00e0 r\u00e9aliser. D\u2019o\u00f9, par cette exp\u00e9rience, une meilleure compr\u00e9hension des difficult\u00e9s des personnes que nous accompagnons.<br>Et ensemble, finalement, nous avons partag\u00e9 un moment cr\u00e9a\u00actif, riche d\u2019humour et de rires !<\/p>\n\n\n\n<p><strong><em>Pour lire le texte complet <a href=\"\/index.php\/options-dinscription\/\"><mark style=\"background-color:rgba(0, 0, 0, 0)\" class=\"has-inline-color has-vivid-cyan-blue-color\">s&rsquo;inscrire<\/mark><\/a> ou <a href=\"\/index.php\/my-account\/edit-account\/\"><mark style=\"background-color:rgba(0, 0, 0, 0)\" class=\"has-inline-color has-vivid-cyan-blue-color\">se connecter<\/mark><\/a><\/em><\/strong><\/p>\n\n\n\n\n\n<div style=\"height:100px\" aria-hidden=\"true\" class=\"wp-block-spacer\"><\/div>\n\n\n\n<div class=\"wp-block-buttons is-content-justification-center is-layout-flex wp-container-core-buttons-is-layout-a89b3969 wp-block-buttons-is-layout-flex\">\n<div class=\"wp-block-button has-custom-font-size has-small-font-size\"><a class=\"wp-block-button__link has-vivid-red-background-color has-background wp-element-button\" href=\"\/index.php\/2025\/03\/26\/resistance\/\">&lt;&#8211; retour<\/a><\/div>\n<\/div>\n<\/div>\n\n\n\n<div class=\"wp-block-column is-layout-flow wp-block-column-is-layout-flow\" style=\"flex-basis:33.33%\">\n<figure class=\"wp-block-table\"><table class=\"has-background\" style=\"background-color:#f8f2f2\"><thead><tr><th><mark class=\"has-inline-color has-vivid-red-color\" style=\"background-color: rgba(0, 0, 0, 0);\"><strong>Auteur<\/strong><\/mark><\/th><\/tr><\/thead><tbody><tr><td><strong>Carrefour des expressions<\/strong><\/td><\/tr><\/tbody><\/table><\/figure>\n\n\n\n<figure class=\"wp-block-table\"><table><thead><tr><th><mark class=\"has-inline-color has-vivid-red-color\" style=\"background-color: rgba(0, 0, 0, 0);\"><strong>R\u00e9f\u00e9rence<\/strong><\/mark><\/th><\/tr><\/thead><tbody><tr><td><strong>RA020-19<\/strong><br><strong>R\u00e9sistance<\/strong><br>Journ\u00e9es de Printemps 2023<\/td><\/tr><\/tbody><\/table><\/figure>\n\n\n\n<figure class=\"wp-block-table\"><table><thead><tr><th><mark class=\"has-inline-color has-vivid-red-color\" style=\"background-color: rgba(0, 0, 0, 0);\"><strong>Cat\u00e9gories<\/strong><\/mark><\/th><\/tr><\/thead><tbody><tr><td>Art th\u00e9rapie<br>Dispositif de m\u00e9diation<br>Danse<br>Th\u00e9\u00e2tre<br>\u00c9thique<\/td><\/tr><\/tbody><\/table><\/figure>\n<\/div>\n<\/div>\n","protected":false},"excerpt":{"rendered":"<p>En psychoth\u00e9rapie, nous travaillons avec ce que nous sommes. Aussi, l\u2019un des principes de fonctionnement de l\u2019unit\u00e9 de th\u00e9rapies m\u00e9diatis\u00e9es Carrefour des expressions implique la participation active &#8211; des soignantes \u00e0 tous les ateliers qu\u2019elles animent (\u00e9criture, arts plas\u00actiques) aussi bien que ceux anim\u00e9s par un intervenant artistique (th\u00e9\u00e2tre, danse,&hellip;<\/p>\n","protected":false},"author":2,"featured_media":0,"comment_status":"closed","ping_status":"open","sticky":false,"template":"","format":"standard","meta":{"pmpro_default_level":"","ngg_post_thumbnail":0,"footnotes":""},"categories":[918],"tags":[492,1294,505,502,919,853,504],"class_list":["post-4957","post","type-post","status-publish","format-standard","hentry","category-carrefour-des-expressions","tag-art-therapie","tag-danse-mouvement","tag-dispositif-de-mediation","tag-ethique","tag-ra020-19","tag-resistance","tag-theatre","pmpro-has-access"],"_links":{"self":[{"href":"https:\/\/bibliotheque-sfpe-at.com\/index.php\/wp-json\/wp\/v2\/posts\/4957","targetHints":{"allow":["GET"]}}],"collection":[{"href":"https:\/\/bibliotheque-sfpe-at.com\/index.php\/wp-json\/wp\/v2\/posts"}],"about":[{"href":"https:\/\/bibliotheque-sfpe-at.com\/index.php\/wp-json\/wp\/v2\/types\/post"}],"author":[{"embeddable":true,"href":"https:\/\/bibliotheque-sfpe-at.com\/index.php\/wp-json\/wp\/v2\/users\/2"}],"replies":[{"embeddable":true,"href":"https:\/\/bibliotheque-sfpe-at.com\/index.php\/wp-json\/wp\/v2\/comments?post=4957"}],"version-history":[{"count":1,"href":"https:\/\/bibliotheque-sfpe-at.com\/index.php\/wp-json\/wp\/v2\/posts\/4957\/revisions"}],"predecessor-version":[{"id":4958,"href":"https:\/\/bibliotheque-sfpe-at.com\/index.php\/wp-json\/wp\/v2\/posts\/4957\/revisions\/4958"}],"wp:attachment":[{"href":"https:\/\/bibliotheque-sfpe-at.com\/index.php\/wp-json\/wp\/v2\/media?parent=4957"}],"wp:term":[{"taxonomy":"category","embeddable":true,"href":"https:\/\/bibliotheque-sfpe-at.com\/index.php\/wp-json\/wp\/v2\/categories?post=4957"},{"taxonomy":"post_tag","embeddable":true,"href":"https:\/\/bibliotheque-sfpe-at.com\/index.php\/wp-json\/wp\/v2\/tags?post=4957"}],"curies":[{"name":"wp","href":"https:\/\/api.w.org\/{rel}","templated":true}]}}