{"id":5004,"date":"2025-03-27T17:12:46","date_gmt":"2025-03-27T16:12:46","guid":{"rendered":"https:\/\/bibliotheque-sfpe-at.com\/?p=5004"},"modified":"2025-03-31T19:00:55","modified_gmt":"2025-03-31T17:00:55","slug":"de-lutilite-du-langage-musical-pour-repenser-le-dispositif-therapeutique-en-cmp","status":"publish","type":"post","link":"https:\/\/bibliotheque-sfpe-at.com\/index.php\/2025\/03\/27\/de-lutilite-du-langage-musical-pour-repenser-le-dispositif-therapeutique-en-cmp\/","title":{"rendered":"De l\u2019utilit\u00e9 du langage musical pour repenser le dispositif th\u00e9rapeutique en CMP"},"content":{"rendered":"\n<p class=\"has-text-align-left\"><\/p>\n\n\n\n<div class=\"wp-block-columns is-layout-flex wp-container-core-columns-is-layout-28f84493 wp-block-columns-is-layout-flex\">\n<div class=\"wp-block-column is-layout-flow wp-block-column-is-layout-flow\" style=\"flex-basis:66.66%\"><\/div>\n\n\n\n<div class=\"wp-block-column is-layout-flow wp-block-column-is-layout-flow\" style=\"flex-basis:33.33%\"><\/div>\n<\/div>\n\n\n\n<div class=\"wp-block-columns is-layout-flex wp-container-core-columns-is-layout-28f84493 wp-block-columns-is-layout-flex\">\n<div class=\"wp-block-column is-layout-flow wp-block-column-is-layout-flow\" style=\"flex-basis:66.66%\">\n<p>La pratique clinique en CMP enfants et adolescents nous renvoie \u00e0 de nombreuses difficult\u00e9s en tant que jeunes dipl\u00f4m\u00e9s.<br>Mon utilisation de la musique, que je pratique depuis de nombreuses ann\u00e9es, est devenu un outil clinique face \u00e0 des situations complexes. C\u2019est alors que l\u2019id\u00e9e de l\u2019existence d\u2019un langage musical est apparue au cours de ma pratique musicale avec les patients, notamment \u00e0 travers la perception que ceux-ci pouvaient en avoir. Comment cette id\u00e9e du langage musical pouvait aider \u00e0 penser la prise en charge clinique en CMP ?<br>Mais peut-on parler d\u2019un langage musical ? D\u2019une s\u00e9miologie ? Jean-Jacques Nattiez a \u00e9tudi\u00e9 la question dans son ouvrage Fondements d\u2019une s\u00e9miologie de la musique, o\u00f9 il pense le langage, hors de la pens\u00e9e structuraliste de Jakobson, en le d\u00e9coupant suivant deux processus : le processus po\u00ef\u00e9tique entre l\u2019\u00e9metteur et le signe, et le processus esth\u00e9tique entre le signe et le r\u00e9cepteur. La po\u00ef\u00e9sis serait de l\u2019ordre de la cr\u00e9ation, \u00e0 travers les influences et l\u2019inspiration, et le processus esth\u00e9tique renvoie \u00e0 la r\u00e9ception de cette cr\u00e9ation artistique. Ces deux processus sont ind\u00e9pendants, car ils font r\u00e9f\u00e9rence \u00e0 deux subjectivit\u00e9s distinctes.<br>Ce processus esth\u00e9tique peut d\u2019ailleurs nous renvoyer \u00e0 un concept de la th\u00e9orie psychanalytique d\u00e9velopp\u00e9 par Donald Meltzer : l\u2019\u00e9motion esth\u00e9tique, outil de la rencontre dans la relation th\u00e9rapeutique. Cette \u00e9motion qui nous submerge face \u00e0 \u00ab du beau \u00bb repr\u00e9sente un moment de forte sensibilit\u00e9 partag\u00e9 entre le patient et le th\u00e9rapeute, en individuel, ou alors dans un groupe. Dans la clinique de l\u2019enfant et de l\u2019adolescent, cette difficult\u00e9 de la rencontre peut se retrouver, car la premi\u00e8re demande \u00e8st quasi syst\u00e9matiquement une demande parentale. Ce sont les parents qui appellent pour prendre rendez-vous et qui nous am\u00e8nent l\u2019enfant, et bien souvent ce sont d\u2019abord eux qui nous parlent lors du premier entretien. Cette \u00e9motion esth\u00e9tique, ici, dans la pratique musicale, permet alors une rencontre qui peut \u00eatre difficile \u00e0 mettre en place.<br>\u00c0 travers ma pratique clinique, j\u2019ai d\u00e9cid\u00e9 de d\u00e9crire trois parties du langage musical : le rythme, que je mettrai ici en lien avec le corps, la m\u00e9lodie, en lien avec l\u2019affect, et l\u2019interpr\u00e9tation en lien avec le social.<\/p>\n\n\n\n<p><strong><em>Pour lire le texte complet <a href=\"\/index.php\/options-dinscription\/\"><mark style=\"background-color:rgba(0, 0, 0, 0)\" class=\"has-inline-color has-vivid-cyan-blue-color\">s&rsquo;inscrire<\/mark><\/a> ou <a href=\"\/index.php\/my-account\/edit-account\/\"><mark style=\"background-color:rgba(0, 0, 0, 0)\" class=\"has-inline-color has-vivid-cyan-blue-color\">se connecter<\/mark><\/a><\/em><\/strong><\/p>\n\n\n\n\n\n<div style=\"height:100px\" aria-hidden=\"true\" class=\"wp-block-spacer\"><\/div>\n\n\n\n<div class=\"wp-block-buttons is-content-justification-center is-layout-flex wp-container-core-buttons-is-layout-a89b3969 wp-block-buttons-is-layout-flex\">\n<div class=\"wp-block-button has-custom-font-size has-small-font-size\"><a class=\"wp-block-button__link has-vivid-red-background-color has-background wp-element-button\" href=\"\/index.php\/2025\/03\/26\/frontieres-2\/\">&lt;&#8211; retour<\/a><\/div>\n<\/div>\n<\/div>\n\n\n\n<div class=\"wp-block-column is-layout-flow wp-block-column-is-layout-flow\" style=\"flex-basis:33.33%\">\n<figure class=\"wp-block-table\"><table class=\"has-background\" style=\"background-color:#f8f2f2\"><thead><tr><th><mark class=\"has-inline-color has-vivid-red-color\" style=\"background-color: rgba(0, 0, 0, 0);\"><strong>Auteur<\/strong><\/mark><\/th><\/tr><\/thead><tbody><tr><td><strong><strong><strong><strong>Antoine Deck<\/strong><\/strong><\/strong><\/strong><\/td><\/tr><\/tbody><\/table><\/figure>\n\n\n\n<figure class=\"wp-block-table\"><table><thead><tr><th><mark class=\"has-inline-color has-vivid-red-color\" style=\"background-color: rgba(0, 0, 0, 0);\"><strong>R\u00e9f\u00e9rence<\/strong><\/mark><\/th><\/tr><\/thead><tbody><tr><td><strong>RA021-26<\/strong><br><strong>Fronti\u00e8res<\/strong><br>Journ\u00e9es de Automne 2023<\/td><\/tr><\/tbody><\/table><\/figure>\n\n\n\n<figure class=\"wp-block-table\"><table><thead><tr><th><mark class=\"has-inline-color has-vivid-red-color\" style=\"background-color: rgba(0, 0, 0, 0);\"><strong>Cat\u00e9gories<\/strong><\/mark><\/th><\/tr><\/thead><tbody><tr><td>P\u00e9dopsychiatrie<br>Psychanalyse<br>Musique<br>Dispositif de m\u00e9diation<\/td><\/tr><\/tbody><\/table><\/figure>\n<\/div>\n<\/div>\n","protected":false},"excerpt":{"rendered":"<p>La pratique clinique en CMP enfants et adolescents nous renvoie \u00e0 de nombreuses difficult\u00e9s en tant que jeunes dipl\u00f4m\u00e9s.Mon utilisation de la musique, que je pratique depuis de nombreuses ann\u00e9es, est devenu un outil clinique face \u00e0 des situations complexes. C\u2019est alors que l\u2019id\u00e9e de l\u2019existence d\u2019un langage musical est&hellip;<\/p>\n","protected":false},"author":2,"featured_media":0,"comment_status":"closed","ping_status":"open","sticky":false,"template":"","format":"standard","meta":{"pmpro_default_level":"","ngg_post_thumbnail":0,"footnotes":""},"categories":[921],"tags":[505,885,538,669,494],"class_list":["post-5004","post","type-post","status-publish","format-standard","hentry","category-deck-antoine","tag-dispositif-de-mediation","tag-frontieres","tag-musique","tag-pedopsychiatrie","tag-psychanalyse","pmpro-has-access"],"_links":{"self":[{"href":"https:\/\/bibliotheque-sfpe-at.com\/index.php\/wp-json\/wp\/v2\/posts\/5004","targetHints":{"allow":["GET"]}}],"collection":[{"href":"https:\/\/bibliotheque-sfpe-at.com\/index.php\/wp-json\/wp\/v2\/posts"}],"about":[{"href":"https:\/\/bibliotheque-sfpe-at.com\/index.php\/wp-json\/wp\/v2\/types\/post"}],"author":[{"embeddable":true,"href":"https:\/\/bibliotheque-sfpe-at.com\/index.php\/wp-json\/wp\/v2\/users\/2"}],"replies":[{"embeddable":true,"href":"https:\/\/bibliotheque-sfpe-at.com\/index.php\/wp-json\/wp\/v2\/comments?post=5004"}],"version-history":[{"count":1,"href":"https:\/\/bibliotheque-sfpe-at.com\/index.php\/wp-json\/wp\/v2\/posts\/5004\/revisions"}],"predecessor-version":[{"id":5005,"href":"https:\/\/bibliotheque-sfpe-at.com\/index.php\/wp-json\/wp\/v2\/posts\/5004\/revisions\/5005"}],"wp:attachment":[{"href":"https:\/\/bibliotheque-sfpe-at.com\/index.php\/wp-json\/wp\/v2\/media?parent=5004"}],"wp:term":[{"taxonomy":"category","embeddable":true,"href":"https:\/\/bibliotheque-sfpe-at.com\/index.php\/wp-json\/wp\/v2\/categories?post=5004"},{"taxonomy":"post_tag","embeddable":true,"href":"https:\/\/bibliotheque-sfpe-at.com\/index.php\/wp-json\/wp\/v2\/tags?post=5004"}],"curies":[{"name":"wp","href":"https:\/\/api.w.org\/{rel}","templated":true}]}}