{"id":5392,"date":"2025-05-13T14:06:19","date_gmt":"2025-05-13T12:06:19","guid":{"rendered":"https:\/\/bibliotheque-sfpe-at.com\/?p=5392"},"modified":"2025-05-13T19:24:51","modified_gmt":"2025-05-13T17:24:51","slug":"tachisme","status":"publish","type":"post","link":"https:\/\/bibliotheque-sfpe-at.com\/index.php\/2025\/05\/13\/tachisme\/","title":{"rendered":"Tachisme"},"content":{"rendered":"\n<p><strong>Signal-sympt\u00f4me et signe d\u00e9terminant de manie dans un tableau d&rsquo;atypicit\u00e9<\/strong><\/p>\n\n\n\n<div class=\"wp-block-columns is-layout-flex wp-container-core-columns-is-layout-28f84493 wp-block-columns-is-layout-flex\">\n<div class=\"wp-block-column is-layout-flow wp-block-column-is-layout-flow\" style=\"flex-basis:66.66%\">\n<p>Andr\u00e9. 24 ans. \u00e9talagiste, a pr\u00e9sent\u00e9 pour la premi\u00e8re fois, en janvier 1964. des troubles mentaux, alors qu&rsquo;il effectuait son service militaire dans les forces de stationnement en Allemagne F\u00e9d\u00e9rale. Il fut hospitalis\u00e9 dans le service de neuropsychiatrie militaire de Freiburg im Breisgau. puis \u00e0 Dijon On posa le diagnostic de bouff\u00e9e d\u00e9lirante polymorphe.<br>Cet acc\u00e8s d\u00e9buta au moment o\u00f9 son capitaine prit la d\u00e9cision de faire tondre les cheveux de ses hommes Le malade vint le trouver en pleurs Cette coupe de cheveux \u00e9tait intol\u00e9rable L&rsquo;officier, le voyant exalt\u00e9, lui donna quelques bonnes paroles. L&rsquo;euphorie et la toute-puissance \u00e9clat\u00e8rent il ne craint plus rien, ni personne II est un ap\u00f4tre Sa mission est de convertir les soldats En outre, il communie mystiquement, \u00e0 distance, avec une jeune fille qu&rsquo;il consid\u00e8re comme sa s\u0153ur.<br>On ne trouve rien dans ses ant\u00e9c\u00e9dents Ses parents t en bonne sant\u00e9 II est tr\u00e8s attach\u00e9 \u00e0 une m\u00e8re inqui\u00e8te. Le p\u00e8re est un personnage effac\u00e9. Ses deux fr\u00e8res marin\u00e9s se portent bien. R\u00e9forme, suivi en traitement ambulatoire par un sp\u00e9cialiste de ville.<br>Il est admis \u00e0 la clinique le 11 d\u00e9cembre 1964 pour un deuxi\u00e8me acc\u00e8s. L&rsquo;excitation est moyenne. Les id\u00e9es mystiques occupent le premier plan. Il vient d&rsquo;avoir la vision de Dieu. Il communique avec lui, re\u00e7oit ses directives. Lorsqu&rsquo;il se regarde dans un miroir c&rsquo;est le visage de Dieu qui appara\u00eet. C&rsquo;est son propre visage mais modifi\u00e9, autre.<\/p>\n\n\n\n<p class=\"has-text-color has-link-color wp-elements-0c5dd61414d2cb4c88e3596780dedeb0\" style=\"color:#2753a5\"><strong><em>Pour lire le texte complet <a href=\"\/index.php\/options-dinscription\/\"><mark style=\"background-color:rgba(0, 0, 0, 0)\" class=\"has-inline-color has-vivid-cyan-blue-color\">s&rsquo;inscrire<\/mark><\/a> ou <a href=\"\/index.php\/my-account\/edit-account\/\"><mark style=\"background-color:rgba(0, 0, 0, 0)\" class=\"has-inline-color has-vivid-cyan-blue-color\">se connecter<\/mark><\/a><\/em><\/strong><\/p>\n\n\n\n\n\n<div style=\"height:100px\" aria-hidden=\"true\" class=\"wp-block-spacer\"><\/div>\n\n\n\n<div class=\"wp-block-buttons is-content-justification-center is-layout-flex wp-container-core-buttons-is-layout-a89b3969 wp-block-buttons-is-layout-flex\">\n<div class=\"wp-block-button is-style-fill\"><a class=\"wp-block-button__link has-vivid-red-background-color has-background has-small-font-size has-custom-font-size wp-element-button\" href=\"https:\/\/bibliotheque-sfpe-at.com\/index.php\/2025\/05\/11\/1971-expression-et-signe\/\">&lt;&#8211;retour<\/a><\/div>\n<\/div>\n<\/div>\n\n\n\n<div class=\"wp-block-column is-layout-flow wp-block-column-is-layout-flow\" style=\"flex-basis:33.33%\">\n<figure class=\"wp-block-table\"><table class=\"has-background\" style=\"background-color:#f8f2f2\"><thead><tr><th><mark class=\"has-inline-color has-vivid-red-color\" style=\"background-color: rgba(0, 0, 0, 0);\"><strong>Auteur<\/strong><\/mark><\/th><\/tr><\/thead><tbody><tr><td><strong>Volmat Robert<br>Allers G<\/strong><\/td><\/tr><\/tbody><\/table><\/figure>\n\n\n\n<figure class=\"wp-block-table\"><table><thead><tr><th><mark class=\"has-inline-color has-vivid-red-color\" style=\"background-color: rgba(0, 0, 0, 0);\"><strong>R\u00e9f\u00e9rence<\/strong><\/mark><\/th><\/tr><\/thead><tbody><tr><td><strong>RR19711-02<\/strong><br>Expression et Signe, n\u00b01, 1971<\/td><\/tr><\/tbody><\/table><\/figure>\n\n\n\n<figure class=\"wp-block-table\"><table><thead><tr><th><mark class=\"has-inline-color has-vivid-red-color\" style=\"background-color: rgba(0, 0, 0, 0);\"><strong>Cat\u00e9gories<\/strong><\/mark><\/th><\/tr><\/thead><tbody><tr><td>Psychiatrie<br>Psychopathologie de l\u2019expression<br>Dessin<br>Collage<br>\u00c9tude de cas<br>\u00c9valuation<\/td><\/tr><\/tbody><\/table><\/figure>\n<\/div>\n<\/div>\n","protected":false},"excerpt":{"rendered":"<p>Signal-sympt\u00f4me et signe d\u00e9terminant de manie dans un tableau d&rsquo;atypicit\u00e9 Andr\u00e9. 24 ans. \u00e9talagiste, a pr\u00e9sent\u00e9 pour la premi\u00e8re fois, en janvier 1964. des troubles mentaux, alors qu&rsquo;il effectuait son service militaire dans les forces de stationnement en Allemagne F\u00e9d\u00e9rale. Il fut hospitalis\u00e9 dans le service de neuropsychiatrie militaire de&hellip;<\/p>\n","protected":false},"author":2,"featured_media":0,"comment_status":"closed","ping_status":"open","sticky":false,"template":"","format":"standard","meta":{"pmpro_default_level":"","ngg_post_thumbnail":0,"footnotes":""},"categories":[926],"tags":[787,508,493,934,574,488,936],"class_list":["post-5392","post","type-post","status-publish","format-standard","hentry","category-vilmart-robert","tag-collage","tag-dessin","tag-cas-clinique","tag-expression-et-signe-1971-no1","tag-psychiatrie","tag-psychopathologie-de-lexpression","tag-rr19711-02","pmpro-has-access"],"_links":{"self":[{"href":"https:\/\/bibliotheque-sfpe-at.com\/index.php\/wp-json\/wp\/v2\/posts\/5392","targetHints":{"allow":["GET"]}}],"collection":[{"href":"https:\/\/bibliotheque-sfpe-at.com\/index.php\/wp-json\/wp\/v2\/posts"}],"about":[{"href":"https:\/\/bibliotheque-sfpe-at.com\/index.php\/wp-json\/wp\/v2\/types\/post"}],"author":[{"embeddable":true,"href":"https:\/\/bibliotheque-sfpe-at.com\/index.php\/wp-json\/wp\/v2\/users\/2"}],"replies":[{"embeddable":true,"href":"https:\/\/bibliotheque-sfpe-at.com\/index.php\/wp-json\/wp\/v2\/comments?post=5392"}],"version-history":[{"count":1,"href":"https:\/\/bibliotheque-sfpe-at.com\/index.php\/wp-json\/wp\/v2\/posts\/5392\/revisions"}],"predecessor-version":[{"id":5393,"href":"https:\/\/bibliotheque-sfpe-at.com\/index.php\/wp-json\/wp\/v2\/posts\/5392\/revisions\/5393"}],"wp:attachment":[{"href":"https:\/\/bibliotheque-sfpe-at.com\/index.php\/wp-json\/wp\/v2\/media?parent=5392"}],"wp:term":[{"taxonomy":"category","embeddable":true,"href":"https:\/\/bibliotheque-sfpe-at.com\/index.php\/wp-json\/wp\/v2\/categories?post=5392"},{"taxonomy":"post_tag","embeddable":true,"href":"https:\/\/bibliotheque-sfpe-at.com\/index.php\/wp-json\/wp\/v2\/tags?post=5392"}],"curies":[{"name":"wp","href":"https:\/\/api.w.org\/{rel}","templated":true}]}}