{"id":5394,"date":"2025-05-13T14:12:35","date_gmt":"2025-05-13T12:12:35","guid":{"rendered":"https:\/\/bibliotheque-sfpe-at.com\/?p=5394"},"modified":"2025-05-13T19:25:05","modified_gmt":"2025-05-13T17:25:05","slug":"projections-personnelles-a-partir-dune-histoire","status":"publish","type":"post","link":"https:\/\/bibliotheque-sfpe-at.com\/index.php\/2025\/05\/13\/projections-personnelles-a-partir-dune-histoire\/","title":{"rendered":"Projections personnelles \u00e0 partir d\u2019une histoire"},"content":{"rendered":"\n<div class=\"wp-block-columns is-layout-flex wp-container-core-columns-is-layout-28f84493 wp-block-columns-is-layout-flex\">\n<div class=\"wp-block-column is-layout-flow wp-block-column-is-layout-flow\" style=\"flex-basis:66.66%\">\n<p>Au cours de tests collectifs pass\u00e9s en classe de 7e, nous avons lu aux \u00e9l\u00e8ves une histoire. Nous leur avons demand\u00e9 ensuite de r\u00e9sumer par \u00e9crit et d&rsquo;illustrer par un dessin l&rsquo;\u00e9pisode qui leur paraissait le plus amusant ou le plus int\u00e9ressant.<br>En formulant cette demande, notre objectif \u00e9tait double d&rsquo;une part constater les capacit\u00e9s d&rsquo;attention des \u00e9l\u00e8ves, d&rsquo;autre part leur aptitude \u00e0 l&rsquo;expression verbale et graphique<br>L&rsquo;histoire, celle du petit Lulu, \u00e9tait tir\u00e9e des \u00ab Cas de Conscience d&rsquo;un Instituteur \u00bb de Marie Mauron.<br>Elle avait \u00e9t\u00e9 choisie pour ses qualit\u00e9s de simplicit\u00e9 et de vie.<br>\u2022 \u00e9pisode proche de l&rsquo;existence scolaire quotidienne de l&rsquo;enfant.<br>\u2022 vocabulaire facile<br>\u2022 p\u00e9rip\u00e9ties nombreuses<br>Le r\u00e9sultat de cette exp\u00e9rience, tent\u00e9e sur cent enfants de milieu social tr\u00e8s diff\u00e9rent, habitant les uns Paris, les autres une petite ville de la banlieue Est. a ,de beaucoup, d\u00e9pass\u00e9 notre attente.<br>Un certain nombre de th\u00e8mes en effet se sont d\u00e9gag\u00e9s \u2014 toujours les m\u00eames \u2014 qui permettaient une classification rigoureuse.<br>Les voici<br>\u2022 Gentillesse de la ma\u00eetresse : elle s&rsquo;occupe avec bont\u00e9 de Lulu, son \u00e9l\u00e8ve malade.<\/p>\n\n\n\n<p class=\"has-text-color has-link-color wp-elements-0c5dd61414d2cb4c88e3596780dedeb0\" style=\"color:#2753a5\"><strong><em>Pour lire le texte complet <a href=\"\/index.php\/options-dinscription\/\"><mark style=\"background-color:rgba(0, 0, 0, 0)\" class=\"has-inline-color has-vivid-cyan-blue-color\">s&rsquo;inscrire<\/mark><\/a> ou <a href=\"\/index.php\/my-account\/edit-account\/\"><mark style=\"background-color:rgba(0, 0, 0, 0)\" class=\"has-inline-color has-vivid-cyan-blue-color\">se connecter<\/mark><\/a><\/em><\/strong><\/p>\n\n\n\n\n\n<div style=\"height:100px\" aria-hidden=\"true\" class=\"wp-block-spacer\"><\/div>\n\n\n\n<div class=\"wp-block-buttons is-content-justification-center is-layout-flex wp-container-core-buttons-is-layout-a89b3969 wp-block-buttons-is-layout-flex\">\n<div class=\"wp-block-button is-style-fill\"><a class=\"wp-block-button__link has-vivid-red-background-color has-background has-small-font-size has-custom-font-size wp-element-button\" href=\"https:\/\/bibliotheque-sfpe-at.com\/index.php\/2025\/05\/11\/1971-expression-et-signe\/\">&lt;&#8211;retour<\/a><\/div>\n<\/div>\n<\/div>\n\n\n\n<div class=\"wp-block-column is-layout-flow wp-block-column-is-layout-flow\" style=\"flex-basis:33.33%\">\n<figure class=\"wp-block-table\"><table class=\"has-background\" style=\"background-color:#f8f2f2\"><thead><tr><th><mark class=\"has-inline-color has-vivid-red-color\" style=\"background-color: rgba(0, 0, 0, 0);\"><strong>Auteur<\/strong><\/mark><\/th><\/tr><\/thead><tbody><tr><td><strong>Mercier-Nast Colette<br>Lef\u00e9bure Franchette<\/strong><\/td><\/tr><\/tbody><\/table><\/figure>\n\n\n\n<figure class=\"wp-block-table\"><table><thead><tr><th><mark class=\"has-inline-color has-vivid-red-color\" style=\"background-color: rgba(0, 0, 0, 0);\"><strong>R\u00e9f\u00e9rence<\/strong><\/mark><\/th><\/tr><\/thead><tbody><tr><td><strong>RR19711-03<\/strong><br>Expression et Signe, n\u00b01, 1971<\/td><\/tr><\/tbody><\/table><\/figure>\n\n\n\n<figure class=\"wp-block-table\"><table><thead><tr><th><mark class=\"has-inline-color has-vivid-red-color\" style=\"background-color: rgba(0, 0, 0, 0);\"><strong>Cat\u00e9gories<\/strong><\/mark><\/th><\/tr><\/thead><tbody><tr><td>P\u00e9dopsychiatrie<br>\u00c9ducation<br>\u00c9criture<br>Dessin<br>\u00c9valuation<br>Enfance<\/td><\/tr><\/tbody><\/table><\/figure>\n<\/div>\n<\/div>\n","protected":false},"excerpt":{"rendered":"<p>Au cours de tests collectifs pass\u00e9s en classe de 7e, nous avons lu aux \u00e9l\u00e8ves une histoire. Nous leur avons demand\u00e9 ensuite de r\u00e9sumer par \u00e9crit et d&rsquo;illustrer par un dessin l&rsquo;\u00e9pisode qui leur paraissait le plus amusant ou le plus int\u00e9ressant.En formulant cette demande, notre objectif \u00e9tait double d&rsquo;une&hellip;<\/p>\n","protected":false},"author":2,"featured_media":0,"comment_status":"closed","ping_status":"open","sticky":false,"template":"","format":"standard","meta":{"pmpro_default_level":"","ngg_post_thumbnail":0,"footnotes":""},"categories":[927,836],"tags":[508,831,549,561,934,669,937],"class_list":["post-5394","post","type-post","status-publish","format-standard","hentry","category-lefebure-franchette","category-mercier-nast-colette","tag-dessin","tag-education","tag-enfance","tag-evaluation","tag-expression-et-signe-1971-no1","tag-pedopsychiatrie","tag-rr19711-03","pmpro-has-access"],"_links":{"self":[{"href":"https:\/\/bibliotheque-sfpe-at.com\/index.php\/wp-json\/wp\/v2\/posts\/5394","targetHints":{"allow":["GET"]}}],"collection":[{"href":"https:\/\/bibliotheque-sfpe-at.com\/index.php\/wp-json\/wp\/v2\/posts"}],"about":[{"href":"https:\/\/bibliotheque-sfpe-at.com\/index.php\/wp-json\/wp\/v2\/types\/post"}],"author":[{"embeddable":true,"href":"https:\/\/bibliotheque-sfpe-at.com\/index.php\/wp-json\/wp\/v2\/users\/2"}],"replies":[{"embeddable":true,"href":"https:\/\/bibliotheque-sfpe-at.com\/index.php\/wp-json\/wp\/v2\/comments?post=5394"}],"version-history":[{"count":1,"href":"https:\/\/bibliotheque-sfpe-at.com\/index.php\/wp-json\/wp\/v2\/posts\/5394\/revisions"}],"predecessor-version":[{"id":5395,"href":"https:\/\/bibliotheque-sfpe-at.com\/index.php\/wp-json\/wp\/v2\/posts\/5394\/revisions\/5395"}],"wp:attachment":[{"href":"https:\/\/bibliotheque-sfpe-at.com\/index.php\/wp-json\/wp\/v2\/media?parent=5394"}],"wp:term":[{"taxonomy":"category","embeddable":true,"href":"https:\/\/bibliotheque-sfpe-at.com\/index.php\/wp-json\/wp\/v2\/categories?post=5394"},{"taxonomy":"post_tag","embeddable":true,"href":"https:\/\/bibliotheque-sfpe-at.com\/index.php\/wp-json\/wp\/v2\/tags?post=5394"}],"curies":[{"name":"wp","href":"https:\/\/api.w.org\/{rel}","templated":true}]}}