{"id":5400,"date":"2025-05-13T14:26:03","date_gmt":"2025-05-13T12:26:03","guid":{"rendered":"https:\/\/bibliotheque-sfpe-at.com\/?p=5400"},"modified":"2025-05-13T19:25:44","modified_gmt":"2025-05-13T17:25:44","slug":"presentation-de-la-societe-francaise-de-psychopathologie-de-lexpression","status":"publish","type":"post","link":"https:\/\/bibliotheque-sfpe-at.com\/index.php\/2025\/05\/13\/presentation-de-la-societe-francaise-de-psychopathologie-de-lexpression\/","title":{"rendered":"Pr\u00e9sentation de la Soci\u00e9t\u00e9 Fran\u00e7aise de Psychopathologie de l\u2019Expression"},"content":{"rendered":"\n<div class=\"wp-block-columns is-layout-flex wp-container-core-columns-is-layout-28f84493 wp-block-columns-is-layout-flex\">\n<div class=\"wp-block-column is-layout-flow wp-block-column-is-layout-flow\" style=\"flex-basis:66.66%\">\n<p>La \u00ab Psychopathologie de l&rsquo;Expression\u00bb consiste en un ensemble de recherches \u2014 cliniques, appliqu\u00e9es et fondamentales, sous tous les angles d&rsquo;approche et dans tous les domaines expressifs \u2014 \u00e0 vis\u00e9e unique : l&rsquo;homme cr\u00e9ateur ou spectateur, \u00e9metteur ou r\u00e9cepteur.<br>La Soci\u00e9t\u00e9 Fran\u00e7aise de Psychopathologie de l&rsquo;Expression a \u00e9t\u00e9 cr\u00e9\u00e9e le 17 avril 1964 lors de l&rsquo;Assembl\u00e9e G\u00e9n\u00e9rale de la premi\u00e8re rencontre des sp\u00e9cialistes fran\u00e7ais s&rsquo;int\u00e9ressant aux probl\u00e8mes de l&rsquo;expression \u2014 plastique, sc\u00e9nique, gestuelle, litt\u00e9raire, musicale, etc. \u2014 et des activit\u00e9s artistiques en rapport avec les recherches psychiatriques, psychanalytiques, psychologiques et sociologiques qui se d\u00e9veloppent actuellement dans le monde.<br>Elle est, comme les autres soci\u00e9t\u00e9s nationales de psychopathologie de l&rsquo;expression, soci\u00e9t\u00e9 adh\u00e9rente de la Soci\u00e9t\u00e9 Internationale de Psychopathologie de l&rsquo;Expression (S.I.P.E.), fond\u00e9e au 1er Congr\u00e8s International de Psychopathologie de l&rsquo;Expression \u00e0 V\u00e9rone en 1959.<br>De par ses statuts, elle comprend une majorit\u00e9 des 2\/3 de m\u00e9decins ; elle est donc ouverte aux sp\u00e9cialistes des autres disciplines : esth\u00e9ticiens, critiques, peintres, architectes, acteurs, \u00e9crivains, historiens de l&rsquo;art, des civilisations et des religions, psychologues, sociologues, ethnologues, linguistes, criminologistes, etc<\/p>\n\n\n\n<p class=\"has-text-color has-link-color wp-elements-0c5dd61414d2cb4c88e3596780dedeb0\" style=\"color:#2753a5\"><strong><em>Pour lire le texte complet <a href=\"\/index.php\/options-dinscription\/\"><mark style=\"background-color:rgba(0, 0, 0, 0)\" class=\"has-inline-color has-vivid-cyan-blue-color\">s&rsquo;inscrire<\/mark><\/a> ou <a href=\"\/index.php\/my-account\/edit-account\/\"><mark style=\"background-color:rgba(0, 0, 0, 0)\" class=\"has-inline-color has-vivid-cyan-blue-color\">se connecter<\/mark><\/a><\/em><\/strong><\/p>\n\n\n\n\n\n<div style=\"height:100px\" aria-hidden=\"true\" class=\"wp-block-spacer\"><\/div>\n\n\n\n<div class=\"wp-block-buttons is-content-justification-center is-layout-flex wp-container-core-buttons-is-layout-a89b3969 wp-block-buttons-is-layout-flex\">\n<div class=\"wp-block-button is-style-fill\"><a class=\"wp-block-button__link has-vivid-red-background-color has-background has-small-font-size has-custom-font-size wp-element-button\" href=\"https:\/\/bibliotheque-sfpe-at.com\/index.php\/2025\/05\/11\/1971-expression-et-signe\/\">&lt;&#8211;retour<\/a><\/div>\n<\/div>\n<\/div>\n\n\n\n<div class=\"wp-block-column is-layout-flow wp-block-column-is-layout-flow\" style=\"flex-basis:33.33%\">\n<figure class=\"wp-block-table\"><table class=\"has-background\" style=\"background-color:#f8f2f2\"><thead><tr><th><mark class=\"has-inline-color has-vivid-red-color\" style=\"background-color: rgba(0, 0, 0, 0);\"><strong>Auteur<\/strong><\/mark><\/th><\/tr><\/thead><tbody><tr><td><strong>Wiart Claude<\/strong><\/td><\/tr><\/tbody><\/table><\/figure>\n\n\n\n<figure class=\"wp-block-table\"><table><thead><tr><th><mark class=\"has-inline-color has-vivid-red-color\" style=\"background-color: rgba(0, 0, 0, 0);\"><strong>R\u00e9f\u00e9rence<\/strong><\/mark><\/th><\/tr><\/thead><tbody><tr><td><strong>RR19711-06<\/strong><br>Expression et Signe, n\u00b01, 1971<\/td><\/tr><\/tbody><\/table><\/figure>\n\n\n\n<figure class=\"wp-block-table\"><table><thead><tr><th><mark class=\"has-inline-color has-vivid-red-color\" style=\"background-color: rgba(0, 0, 0, 0);\"><strong>Cat\u00e9gories<\/strong><\/mark><\/th><\/tr><\/thead><tbody><tr><td>Psychopathologie de l\u2019expression<br>Histoire<\/td><\/tr><\/tbody><\/table><\/figure>\n<\/div>\n<\/div>\n","protected":false},"excerpt":{"rendered":"<p>La \u00ab Psychopathologie de l&rsquo;Expression\u00bb consiste en un ensemble de recherches \u2014 cliniques, appliqu\u00e9es et fondamentales, sous tous les angles d&rsquo;approche et dans tous les domaines expressifs \u2014 \u00e0 vis\u00e9e unique : l&rsquo;homme cr\u00e9ateur ou spectateur, \u00e9metteur ou r\u00e9cepteur.La Soci\u00e9t\u00e9 Fran\u00e7aise de Psychopathologie de l&rsquo;Expression a \u00e9t\u00e9 cr\u00e9\u00e9e le 17&hellip;<\/p>\n","protected":false},"author":2,"featured_media":0,"comment_status":"closed","ping_status":"open","sticky":false,"template":"","format":"standard","meta":{"pmpro_default_level":"","ngg_post_thumbnail":0,"footnotes":""},"categories":[842],"tags":[934,575,488,940],"class_list":["post-5400","post","type-post","status-publish","format-standard","hentry","category-wiart-claude","tag-expression-et-signe-1971-no1","tag-histoire","tag-psychopathologie-de-lexpression","tag-rr19711-06","pmpro-has-access"],"_links":{"self":[{"href":"https:\/\/bibliotheque-sfpe-at.com\/index.php\/wp-json\/wp\/v2\/posts\/5400","targetHints":{"allow":["GET"]}}],"collection":[{"href":"https:\/\/bibliotheque-sfpe-at.com\/index.php\/wp-json\/wp\/v2\/posts"}],"about":[{"href":"https:\/\/bibliotheque-sfpe-at.com\/index.php\/wp-json\/wp\/v2\/types\/post"}],"author":[{"embeddable":true,"href":"https:\/\/bibliotheque-sfpe-at.com\/index.php\/wp-json\/wp\/v2\/users\/2"}],"replies":[{"embeddable":true,"href":"https:\/\/bibliotheque-sfpe-at.com\/index.php\/wp-json\/wp\/v2\/comments?post=5400"}],"version-history":[{"count":1,"href":"https:\/\/bibliotheque-sfpe-at.com\/index.php\/wp-json\/wp\/v2\/posts\/5400\/revisions"}],"predecessor-version":[{"id":5401,"href":"https:\/\/bibliotheque-sfpe-at.com\/index.php\/wp-json\/wp\/v2\/posts\/5400\/revisions\/5401"}],"wp:attachment":[{"href":"https:\/\/bibliotheque-sfpe-at.com\/index.php\/wp-json\/wp\/v2\/media?parent=5400"}],"wp:term":[{"taxonomy":"category","embeddable":true,"href":"https:\/\/bibliotheque-sfpe-at.com\/index.php\/wp-json\/wp\/v2\/categories?post=5400"},{"taxonomy":"post_tag","embeddable":true,"href":"https:\/\/bibliotheque-sfpe-at.com\/index.php\/wp-json\/wp\/v2\/tags?post=5400"}],"curies":[{"name":"wp","href":"https:\/\/api.w.org\/{rel}","templated":true}]}}