{"id":5405,"date":"2025-05-13T19:21:22","date_gmt":"2025-05-13T17:21:22","guid":{"rendered":"https:\/\/bibliotheque-sfpe-at.com\/?p=5405"},"modified":"2025-05-13T19:49:44","modified_gmt":"2025-05-13T17:49:44","slug":"les-visages-de-soutine","status":"publish","type":"post","link":"https:\/\/bibliotheque-sfpe-at.com\/index.php\/2025\/05\/13\/les-visages-de-soutine\/","title":{"rendered":"Les visages de Soutine"},"content":{"rendered":"\n<div class=\"wp-block-columns is-layout-flex wp-container-core-columns-is-layout-28f84493 wp-block-columns-is-layout-flex\">\n<div class=\"wp-block-column is-layout-flow wp-block-column-is-layout-flow\" style=\"flex-basis:66.66%\">\n<p>En choisissant comme th\u00e8me de notre \u00e9tude la personnalit\u00e9 de Soutine, nous poursuivons un travail sur le portrait que l&rsquo;artiste fait de lui-m\u00eame. Nous ne pr\u00e9tendons expliquer ni Soutine, ni son art. Des amis, des t\u00e9moins du peintre ont donn\u00e9 sur lui des souvenirs et des commentaires qui permettent de comprendre l&rsquo;essentiel de sa personnalit\u00e9. Nous nous appuierons sur ces documents, nous essaierons d\u2019apprendre en observant l&rsquo;\u0153uvre et nous chercherons \u00e0 y reconna\u00eetre les modalit\u00e9s de l&rsquo;image du moi que nous avons vue bien souvent surgir dans les dessins d\u2019enfants et que nous retrouvons parfois dans les \u0153uvres d\u2019artistes. Cette image attachante et un peu inqui\u00e9tante qui d\u00e9signe l&rsquo;auteur et en fait souvent l&rsquo;acteur principal de l&rsquo;\u0153uvre, d\u00e9peint sa personnalit\u00e9 et traduit aussi \u00ab le dur d\u00e9sir de durer \u00bb qui est au c\u0153ur de l&rsquo;homme.<br>Est-il n\u00e9cessaire de dire que nous pr\u00e9tendons encore moins d\u00e9voiler le myst\u00e8re de la cr\u00e9ation artistique? Nous pensons simplement, rencontrant trop souvent la confusion des id\u00e9es dans le domaine de l&rsquo;art, qu&rsquo;il peut \u00eatre utile de communiquer les faits que nous avons \u00e9t\u00e9 \u00e0 m\u00eame d&rsquo;observer. Documents ais\u00e9ment v\u00e9rifiables, ils \u00e9clairent la position de l&rsquo;artiste devant son \u0153uvre et requi\u00e8rent en cons\u00e9quence l\u2019attention de ceux qui, d&rsquo;une mani\u00e8re ou d\u2019une autre, ont \u00e0 se pencher sur le travail de cr\u00e9ation.<br>Les observations que nous avons utilis\u00e9es sont de deux sortes : les unes ont \u00e9t\u00e9 faites en milieu scolaire ou \u00e0 l\u2019atelier et nous avons assist\u00e9 \u00e0 leur d\u00e9roulement; les autres se sont diff\u00e9remment pr\u00e9sent\u00e9es \u00e0 nous; elles sont le fruit de lectures et d&rsquo;un constant int\u00e9r\u00eat aux choses de l\u2019art.<\/p>\n\n\n\n<p class=\"has-text-color has-link-color wp-elements-0c5dd61414d2cb4c88e3596780dedeb0\" style=\"color:#2753a5\"><strong><em>Pour lire le texte complet <a href=\"\/index.php\/options-dinscription\/\"><mark style=\"background-color:rgba(0, 0, 0, 0)\" class=\"has-inline-color has-vivid-cyan-blue-color\">s&rsquo;inscrire<\/mark><\/a> ou <a href=\"\/index.php\/my-account\/edit-account\/\"><mark style=\"background-color:rgba(0, 0, 0, 0)\" class=\"has-inline-color has-vivid-cyan-blue-color\">se connecter<\/mark><\/a><\/em><\/strong><\/p>\n\n\n\n\n\n<div style=\"height:100px\" aria-hidden=\"true\" class=\"wp-block-spacer\"><\/div>\n\n\n\n<div class=\"wp-block-buttons is-content-justification-center is-layout-flex wp-container-core-buttons-is-layout-a89b3969 wp-block-buttons-is-layout-flex\">\n<div class=\"wp-block-button is-style-fill\"><a class=\"wp-block-button__link has-vivid-red-background-color has-background has-small-font-size has-custom-font-size wp-element-button\" href=\"\/index.php\/2025\/05\/13\/1971-expression-et-signe-no-2\/\">&lt;&#8211;retour<\/a><\/div>\n<\/div>\n<\/div>\n\n\n\n<div class=\"wp-block-column is-layout-flow wp-block-column-is-layout-flow\" style=\"flex-basis:33.33%\">\n<figure class=\"wp-block-table\"><table class=\"has-background\" style=\"background-color:#f8f2f2\"><thead><tr><th><mark class=\"has-inline-color has-vivid-red-color\" style=\"background-color: rgba(0, 0, 0, 0);\"><strong>Auteur<\/strong><\/mark><\/th><\/tr><\/thead><tbody><tr><td><strong>Mocquot Madeleine<\/strong><\/td><\/tr><\/tbody><\/table><\/figure>\n\n\n\n<figure class=\"wp-block-table\"><table><thead><tr><th><mark class=\"has-inline-color has-vivid-red-color\" style=\"background-color: rgba(0, 0, 0, 0);\"><strong>R\u00e9f\u00e9rence<\/strong><\/mark><\/th><\/tr><\/thead><tbody><tr><td><strong>RR19712-01<\/strong><br>Expression et Signe, n\u00b02, 1971<\/td><\/tr><\/tbody><\/table><\/figure>\n\n\n\n<figure class=\"wp-block-table\"><table><thead><tr><th><mark class=\"has-inline-color has-vivid-red-color\" style=\"background-color: rgba(0, 0, 0, 0);\"><strong>Cat\u00e9gories<\/strong><\/mark><\/th><\/tr><\/thead><tbody><tr><td>Histoire<br>Peinture<br>Dessin<br>\u00c9tude de cas<\/td><\/tr><\/tbody><\/table><\/figure>\n<\/div>\n<\/div>\n","protected":false},"excerpt":{"rendered":"<p>En choisissant comme th\u00e8me de notre \u00e9tude la personnalit\u00e9 de Soutine, nous poursuivons un travail sur le portrait que l&rsquo;artiste fait de lui-m\u00eame. Nous ne pr\u00e9tendons expliquer ni Soutine, ni son art. Des amis, des t\u00e9moins du peintre ont donn\u00e9 sur lui des souvenirs et des commentaires qui permettent de&hellip;<\/p>\n","protected":false},"author":2,"featured_media":0,"comment_status":"closed","ping_status":"open","sticky":false,"template":"","format":"standard","meta":{"pmpro_default_level":"","ngg_post_thumbnail":0,"footnotes":""},"categories":[931],"tags":[508,493,933,575,484,947],"class_list":["post-5405","post","type-post","status-publish","format-standard","hentry","category-mocquot-madeleine","tag-dessin","tag-cas-clinique","tag-expression-et-signe-1971-no2","tag-histoire","tag-peinture","tag-rr19712-01","pmpro-has-access"],"_links":{"self":[{"href":"https:\/\/bibliotheque-sfpe-at.com\/index.php\/wp-json\/wp\/v2\/posts\/5405","targetHints":{"allow":["GET"]}}],"collection":[{"href":"https:\/\/bibliotheque-sfpe-at.com\/index.php\/wp-json\/wp\/v2\/posts"}],"about":[{"href":"https:\/\/bibliotheque-sfpe-at.com\/index.php\/wp-json\/wp\/v2\/types\/post"}],"author":[{"embeddable":true,"href":"https:\/\/bibliotheque-sfpe-at.com\/index.php\/wp-json\/wp\/v2\/users\/2"}],"replies":[{"embeddable":true,"href":"https:\/\/bibliotheque-sfpe-at.com\/index.php\/wp-json\/wp\/v2\/comments?post=5405"}],"version-history":[{"count":1,"href":"https:\/\/bibliotheque-sfpe-at.com\/index.php\/wp-json\/wp\/v2\/posts\/5405\/revisions"}],"predecessor-version":[{"id":5427,"href":"https:\/\/bibliotheque-sfpe-at.com\/index.php\/wp-json\/wp\/v2\/posts\/5405\/revisions\/5427"}],"wp:attachment":[{"href":"https:\/\/bibliotheque-sfpe-at.com\/index.php\/wp-json\/wp\/v2\/media?parent=5405"}],"wp:term":[{"taxonomy":"category","embeddable":true,"href":"https:\/\/bibliotheque-sfpe-at.com\/index.php\/wp-json\/wp\/v2\/categories?post=5405"},{"taxonomy":"post_tag","embeddable":true,"href":"https:\/\/bibliotheque-sfpe-at.com\/index.php\/wp-json\/wp\/v2\/tags?post=5405"}],"curies":[{"name":"wp","href":"https:\/\/api.w.org\/{rel}","templated":true}]}}