{"id":5432,"date":"2025-05-13T19:31:39","date_gmt":"2025-05-13T17:31:39","guid":{"rendered":"https:\/\/bibliotheque-sfpe-at.com\/?p=5432"},"modified":"2025-05-13T19:49:56","modified_gmt":"2025-05-13T17:49:56","slug":"le-test-du-dessin-de-la-famille-chez-lenfant","status":"publish","type":"post","link":"https:\/\/bibliotheque-sfpe-at.com\/index.php\/2025\/05\/13\/le-test-du-dessin-de-la-famille-chez-lenfant\/","title":{"rendered":"Le test du dessin de la famille chez l&rsquo;enfant"},"content":{"rendered":"\n<div class=\"wp-block-columns is-layout-flex wp-container-core-columns-is-layout-28f84493 wp-block-columns-is-layout-flex\">\n<div class=\"wp-block-column is-layout-flow wp-block-column-is-layout-flow\" style=\"flex-basis:66.66%\">\n<p>Le dessin de la famille est de plus en plus utilis\u00e9 en psychiatrie de l&rsquo;enfant et en pratique m\u00e9dico-p\u00e9dagogique. Faisant appel \u00e0 un moyen d&rsquo;expression naturel et spontan\u00e9 de l&rsquo;enfant, explorant directement sa relation v\u00e9cue \u00e0 l&rsquo;entourage familial, il constitue une \u00e9preuve projective excellente. Sollicitant la personnalit\u00e9 jusqu&rsquo;au niveau inconscient le plus profond, ne compromettant pas la libert\u00e9 d&rsquo;expression par la m\u00e9ditation d\u2019un mat\u00e9riel trop rigide, il engage plus authentiquement le sujet que ne le ferait un dessin sur un th\u00e8me impersonnel.<br>Exploration du geste et de son produit, il renseigne le clinicien non seulement sur la personnalit\u00e9 et son dynamisme interne, non seulement sur les constantes et les vecteurs du r\u00e9seau relationnel de l&rsquo;enfant, mais aussi sur sa mani\u00e8re originale de se situer imm\u00e9diatement dans l&rsquo;espace et d&rsquo;y agir.<\/p>\n\n\n\n<p class=\"has-text-color has-link-color wp-elements-0c5dd61414d2cb4c88e3596780dedeb0\" style=\"color:#2753a5\"><strong><em>Pour lire le texte complet <a href=\"\/index.php\/options-dinscription\/\"><mark style=\"background-color:rgba(0, 0, 0, 0)\" class=\"has-inline-color has-vivid-cyan-blue-color\">s&rsquo;inscrire<\/mark><\/a> ou <a href=\"\/index.php\/my-account\/edit-account\/\"><mark style=\"background-color:rgba(0, 0, 0, 0)\" class=\"has-inline-color has-vivid-cyan-blue-color\">se connecter<\/mark><\/a><\/em><\/strong><\/p>\n\n\n\n\n\n<div style=\"height:100px\" aria-hidden=\"true\" class=\"wp-block-spacer\"><\/div>\n\n\n\n<div class=\"wp-block-buttons is-content-justification-center is-layout-flex wp-container-core-buttons-is-layout-a89b3969 wp-block-buttons-is-layout-flex\">\n<div class=\"wp-block-button is-style-fill\"><a class=\"wp-block-button__link has-vivid-red-background-color has-background has-small-font-size has-custom-font-size wp-element-button\" href=\"\/index.php\/2025\/05\/13\/1971-expression-et-signe-no-2\/\">&lt;&#8211;retour<\/a><\/div>\n<\/div>\n<\/div>\n\n\n\n<div class=\"wp-block-column is-layout-flow wp-block-column-is-layout-flow\" style=\"flex-basis:33.33%\">\n<figure class=\"wp-block-table\"><table class=\"has-background\" style=\"background-color:#f8f2f2\"><thead><tr><th><mark class=\"has-inline-color has-vivid-red-color\" style=\"background-color: rgba(0, 0, 0, 0);\"><strong>Auteur<\/strong><\/mark><\/th><\/tr><\/thead><tbody><tr><td><strong>Crocq Louis<\/strong><\/td><\/tr><\/tbody><\/table><\/figure>\n\n\n\n<figure class=\"wp-block-table\"><table><thead><tr><th><mark class=\"has-inline-color has-vivid-red-color\" style=\"background-color: rgba(0, 0, 0, 0);\"><strong>R\u00e9f\u00e9rence<\/strong><\/mark><\/th><\/tr><\/thead><tbody><tr><td><strong>RR19712-02<\/strong><br>Expression et Signe, n\u00b02, 1971<\/td><\/tr><\/tbody><\/table><\/figure>\n\n\n\n<figure class=\"wp-block-table\"><table><thead><tr><th><mark class=\"has-inline-color has-vivid-red-color\" style=\"background-color: rgba(0, 0, 0, 0);\"><strong>Cat\u00e9gories<\/strong><\/mark><\/th><\/tr><\/thead><tbody><tr><td>Psychologie<br>Psychanalyse<br>\u00c9valuation<br>Enfance<br>Dessin<\/td><\/tr><\/tbody><\/table><\/figure>\n<\/div>\n<\/div>\n","protected":false},"excerpt":{"rendered":"<p>Le dessin de la famille est de plus en plus utilis\u00e9 en psychiatrie de l&rsquo;enfant et en pratique m\u00e9dico-p\u00e9dagogique. Faisant appel \u00e0 un moyen d&rsquo;expression naturel et spontan\u00e9 de l&rsquo;enfant, explorant directement sa relation v\u00e9cue \u00e0 l&rsquo;entourage familial, il constitue une \u00e9preuve projective excellente. Sollicitant la personnalit\u00e9 jusqu&rsquo;au niveau inconscient&hellip;<\/p>\n","protected":false},"author":2,"featured_media":0,"comment_status":"closed","ping_status":"open","sticky":false,"template":"","format":"standard","meta":{"pmpro_default_level":"","ngg_post_thumbnail":0,"footnotes":""},"categories":[835],"tags":[508,549,561,933,494,498,948],"class_list":["post-5432","post","type-post","status-publish","format-standard","hentry","category-crocq-louis","tag-dessin","tag-enfance","tag-evaluation","tag-expression-et-signe-1971-no2","tag-psychanalyse","tag-psychologie","tag-rr19712-02","pmpro-has-access"],"_links":{"self":[{"href":"https:\/\/bibliotheque-sfpe-at.com\/index.php\/wp-json\/wp\/v2\/posts\/5432","targetHints":{"allow":["GET"]}}],"collection":[{"href":"https:\/\/bibliotheque-sfpe-at.com\/index.php\/wp-json\/wp\/v2\/posts"}],"about":[{"href":"https:\/\/bibliotheque-sfpe-at.com\/index.php\/wp-json\/wp\/v2\/types\/post"}],"author":[{"embeddable":true,"href":"https:\/\/bibliotheque-sfpe-at.com\/index.php\/wp-json\/wp\/v2\/users\/2"}],"replies":[{"embeddable":true,"href":"https:\/\/bibliotheque-sfpe-at.com\/index.php\/wp-json\/wp\/v2\/comments?post=5432"}],"version-history":[{"count":1,"href":"https:\/\/bibliotheque-sfpe-at.com\/index.php\/wp-json\/wp\/v2\/posts\/5432\/revisions"}],"predecessor-version":[{"id":5433,"href":"https:\/\/bibliotheque-sfpe-at.com\/index.php\/wp-json\/wp\/v2\/posts\/5432\/revisions\/5433"}],"wp:attachment":[{"href":"https:\/\/bibliotheque-sfpe-at.com\/index.php\/wp-json\/wp\/v2\/media?parent=5432"}],"wp:term":[{"taxonomy":"category","embeddable":true,"href":"https:\/\/bibliotheque-sfpe-at.com\/index.php\/wp-json\/wp\/v2\/categories?post=5432"},{"taxonomy":"post_tag","embeddable":true,"href":"https:\/\/bibliotheque-sfpe-at.com\/index.php\/wp-json\/wp\/v2\/tags?post=5432"}],"curies":[{"name":"wp","href":"https:\/\/api.w.org\/{rel}","templated":true}]}}