{"id":5434,"date":"2025-05-13T19:38:49","date_gmt":"2025-05-13T17:38:49","guid":{"rendered":"https:\/\/bibliotheque-sfpe-at.com\/?p=5434"},"modified":"2025-05-13T19:50:05","modified_gmt":"2025-05-13T17:50:05","slug":"royaumes-et-soumoussaires","status":"publish","type":"post","link":"https:\/\/bibliotheque-sfpe-at.com\/index.php\/2025\/05\/13\/royaumes-et-soumoussaires\/","title":{"rendered":"Royaumes et soumoussaires"},"content":{"rendered":"\n<div class=\"wp-block-columns is-layout-flex wp-container-core-columns-is-layout-28f84493 wp-block-columns-is-layout-flex\">\n<div class=\"wp-block-column is-layout-flow wp-block-column-is-layout-flow\" style=\"flex-basis:66.66%\">\n<p class=\"has-text-align-right\"><em>Comment chercher le bonheur ? Est-ce par le ressouvenir, comme si l&rsquo;ayant oubli\u00e9 j&rsquo;avais encore conscience de mon oubli ?<br>Saint Augustin &#8211; Livre X<\/em><\/p>\n\n\n\n<p class=\"has-text-align-right\"><br><em>Si ma vie n&rsquo;\u00e9tait qu&rsquo;une fleur, douce et menue, je la cueillerais de sa tige pour la poser dans vos cheveux. Mais elle est un c\u0153ur, mon aim\u00e9e. O\u00f9 sont ses limites ?<br>Tagore<\/em><\/p>\n\n\n\n<p class=\"has-text-align-left\"><br>Jeannette naquit en novembre 1928 dans un village proche des horizons circulaires de Saint Pastour, au c\u0153ur d&rsquo;une r\u00e9gion de coteaux o\u00f9 les noms ont gard\u00e9 le parfum des temps et le ti\u00e8de miroitement de l&rsquo;humble vie des champs: Grateloup, Tombeb\u0153uf, Tartifume, Monclar\u2026<br>Elle naquit de parents instituteurs. Les \u00ab r\u00e9gents \u00bb en ce temps-l\u00e0 \u00e9taient plus que des ma\u00eetres d&rsquo;\u00e9cole, \u00e0 peine moins que des pr\u00eatres de l\u2019instruction publique dont le minist\u00e8re s&rsquo;agr\u00e9mentait de comp\u00e9tences diverses, telles que secr\u00e9tariat de mairie ou peinture, agriculture ou \u00e9b\u00e9nisterie, histoire locale ou botanique. Le p\u00e8re de Jean nette s&rsquo;adonnait tout particuli\u00e8rement \u00e0 la musique, et cela d\u2019une fa\u00e7on insolite. Dans ce pays de lyres municipales, habilit\u00e9es aux bals du 14 Juillet, aux frairies annuelles et \u00e0 la f\u00eate du Prix de Vertu, \u00eatre musicien c&rsquo;\u00e9tait jouer du cor d&rsquo;harmonie ou du saxophone alto. Jouer du violon ou du piano e\u00fbt \u00e9t\u00e9 interpr\u00e9t\u00e9 comme une marque \u00e9vidente d&rsquo;intellectualisme suspect d&rsquo;esprit aristocratique aux oreilles des radicaux-socialiste locaux et e\u00fbt mobilis\u00e9 la vigilance r\u00e9publicaine.<\/p>\n\n\n\n<p class=\"has-text-color has-link-color wp-elements-0c5dd61414d2cb4c88e3596780dedeb0\" style=\"color:#2753a5\"><strong><em>Pour lire le texte complet <a href=\"\/index.php\/options-dinscription\/\"><mark style=\"background-color:rgba(0, 0, 0, 0)\" class=\"has-inline-color has-vivid-cyan-blue-color\">s&rsquo;inscrire<\/mark><\/a> ou <a href=\"\/index.php\/my-account\/edit-account\/\"><mark style=\"background-color:rgba(0, 0, 0, 0)\" class=\"has-inline-color has-vivid-cyan-blue-color\">se connecter<\/mark><\/a><\/em><\/strong><\/p>\n\n\n\n\n\n<div style=\"height:100px\" aria-hidden=\"true\" class=\"wp-block-spacer\"><\/div>\n\n\n\n<div class=\"wp-block-buttons is-content-justification-center is-layout-flex wp-container-core-buttons-is-layout-a89b3969 wp-block-buttons-is-layout-flex\">\n<div class=\"wp-block-button is-style-fill\"><a class=\"wp-block-button__link has-vivid-red-background-color has-background has-small-font-size has-custom-font-size wp-element-button\" href=\"\/index.php\/2025\/05\/13\/1971-expression-et-signe-no-2\/\">&lt;&#8211;retour<\/a><\/div>\n<\/div>\n<\/div>\n\n\n\n<div class=\"wp-block-column is-layout-flow wp-block-column-is-layout-flow\" style=\"flex-basis:33.33%\">\n<figure class=\"wp-block-table\"><table class=\"has-background\" style=\"background-color:#f8f2f2\"><thead><tr><th><mark class=\"has-inline-color has-vivid-red-color\" style=\"background-color: rgba(0, 0, 0, 0);\"><strong>Auteur<\/strong><\/mark><\/th><\/tr><\/thead><tbody><tr><td><strong>Roux Guy<br>Gayral Paul<br>Gayral Louis<\/strong><\/td><\/tr><\/tbody><\/table><\/figure>\n\n\n\n<figure class=\"wp-block-table\"><table><thead><tr><th><mark class=\"has-inline-color has-vivid-red-color\" style=\"background-color: rgba(0, 0, 0, 0);\"><strong>R\u00e9f\u00e9rence<\/strong><\/mark><\/th><\/tr><\/thead><tbody><tr><td><strong>RR19712-03<\/strong><br>Expression et Signe, n\u00b02, 1971<\/td><\/tr><\/tbody><\/table><\/figure>\n\n\n\n<figure class=\"wp-block-table\"><table><thead><tr><th><mark class=\"has-inline-color has-vivid-red-color\" style=\"background-color: rgba(0, 0, 0, 0);\"><strong>Cat\u00e9gories<\/strong><\/mark><\/th><\/tr><\/thead><tbody><tr><td>Psychiatrie<br>\u00c9tude de cas<br>Po\u00e9sie<br>\u00c9criture<br>Peinture<\/td><\/tr><\/tbody><\/table><\/figure>\n<\/div>\n<\/div>\n","protected":false},"excerpt":{"rendered":"<p>Comment chercher le bonheur ? Est-ce par le ressouvenir, comme si l&rsquo;ayant oubli\u00e9 j&rsquo;avais encore conscience de mon oubli ?Saint Augustin &#8211; Livre X Si ma vie n&rsquo;\u00e9tait qu&rsquo;une fleur, douce et menue, je la cueillerais de sa tige pour la poser dans vos cheveux. Mais elle est un c\u0153ur,&hellip;<\/p>\n","protected":false},"author":2,"featured_media":0,"comment_status":"closed","ping_status":"open","sticky":false,"template":"","format":"standard","meta":{"pmpro_default_level":"","ngg_post_thumbnail":0,"footnotes":""},"categories":[943,942,941],"tags":[497,493,933,484,496,574,949],"class_list":["post-5434","post","type-post","status-publish","format-standard","hentry","category-gayral-louis","category-gayral-paul","category-roux-guy","tag-ecriture","tag-cas-clinique","tag-expression-et-signe-1971-no2","tag-peinture","tag-poesie","tag-psychiatrie","tag-rr19712-03","pmpro-has-access"],"_links":{"self":[{"href":"https:\/\/bibliotheque-sfpe-at.com\/index.php\/wp-json\/wp\/v2\/posts\/5434","targetHints":{"allow":["GET"]}}],"collection":[{"href":"https:\/\/bibliotheque-sfpe-at.com\/index.php\/wp-json\/wp\/v2\/posts"}],"about":[{"href":"https:\/\/bibliotheque-sfpe-at.com\/index.php\/wp-json\/wp\/v2\/types\/post"}],"author":[{"embeddable":true,"href":"https:\/\/bibliotheque-sfpe-at.com\/index.php\/wp-json\/wp\/v2\/users\/2"}],"replies":[{"embeddable":true,"href":"https:\/\/bibliotheque-sfpe-at.com\/index.php\/wp-json\/wp\/v2\/comments?post=5434"}],"version-history":[{"count":1,"href":"https:\/\/bibliotheque-sfpe-at.com\/index.php\/wp-json\/wp\/v2\/posts\/5434\/revisions"}],"predecessor-version":[{"id":5435,"href":"https:\/\/bibliotheque-sfpe-at.com\/index.php\/wp-json\/wp\/v2\/posts\/5434\/revisions\/5435"}],"wp:attachment":[{"href":"https:\/\/bibliotheque-sfpe-at.com\/index.php\/wp-json\/wp\/v2\/media?parent=5434"}],"wp:term":[{"taxonomy":"category","embeddable":true,"href":"https:\/\/bibliotheque-sfpe-at.com\/index.php\/wp-json\/wp\/v2\/categories?post=5434"},{"taxonomy":"post_tag","embeddable":true,"href":"https:\/\/bibliotheque-sfpe-at.com\/index.php\/wp-json\/wp\/v2\/tags?post=5434"}],"curies":[{"name":"wp","href":"https:\/\/api.w.org\/{rel}","templated":true}]}}