{"id":5436,"date":"2025-05-13T19:43:07","date_gmt":"2025-05-13T17:43:07","guid":{"rendered":"https:\/\/bibliotheque-sfpe-at.com\/?p=5436"},"modified":"2025-05-13T19:50:33","modified_gmt":"2025-05-13T17:50:33","slug":"expression-et-signe","status":"publish","type":"post","link":"https:\/\/bibliotheque-sfpe-at.com\/index.php\/2025\/05\/13\/expression-et-signe\/","title":{"rendered":"Expression et signe"},"content":{"rendered":"\n<div class=\"wp-block-columns is-layout-flex wp-container-core-columns-is-layout-28f84493 wp-block-columns-is-layout-flex\">\n<div class=\"wp-block-column is-layout-flow wp-block-column-is-layout-flow\" style=\"flex-basis:66.66%\">\n<p class=\"has-text-align-left\">Dans mon Trait\u00e9 de Psychopathologie (P.U.F., 1966), le livre II a \u00e9t\u00e9 consacr\u00e9 aux \u00ab Assises de la personnalit\u00e9 humaine vue dans la perspective psychopathologique\u00bb. Ce livre \u00e9tait s\u00e9par\u00e9 en deux chapitres : l&rsquo;affectivit\u00e9 et l&rsquo;expression. Je cherchais ainsi \u00e0 mettre en relief deux principes fondamentaux sur lesquels repose notre vie psychique. Je faisais reposer l&rsquo;affectivit\u00e9 sur un ph\u00e9nom\u00e8ne interhumain, \u00e0 savoir celui de l&rsquo;\u00e9cho ou du retentissement. Mais ici, c&rsquo;est l&rsquo;expression qui doit nous int\u00e9resser en premier lieu, avec ses caract\u00e8res essentiels qui en font une relation unique en son genre, irr\u00e9ductible \u00e0 toute autre relation par sa vie et sa vitalit\u00e9 particuli\u00e8res, puis les alt\u00e9rations qui lui sont propres. Nous touchons, de ce fait, de pr\u00e8s au ph\u00e9nom\u00e8ne d&rsquo;authenticit\u00e9 qui constitue la norme vers laquelle tend l\u2019expression.<br>\u00ab Expression et signe \u00bb, tel est le titre qui a \u00e9t\u00e9 choisi pour cette revue. Ce titre m&rsquo;a sugg\u00e9r\u00e9 les quelques r\u00e9flexions qui suivent et pour lesquelles je ne saurais mieux faire que de conserver le m\u00eame titre. Il s&rsquo;agira avant tout de diff\u00e9rencier l&rsquo;expression et le signe car, en fait, ils font deux.<br>Pour ce faire, je suivrai la m\u00e9thode qui m&rsquo;a guid\u00e9 de tout temps dans mes recherches. Mon regrett\u00e9 ami, H.J. Pos professeur de philosophie en son temps \u00e0 l&rsquo;Universit\u00e9 d&rsquo;Amsterdam, linguiste, \u00e0 la suite d&rsquo;un petit article que je publiais en 1952 dans sa revue, sous le titre \u00abVers\u2026 (l&rsquo;\u00e9lan vers\u2026)\u00bb, me remerciait tr\u00e8s gentiment de lui avoir donn\u00e9 cet article, \u00abo\u00f9 la m\u00e9ditation du ph\u00e9nom\u00e9nologue \u00e0 force de tourner un petit vocable arrive \u00e0 ouvrir les dimensions existentielles qui enveloppent son usage. <\/p>\n\n\n\n<p class=\"has-text-align-left\"><\/p>\n\n\n\n<p class=\"has-text-color has-link-color wp-elements-0c5dd61414d2cb4c88e3596780dedeb0\" style=\"color:#2753a5\"><strong><em>Pour lire le texte complet <a href=\"\/index.php\/options-dinscription\/\"><mark style=\"background-color:rgba(0, 0, 0, 0)\" class=\"has-inline-color has-vivid-cyan-blue-color\">s&rsquo;inscrire<\/mark><\/a> ou <a href=\"\/index.php\/my-account\/edit-account\/\"><mark style=\"background-color:rgba(0, 0, 0, 0)\" class=\"has-inline-color has-vivid-cyan-blue-color\">se connecter<\/mark><\/a><\/em><\/strong><\/p>\n\n\n\n\n\n<div style=\"height:100px\" aria-hidden=\"true\" class=\"wp-block-spacer\"><\/div>\n\n\n\n<div class=\"wp-block-buttons is-content-justification-center is-layout-flex wp-container-core-buttons-is-layout-a89b3969 wp-block-buttons-is-layout-flex\">\n<div class=\"wp-block-button is-style-fill\"><a class=\"wp-block-button__link has-vivid-red-background-color has-background has-small-font-size has-custom-font-size wp-element-button\" href=\"\/index.php\/2025\/05\/13\/1971-expression-et-signe-no-2\/\">&lt;&#8211;retour<\/a><\/div>\n<\/div>\n<\/div>\n\n\n\n<div class=\"wp-block-column is-layout-flow wp-block-column-is-layout-flow\" style=\"flex-basis:33.33%\">\n<figure class=\"wp-block-table\"><table class=\"has-background\" style=\"background-color:#f8f2f2\"><thead><tr><th><mark class=\"has-inline-color has-vivid-red-color\" style=\"background-color: rgba(0, 0, 0, 0);\"><strong>Auteur<\/strong><\/mark><\/th><\/tr><\/thead><tbody><tr><td><strong>Minkowski Eug\u00e8ne<\/strong><\/td><\/tr><\/tbody><\/table><\/figure>\n\n\n\n<figure class=\"wp-block-table\"><table><thead><tr><th><mark class=\"has-inline-color has-vivid-red-color\" style=\"background-color: rgba(0, 0, 0, 0);\"><strong>R\u00e9f\u00e9rence<\/strong><\/mark><\/th><\/tr><\/thead><tbody><tr><td><strong>RR19712-04<\/strong><br>Expression et Signe, n\u00b02, 1971<\/td><\/tr><\/tbody><\/table><\/figure>\n\n\n\n<figure class=\"wp-block-table\"><table><thead><tr><th><mark class=\"has-inline-color has-vivid-red-color\" style=\"background-color: rgba(0, 0, 0, 0);\"><strong>Cat\u00e9gories<\/strong><\/mark><\/th><\/tr><\/thead><tbody><tr><td>Psychopathologie de l&rsquo;expression<br>Ph\u00e9nom\u00e9nologie<br>Linguistique<\/td><\/tr><\/tbody><\/table><\/figure>\n<\/div>\n<\/div>\n","protected":false},"excerpt":{"rendered":"<p>Dans mon Trait\u00e9 de Psychopathologie (P.U.F., 1966), le livre II a \u00e9t\u00e9 consacr\u00e9 aux \u00ab Assises de la personnalit\u00e9 humaine vue dans la perspective psychopathologique\u00bb. Ce livre \u00e9tait s\u00e9par\u00e9 en deux chapitres : l&rsquo;affectivit\u00e9 et l&rsquo;expression. Je cherchais ainsi \u00e0 mettre en relief deux principes fondamentaux sur lesquels repose notre&hellip;<\/p>\n","protected":false},"author":2,"featured_media":0,"comment_status":"closed","ping_status":"open","sticky":false,"template":"","format":"standard","meta":{"pmpro_default_level":"","ngg_post_thumbnail":0,"footnotes":""},"categories":[944],"tags":[933,929,486,488,950],"class_list":["post-5436","post","type-post","status-publish","format-standard","hentry","category-minkowski-eugene","tag-expression-et-signe-1971-no2","tag-linguistique","tag-phenomenologie","tag-psychopathologie-de-lexpression","tag-rr19712-04","pmpro-has-access"],"_links":{"self":[{"href":"https:\/\/bibliotheque-sfpe-at.com\/index.php\/wp-json\/wp\/v2\/posts\/5436","targetHints":{"allow":["GET"]}}],"collection":[{"href":"https:\/\/bibliotheque-sfpe-at.com\/index.php\/wp-json\/wp\/v2\/posts"}],"about":[{"href":"https:\/\/bibliotheque-sfpe-at.com\/index.php\/wp-json\/wp\/v2\/types\/post"}],"author":[{"embeddable":true,"href":"https:\/\/bibliotheque-sfpe-at.com\/index.php\/wp-json\/wp\/v2\/users\/2"}],"replies":[{"embeddable":true,"href":"https:\/\/bibliotheque-sfpe-at.com\/index.php\/wp-json\/wp\/v2\/comments?post=5436"}],"version-history":[{"count":1,"href":"https:\/\/bibliotheque-sfpe-at.com\/index.php\/wp-json\/wp\/v2\/posts\/5436\/revisions"}],"predecessor-version":[{"id":5437,"href":"https:\/\/bibliotheque-sfpe-at.com\/index.php\/wp-json\/wp\/v2\/posts\/5436\/revisions\/5437"}],"wp:attachment":[{"href":"https:\/\/bibliotheque-sfpe-at.com\/index.php\/wp-json\/wp\/v2\/media?parent=5436"}],"wp:term":[{"taxonomy":"category","embeddable":true,"href":"https:\/\/bibliotheque-sfpe-at.com\/index.php\/wp-json\/wp\/v2\/categories?post=5436"},{"taxonomy":"post_tag","embeddable":true,"href":"https:\/\/bibliotheque-sfpe-at.com\/index.php\/wp-json\/wp\/v2\/tags?post=5436"}],"curies":[{"name":"wp","href":"https:\/\/api.w.org\/{rel}","templated":true}]}}