{"id":5447,"date":"2025-05-14T13:58:33","date_gmt":"2025-05-14T11:58:33","guid":{"rendered":"https:\/\/bibliotheque-sfpe-at.com\/?p=5447"},"modified":"2025-05-14T14:12:26","modified_gmt":"2025-05-14T12:12:26","slug":"logogriphes","status":"publish","type":"post","link":"https:\/\/bibliotheque-sfpe-at.com\/index.php\/2025\/05\/14\/logogriphes\/","title":{"rendered":"Logogriphes"},"content":{"rendered":"\n<div class=\"wp-block-columns is-layout-flex wp-container-core-columns-is-layout-28f84493 wp-block-columns-is-layout-flex\">\n<div class=\"wp-block-column is-layout-flow wp-block-column-is-layout-flow\" style=\"flex-basis:66.66%\">\n<p class=\"has-text-align-left\">Les textes que nous pr\u00e9sentons ici se passent de commentaires. Chacun y trouvera ce qu&rsquo;il saura y d\u00e9couvrir. Ils sont l&rsquo;\u0153uvre d&rsquo;un adolescent auquel nous avons demand\u00e9 d&rsquo;\u00e9crire ou plut\u00f4t de d\u00e9crire ce qu&rsquo;au cours de nos entretiens il exprimait de fa\u00e7on saisissante. Les po\u00e8mes qu&rsquo;il composait nous donnaient \u00e0 penser que la richesse, l&rsquo;exub\u00e9rance et le lyrisme de son verbe permettraient de mieux saisir et de p\u00e9n\u00e9trer son d\u00e9sarroi. On y trouvera des r\u00e9miniscences et d&rsquo;incontestables parent\u00e9s \u00e0 chaque page on pense au comte de Lautr\u00e9amont. Mais si les th\u00e8mes sont souvent identiques, les images sont vierges et ne peuvent \u00eatre accus\u00e9es de plagiat.<br>Ces th\u00e8mes ne sont d&rsquo;ailleurs l&rsquo;apanage de personne. Ils peuplent la symbolique<br>de chacun : pauvre ou prolif\u00e9rante, suivant la richesse du monde fantasmatique int\u00e9rioris\u00e9.<br>Ils apparaissent ici particuli\u00e8rement luxuriants. Le monde int\u00e9rieur est chaotique. Les c\u00e9nesth\u00e9sies s&rsquo;exacerbent et s&rsquo;alt\u00e8rent . elles sont v\u00e9cues comme d&rsquo;indicibles douleurs, \u00e9clatements, d\u00e9chirements morcellements, putrescences, transformations corporelles, m\u00e9tamorphoses.<br>Ces alt\u00e9rations sont projet\u00e9es sur l&rsquo;environnement qui appara\u00eet \u00e9trange, hostile, et mena\u00e7ant.<br>Chaque phrase ou presque m\u00e9riterait que l&rsquo;on s&rsquo;y arr\u00eate\u2026 L&rsquo;ensemble de ces textes r\u00e9alise, nous semble t il, une auto observation d&rsquo;une exceptionnelle qualit\u00e9\u2026 C&rsquo;est pourquoi, avec l&rsquo;autorisation de l&rsquo;auteur, nous la publions ici.<\/p>\n\n\n\n<p class=\"has-text-align-left\"><\/p>\n\n\n\n<p class=\"has-text-align-left\"><\/p>\n\n\n\n<p class=\"has-text-align-left\"><\/p>\n\n\n\n<p class=\"has-text-align-left\"><\/p>\n\n\n\n<p class=\"has-text-align-left\"><\/p>\n\n\n\n<p class=\"has-text-color has-link-color wp-elements-0c5dd61414d2cb4c88e3596780dedeb0\" style=\"color:#2753a5\"><strong><em>Pour lire le texte complet <a href=\"\/index.php\/options-dinscription\/\"><mark style=\"background-color:rgba(0, 0, 0, 0)\" class=\"has-inline-color has-vivid-cyan-blue-color\">s&rsquo;inscrire<\/mark><\/a> ou <a href=\"\/index.php\/my-account\/edit-account\/\"><mark style=\"background-color:rgba(0, 0, 0, 0)\" class=\"has-inline-color has-vivid-cyan-blue-color\">se connecter<\/mark><\/a><\/em><\/strong><\/p>\n\n\n\n\n\n<div style=\"height:100px\" aria-hidden=\"true\" class=\"wp-block-spacer\"><\/div>\n\n\n\n<div class=\"wp-block-buttons is-content-justification-center is-layout-flex wp-container-core-buttons-is-layout-a89b3969 wp-block-buttons-is-layout-flex\">\n<div class=\"wp-block-button is-style-fill\"><a class=\"wp-block-button__link has-vivid-red-background-color has-background has-small-font-size has-custom-font-size wp-element-button\" href=\"\/index.php\/2025\/05\/14\/1971-expression-et-signe-no-3\/\">&lt;&#8211;retour<\/a><\/div>\n<\/div>\n<\/div>\n\n\n\n<div class=\"wp-block-column is-layout-flow wp-block-column-is-layout-flow\" style=\"flex-basis:33.33%\">\n<figure class=\"wp-block-table\"><table class=\"has-background\" style=\"background-color:#f8f2f2\"><thead><tr><th><mark class=\"has-inline-color has-vivid-red-color\" style=\"background-color: rgba(0, 0, 0, 0);\"><strong>Auteur<\/strong><\/mark><\/th><\/tr><\/thead><tbody><tr><td><strong>Duch\u00e9 Didier-Jacques<\/strong><\/td><\/tr><\/tbody><\/table><\/figure>\n\n\n\n<figure class=\"wp-block-table\"><table><thead><tr><th><mark class=\"has-inline-color has-vivid-red-color\" style=\"background-color: rgba(0, 0, 0, 0);\"><strong>R\u00e9f\u00e9rence<\/strong><\/mark><\/th><\/tr><\/thead><tbody><tr><td><strong>RR19713-03<\/strong><br>Expression et Signe, n\u00b03, 1971<\/td><\/tr><\/tbody><\/table><\/figure>\n\n\n\n<figure class=\"wp-block-table\"><table><thead><tr><th><mark class=\"has-inline-color has-vivid-red-color\" style=\"background-color: rgba(0, 0, 0, 0);\"><strong>Cat\u00e9gories<\/strong><\/mark><\/th><\/tr><\/thead><tbody><tr><td>Psychopathologie de l\u2019expression<br>\u00c9ducation<br>\u00c9criture<br>Po\u00e9sie<br>Adolescence<\/td><\/tr><\/tbody><\/table><\/figure>\n<\/div>\n<\/div>\n","protected":false},"excerpt":{"rendered":"<p>Les textes que nous pr\u00e9sentons ici se passent de commentaires. Chacun y trouvera ce qu&rsquo;il saura y d\u00e9couvrir. Ils sont l&rsquo;\u0153uvre d&rsquo;un adolescent auquel nous avons demand\u00e9 d&rsquo;\u00e9crire ou plut\u00f4t de d\u00e9crire ce qu&rsquo;au cours de nos entretiens il exprimait de fa\u00e7on saisissante. Les po\u00e8mes qu&rsquo;il composait nous donnaient \u00e0&hellip;<\/p>\n","protected":false},"author":2,"featured_media":0,"comment_status":"closed","ping_status":"open","sticky":false,"template":"","format":"standard","meta":{"pmpro_default_level":"","ngg_post_thumbnail":0,"footnotes":""},"categories":[955],"tags":[548,497,831,953,496,488,960],"class_list":["post-5447","post","type-post","status-publish","format-standard","hentry","category-duche-didier-jacques","tag-adolescence","tag-ecriture","tag-education","tag-expression-et-signe-1971-no3","tag-poesie","tag-psychopathologie-de-lexpression","tag-rr19713-03","pmpro-has-access"],"_links":{"self":[{"href":"https:\/\/bibliotheque-sfpe-at.com\/index.php\/wp-json\/wp\/v2\/posts\/5447","targetHints":{"allow":["GET"]}}],"collection":[{"href":"https:\/\/bibliotheque-sfpe-at.com\/index.php\/wp-json\/wp\/v2\/posts"}],"about":[{"href":"https:\/\/bibliotheque-sfpe-at.com\/index.php\/wp-json\/wp\/v2\/types\/post"}],"author":[{"embeddable":true,"href":"https:\/\/bibliotheque-sfpe-at.com\/index.php\/wp-json\/wp\/v2\/users\/2"}],"replies":[{"embeddable":true,"href":"https:\/\/bibliotheque-sfpe-at.com\/index.php\/wp-json\/wp\/v2\/comments?post=5447"}],"version-history":[{"count":1,"href":"https:\/\/bibliotheque-sfpe-at.com\/index.php\/wp-json\/wp\/v2\/posts\/5447\/revisions"}],"predecessor-version":[{"id":5448,"href":"https:\/\/bibliotheque-sfpe-at.com\/index.php\/wp-json\/wp\/v2\/posts\/5447\/revisions\/5448"}],"wp:attachment":[{"href":"https:\/\/bibliotheque-sfpe-at.com\/index.php\/wp-json\/wp\/v2\/media?parent=5447"}],"wp:term":[{"taxonomy":"category","embeddable":true,"href":"https:\/\/bibliotheque-sfpe-at.com\/index.php\/wp-json\/wp\/v2\/categories?post=5447"},{"taxonomy":"post_tag","embeddable":true,"href":"https:\/\/bibliotheque-sfpe-at.com\/index.php\/wp-json\/wp\/v2\/tags?post=5447"}],"curies":[{"name":"wp","href":"https:\/\/api.w.org\/{rel}","templated":true}]}}