{"id":5451,"date":"2025-05-14T14:10:25","date_gmt":"2025-05-14T12:10:25","guid":{"rendered":"https:\/\/bibliotheque-sfpe-at.com\/?p=5451"},"modified":"2025-05-14T14:12:40","modified_gmt":"2025-05-14T12:12:40","slug":"de-quelques-problemes-poses-par-la-psychotherapie-avec-expressions-plastiques","status":"publish","type":"post","link":"https:\/\/bibliotheque-sfpe-at.com\/index.php\/2025\/05\/14\/de-quelques-problemes-poses-par-la-psychotherapie-avec-expressions-plastiques\/","title":{"rendered":"De quelques probl\u00e8mes pos\u00e9s par la psychoth\u00e9rapie avec expressions plastiques"},"content":{"rendered":"\n<div class=\"wp-block-columns is-layout-flex wp-container-core-columns-is-layout-28f84493 wp-block-columns-is-layout-flex\">\n<div class=\"wp-block-column is-layout-flow wp-block-column-is-layout-flow\" style=\"flex-basis:66.66%\">\n<p class=\"has-text-align-right\"><em>\u00a0\u00bb \u2026fl faut que je d\u00e9couvre d&rsquo;abord le sens et le contenu de ce qui est repr\u00e9sent\u00e9 dans l&rsquo;\u0153uvre.<br>par cons\u00e9quent.<br>que je l\u2019interpr\u00e8te \u00ab\u00a0<br>S. Freud \u00a0\u00bb Le Mo\u00efse de Michel-Ange \u00ab\u00a0<\/em><\/p>\n\n\n\n<p class=\"has-text-align-left\">Et tout de suite un point \u00e0 bien pr\u00e9ciser. Ce qui va suivre ne vise pas \u00e0 d\u00e9finir une doctrine. Le propos est plus modeste simplement aborder, d&rsquo;une certaine fa\u00e7on, quelques questions parmi celles que doit se poser celui qui s&rsquo;int\u00e9resse \u00e0 une psychoth\u00e9rapie analytique \u00a0\u00bb utilisant \u00a0\u00bb les expressions plastiques (peinture, dessin). Il ne s&rsquo;agit pas ici d&rsquo;\u00e9tudier la production picturale en elle-m\u00eame, en dehors de ce contexte psychoth\u00e9rapique. Laissons l&rsquo;Art aux artistes. Libre \u00e0 eux d&rsquo;en parler ou pas.<br>Un plan rigoureusement d\u00e9fini et \u00a0\u00bb ferm\u00e9 \u00a0\u00bb n&rsquo;a pas \u00e9t\u00e9 adopt\u00e9. Il a sembl\u00e9 pr\u00e9f\u00e9rable d\u2019isoler quelques th\u00e8mes de r\u00e9flexion. Chacun de ces th\u00e8mes fait l&rsquo;objet d&rsquo;un chapitre s\u00e9par\u00e9. Chacun est li\u00e9 aux autres par une loi de coh\u00e9rence interne mais peut \u00e9galement \u00eatre consid\u00e9r\u00e9 comme relativement autonome.<\/p>\n\n\n\n<p class=\"has-text-align-left\"><\/p>\n\n\n\n<p class=\"has-text-align-left\"><\/p>\n\n\n\n<p class=\"has-text-color has-link-color wp-elements-0c5dd61414d2cb4c88e3596780dedeb0\" style=\"color:#2753a5\"><strong><em>Pour lire le texte complet <a href=\"\/index.php\/options-dinscription\/\"><mark style=\"background-color:rgba(0, 0, 0, 0)\" class=\"has-inline-color has-vivid-cyan-blue-color\">s&rsquo;inscrire<\/mark><\/a> ou <a href=\"\/index.php\/my-account\/edit-account\/\"><mark style=\"background-color:rgba(0, 0, 0, 0)\" class=\"has-inline-color has-vivid-cyan-blue-color\">se connecter<\/mark><\/a><\/em><\/strong><\/p>\n\n\n\n\n\n<div style=\"height:100px\" aria-hidden=\"true\" class=\"wp-block-spacer\"><\/div>\n\n\n\n<div class=\"wp-block-buttons is-content-justification-center is-layout-flex wp-container-core-buttons-is-layout-a89b3969 wp-block-buttons-is-layout-flex\">\n<div class=\"wp-block-button is-style-fill\"><a class=\"wp-block-button__link has-vivid-red-background-color has-background has-small-font-size has-custom-font-size wp-element-button\" href=\"\/index.php\/2025\/05\/14\/1971-expression-et-signe-no-3\/\">&lt;&#8211;retour<\/a><\/div>\n<\/div>\n<\/div>\n\n\n\n<div class=\"wp-block-column is-layout-flow wp-block-column-is-layout-flow\" style=\"flex-basis:33.33%\">\n<figure class=\"wp-block-table\"><table class=\"has-background\" style=\"background-color:#f8f2f2\"><thead><tr><th><mark class=\"has-inline-color has-vivid-red-color\" style=\"background-color: rgba(0, 0, 0, 0);\"><strong>Auteur<\/strong><\/mark><\/th><\/tr><\/thead><tbody><tr><td><strong>Unal Jacques<\/strong><\/td><\/tr><\/tbody><\/table><\/figure>\n\n\n\n<figure class=\"wp-block-table\"><table><thead><tr><th><mark class=\"has-inline-color has-vivid-red-color\" style=\"background-color: rgba(0, 0, 0, 0);\"><strong>R\u00e9f\u00e9rence<\/strong><\/mark><\/th><\/tr><\/thead><tbody><tr><td><strong>RR19713-05<\/strong><br>Expression et Signe, n\u00b03, 1971<\/td><\/tr><\/tbody><\/table><\/figure>\n\n\n\n<figure class=\"wp-block-table\"><table><thead><tr><th><mark class=\"has-inline-color has-vivid-red-color\" style=\"background-color: rgba(0, 0, 0, 0);\"><strong>Cat\u00e9gories<\/strong><\/mark><\/th><\/tr><\/thead><tbody><tr><td>Psychopathologie de l\u2019expression<br>Dessin<br>Peinture<br>Enfance<\/td><\/tr><\/tbody><\/table><\/figure>\n<\/div>\n<\/div>\n","protected":false},"excerpt":{"rendered":"<p>\u00a0\u00bb \u2026fl faut que je d\u00e9couvre d&rsquo;abord le sens et le contenu de ce qui est repr\u00e9sent\u00e9 dans l&rsquo;\u0153uvre.par cons\u00e9quent.que je l\u2019interpr\u00e8te \u00ab\u00a0S. Freud \u00a0\u00bb Le Mo\u00efse de Michel-Ange \u00ab\u00a0 Et tout de suite un point \u00e0 bien pr\u00e9ciser. Ce qui va suivre ne vise pas \u00e0 d\u00e9finir une doctrine.&hellip;<\/p>\n","protected":false},"author":2,"featured_media":0,"comment_status":"closed","ping_status":"open","sticky":false,"template":"","format":"standard","meta":{"pmpro_default_level":"","ngg_post_thumbnail":0,"footnotes":""},"categories":[957],"tags":[508,549,953,484,488,962],"class_list":["post-5451","post","type-post","status-publish","format-standard","hentry","category-unal-jacques","tag-dessin","tag-enfance","tag-expression-et-signe-1971-no3","tag-peinture","tag-psychopathologie-de-lexpression","tag-rr19713-05","pmpro-has-access"],"_links":{"self":[{"href":"https:\/\/bibliotheque-sfpe-at.com\/index.php\/wp-json\/wp\/v2\/posts\/5451","targetHints":{"allow":["GET"]}}],"collection":[{"href":"https:\/\/bibliotheque-sfpe-at.com\/index.php\/wp-json\/wp\/v2\/posts"}],"about":[{"href":"https:\/\/bibliotheque-sfpe-at.com\/index.php\/wp-json\/wp\/v2\/types\/post"}],"author":[{"embeddable":true,"href":"https:\/\/bibliotheque-sfpe-at.com\/index.php\/wp-json\/wp\/v2\/users\/2"}],"replies":[{"embeddable":true,"href":"https:\/\/bibliotheque-sfpe-at.com\/index.php\/wp-json\/wp\/v2\/comments?post=5451"}],"version-history":[{"count":2,"href":"https:\/\/bibliotheque-sfpe-at.com\/index.php\/wp-json\/wp\/v2\/posts\/5451\/revisions"}],"predecessor-version":[{"id":5453,"href":"https:\/\/bibliotheque-sfpe-at.com\/index.php\/wp-json\/wp\/v2\/posts\/5451\/revisions\/5453"}],"wp:attachment":[{"href":"https:\/\/bibliotheque-sfpe-at.com\/index.php\/wp-json\/wp\/v2\/media?parent=5451"}],"wp:term":[{"taxonomy":"category","embeddable":true,"href":"https:\/\/bibliotheque-sfpe-at.com\/index.php\/wp-json\/wp\/v2\/categories?post=5451"},{"taxonomy":"post_tag","embeddable":true,"href":"https:\/\/bibliotheque-sfpe-at.com\/index.php\/wp-json\/wp\/v2\/tags?post=5451"}],"curies":[{"name":"wp","href":"https:\/\/api.w.org\/{rel}","templated":true}]}}