{"id":5455,"date":"2025-05-20T12:51:53","date_gmt":"2025-05-20T10:51:53","guid":{"rendered":"https:\/\/bibliotheque-sfpe-at.com\/?p=5455"},"modified":"2025-06-09T23:51:36","modified_gmt":"2025-06-09T21:51:36","slug":"1971-expression-et-signe-no-4","status":"publish","type":"post","link":"https:\/\/bibliotheque-sfpe-at.com\/index.php\/2025\/05\/20\/1971-expression-et-signe-no-4\/","title":{"rendered":"1971 expression et signe No 4"},"content":{"rendered":"<div class=\"wp-block-image\">\n<figure class=\"aligncenter size-large is-resized\"><a href=\"https:\/\/bibliotheque-sfpe-at.com\/wp-content\/uploads\/2024\/04\/WhatsApp-Image-2024-04-18-at-17.18.591.jpeg\"><img loading=\"lazy\" decoding=\"async\" width=\"723\" height=\"1024\" src=\"https:\/\/bibliotheque-sfpe-at.com\/wp-content\/uploads\/2024\/04\/WhatsApp-Image-2024-04-18-at-17.18.591-723x1024.jpeg\" alt=\"\" class=\"wp-image-691\" style=\"width:350px\" srcset=\"https:\/\/bibliotheque-sfpe-at.com\/wp-content\/uploads\/2024\/04\/WhatsApp-Image-2024-04-18-at-17.18.591-723x1024.jpeg 723w, https:\/\/bibliotheque-sfpe-at.com\/wp-content\/uploads\/2024\/04\/WhatsApp-Image-2024-04-18-at-17.18.591-600x850.jpeg 600w, https:\/\/bibliotheque-sfpe-at.com\/wp-content\/uploads\/2024\/04\/WhatsApp-Image-2024-04-18-at-17.18.591-212x300.jpeg 212w, https:\/\/bibliotheque-sfpe-at.com\/wp-content\/uploads\/2024\/04\/WhatsApp-Image-2024-04-18-at-17.18.591-768x1087.jpeg 768w, https:\/\/bibliotheque-sfpe-at.com\/wp-content\/uploads\/2024\/04\/WhatsApp-Image-2024-04-18-at-17.18.591-1085x1536.jpeg 1085w, https:\/\/bibliotheque-sfpe-at.com\/wp-content\/uploads\/2024\/04\/WhatsApp-Image-2024-04-18-at-17.18.591-240x340.jpeg 240w, https:\/\/bibliotheque-sfpe-at.com\/wp-content\/uploads\/2024\/04\/WhatsApp-Image-2024-04-18-at-17.18.591-424x600.jpeg 424w, https:\/\/bibliotheque-sfpe-at.com\/wp-content\/uploads\/2024\/04\/WhatsApp-Image-2024-04-18-at-17.18.591.jpeg 1130w\" sizes=\"auto, (max-width: 723px) 100vw, 723px\" \/><\/a><\/figure>\n<\/div>\n\n\n<p><\/p>\n\n\n<div class='pt-cv-wrapper'> <div class=\"pt-cv-view pt-cv-blockgrid iscvblock iscvreal grid1 layout2 cveffect-zoomin\" id=\"pt-cv-view-3i0h7lt2\"><div data-id=\"pt-cv-page-1\" class=\"pt-cv-page\" data-cvc=\"4\"><div class=\" pt-cv-content-item pt-cv-1-col\" ><div class=\"pt-cv-taxoterm above_title\"><a href='https:\/\/bibliotheque-sfpe-at.com\/index.php\/category\/auteurs\/ebtinger-rene\/' title='Ebtinger Ren\u00e9' class='pt-cv-tax-ebtinger-rene'>Ebtinger Ren\u00e9<\/a><\/div>\n<h4 class=\"pt-cv-title\"><a href=\"https:\/\/bibliotheque-sfpe-at.com\/index.php\/2025\/05\/20\/la-melancolie-de-durer-2\/\" class=\"_self\" target=\"_self\" >La m\u00e9lancolie de D\u00fcrer<\/a><\/h4>\n<div class=\"pt-cv-content\">LES SECRETSA LA RECHERCHE DES SOURCESLa recherche des sources, de l\u2019Antiquit\u00e9 \u00e0 la Renaissance, a \u00e9t\u00e9 men\u00e9e par Panofsky et Saxl avec un souci de documentation soutenu par une vaste \u00e9rudition. Ainsi ont-ils suivi l&rsquo;\u00e9volution du concept de m\u00e9lancolie selon les optiques populaire, m\u00e9dicale, philosophique, &#8230;<\/div>\n<div class=\"pt-cv-rmwrap\"><a href=\"https:\/\/bibliotheque-sfpe-at.com\/index.php\/2025\/05\/20\/la-melancolie-de-durer-2\/\" class=\"_self pt-cv-readmore btn btn-success\" target=\"_self\" >Lire La Suite\u2026<\/a><\/div><\/div>\n<div class=\" pt-cv-content-item pt-cv-1-col\" ><div class=\"pt-cv-taxoterm above_title\"><a href='https:\/\/bibliotheque-sfpe-at.com\/index.php\/category\/auteurs\/hallut-r\/' title='Hallut R.' class='pt-cv-tax-hallut-r'>Hallut R.<\/a><a href='https:\/\/bibliotheque-sfpe-at.com\/index.php\/category\/auteurs\/wildlocher-daniel\/' title='Wildl\u00f6cher Daniel' class='pt-cv-tax-wildlocher-daniel'>Wildl\u00f6cher Daniel<\/a><\/div>\n<h4 class=\"pt-cv-title\"><a href=\"https:\/\/bibliotheque-sfpe-at.com\/index.php\/2025\/05\/20\/les-retards-associes-du-graphisme-et-du-langage-chez-lenfant\/\" class=\"_self\" target=\"_self\" >Les retards associ\u00e9s du graphisme et du langage chez l\u2019enfant<\/a><\/h4>\n<div class=\"pt-cv-content\">Les dessins d\u2019enfant retiennent habituellement l\u2019attention en raison des informations qu\u2019ils transmettent : le dessin est saisi comme un message. Il est inutile de rappeler l\u2019int\u00e9r\u00eat clinique de ce mode de communication. Mais comme tout syst\u00e8me s\u00e9mantique, l\u2019activit\u00e9 graphique ob\u00e9it \u00e0 des lois de composition &#8230;<\/div>\n<div class=\"pt-cv-rmwrap\"><a href=\"https:\/\/bibliotheque-sfpe-at.com\/index.php\/2025\/05\/20\/les-retards-associes-du-graphisme-et-du-langage-chez-lenfant\/\" class=\"_self pt-cv-readmore btn btn-success\" target=\"_self\" >Lire La Suite\u2026<\/a><\/div><\/div>\n<div class=\" pt-cv-content-item pt-cv-1-col\" ><div class=\"pt-cv-taxoterm above_title\"><a href='https:\/\/bibliotheque-sfpe-at.com\/index.php\/category\/auteurs\/jost-joseph\/' title='Jost Joseph' class='pt-cv-tax-jost-joseph'>Jost Joseph<\/a><a href='https:\/\/bibliotheque-sfpe-at.com\/index.php\/category\/auteurs\/lecourt-edith\/' title='Lecourt \u00c9dith' class='pt-cv-tax-lecourt-edith'>Lecourt \u00c9dith<\/a><\/div>\n<h4 class=\"pt-cv-title\"><a href=\"https:\/\/bibliotheque-sfpe-at.com\/index.php\/2025\/05\/20\/le-centre-de-recherche-et-dapplication-des-techniques-psycho-musicales\/\" class=\"_self\" target=\"_self\" >Le centre de recherche et d\u2019application des techniques psycho-musicales<\/a><\/h4>\n<div class=\"pt-cv-content\">L&rsquo;importance accord\u00e9e \u00e0 la musique en psychoth\u00e9rapie par de nombreux pays \u00e9trangers a suscit\u00e9 en France un vif int\u00e9r\u00eat. C&rsquo;est ainsi que, depuis 1954, des travaux effectu\u00e9s dans ce domaine ont permis l&rsquo;ouverture, en 1969, d&rsquo;un Centre de recherches psychomusicales \u00e0 Paris.Ce centre est constitu\u00e9 &#8230;<\/div>\n<div class=\"pt-cv-rmwrap\"><a href=\"https:\/\/bibliotheque-sfpe-at.com\/index.php\/2025\/05\/20\/le-centre-de-recherche-et-dapplication-des-techniques-psycho-musicales\/\" class=\"_self pt-cv-readmore btn btn-success\" target=\"_self\" >Lire La Suite\u2026<\/a><\/div><\/div>\n<div class=\" pt-cv-content-item pt-cv-1-col\" ><div class=\"pt-cv-taxoterm above_title\"><a href='https:\/\/bibliotheque-sfpe-at.com\/index.php\/category\/auteurs\/unal-jacques\/' title='Unal Jacques' class='pt-cv-tax-unal-jacques'>Unal Jacques<\/a><\/div>\n<h4 class=\"pt-cv-title\"><a href=\"https:\/\/bibliotheque-sfpe-at.com\/index.php\/2025\/05\/20\/de-quelques-problemes-poses-par-la-psychotherapie-avec-les-expressions-plastiques\/\" class=\"_self\" target=\"_self\" >De quelques probl\u00e8mes pos\u00e9s par la psychoth\u00e9rapie avec les expressions plastiques<\/a><\/h4>\n<div class=\"pt-cv-content\">TROISI\u00c8ME TH\u00c8ME DE R\u00c9FLEXIONLe troisi\u00e8me th\u00e8me de r\u00e9flexion, centr\u00e9 sur le registre de l&rsquo;imaginaire, conduisait \u00e0 supposer l\u2019existence dans la dynamique de la production picturale de m\u00e9canismes analogues \u00e0 ceux d\u00e9crits par Freud comme constitutifs du fonctionnement de l&rsquo;Inconscient tel que le r\u00eave nous le &#8230;<\/div>\n<div class=\"pt-cv-rmwrap\"><a href=\"https:\/\/bibliotheque-sfpe-at.com\/index.php\/2025\/05\/20\/de-quelques-problemes-poses-par-la-psychotherapie-avec-les-expressions-plastiques\/\" class=\"_self pt-cv-readmore btn btn-success\" target=\"_self\" >Lire La Suite\u2026<\/a><\/div><\/div><\/div><\/div> <\/div> <style>\n\n#pt-cv-view-3i0h7lt2 .pt-cv-meta-fields {  }#pt-cv-view-3i0h7lt2 .pt-cv-meta-fields * { font-size: 13px; }#pt-cv-view-3i0h7lt2 .pt-cv-thumb-wrapper:not(.miniwrap) {  }#pt-cv-view-3i0h7lt2 .pt-cv-thumbnail:not(.pt-cv-thumbnailsm) { height: 250px; }#pt-cv-view-3i0h7lt2 .pt-cv-title a { display: block;color: #a83838; }#pt-cv-view-3i0h7lt2 .pt-cv-title:not(.pt-cv-titlesm) a { font-weight: 600;text-decoration: none;font-size: 20px; }#pt-cv-view-3i0h7lt2 .pt-cv-titlesm a { font-weight: 600;font-size: 18px; }#pt-cv-view-3i0h7lt2 .pt-cv-content { font-size: 12px; }#pt-cv-view-3i0h7lt2 .pt-cv-rmwrap {  }#pt-cv-view-3i0h7lt2 .pt-cv-readmore { color: #951a1a;background-color: #ffffff00;font-style: italic;font-size: 12px; }#pt-cv-view-3i0h7lt2 .pt-cv-taxoterm {  }#pt-cv-view-3i0h7lt2 .pt-cv-taxoterm * { color: #9badb7;background-color: #f5f0f057;border-style: solid;font-size: 14px;border-width: 1.5px 1.5px 1.5px 1.5px;border-radius: 8px 8px 8px 8px; }#pt-cv-view-3i0h7lt2 + .pt-cv-pagination-wrapper {  }#pt-cv-view-3i0h7lt2 + .pt-cv-pagination-wrapper a { font-size: 14px; }#pt-cv-view-3i0h7lt2 > .pt-cv-page {grid-template-columns: repeat(4, 1fr);grid-gap: 13px;}\n@media all and (max-width: 1024px) { \n#pt-cv-view-3i0h7lt2 > .pt-cv-page {}\n} \n@media all and (max-width: 767px) { \n#pt-cv-view-3i0h7lt2 > .pt-cv-page {grid-template-columns: repeat(1, 1fr);}\n} <\/style>\n\n\n<div style=\"height:54px\" aria-hidden=\"true\" class=\"wp-block-spacer\"><\/div>\n\n\n\n<div class=\"wp-block-buttons is-content-justification-center is-layout-flex wp-container-core-buttons-is-layout-a89b3969 wp-block-buttons-is-layout-flex\">\n<div class=\"wp-block-button\"><a class=\"wp-block-button__link has-vivid-red-background-color has-background has-small-font-size has-custom-font-size wp-element-button\" href=\"\/index.php\/revues-avant-2010\/\">&lt;&#8211; retour<\/a><\/div>\n<\/div>\n","protected":false},"excerpt":{"rendered":"","protected":false},"author":2,"featured_media":691,"comment_status":"closed","ping_status":"open","sticky":false,"template":"","format":"standard","meta":{"pmpro_default_level":"","ngg_post_thumbnail":0,"footnotes":""},"categories":[1],"tags":[26],"class_list":["post-5455","post","type-post","status-publish","format-standard","has-post-thumbnail","hentry","category-non-classe","tag-avant-2010","pmpro-has-access"],"_links":{"self":[{"href":"https:\/\/bibliotheque-sfpe-at.com\/index.php\/wp-json\/wp\/v2\/posts\/5455","targetHints":{"allow":["GET"]}}],"collection":[{"href":"https:\/\/bibliotheque-sfpe-at.com\/index.php\/wp-json\/wp\/v2\/posts"}],"about":[{"href":"https:\/\/bibliotheque-sfpe-at.com\/index.php\/wp-json\/wp\/v2\/types\/post"}],"author":[{"embeddable":true,"href":"https:\/\/bibliotheque-sfpe-at.com\/index.php\/wp-json\/wp\/v2\/users\/2"}],"replies":[{"embeddable":true,"href":"https:\/\/bibliotheque-sfpe-at.com\/index.php\/wp-json\/wp\/v2\/comments?post=5455"}],"version-history":[{"count":3,"href":"https:\/\/bibliotheque-sfpe-at.com\/index.php\/wp-json\/wp\/v2\/posts\/5455\/revisions"}],"predecessor-version":[{"id":5461,"href":"https:\/\/bibliotheque-sfpe-at.com\/index.php\/wp-json\/wp\/v2\/posts\/5455\/revisions\/5461"}],"wp:featuredmedia":[{"embeddable":true,"href":"https:\/\/bibliotheque-sfpe-at.com\/index.php\/wp-json\/wp\/v2\/media\/691"}],"wp:attachment":[{"href":"https:\/\/bibliotheque-sfpe-at.com\/index.php\/wp-json\/wp\/v2\/media?parent=5455"}],"wp:term":[{"taxonomy":"category","embeddable":true,"href":"https:\/\/bibliotheque-sfpe-at.com\/index.php\/wp-json\/wp\/v2\/categories?post=5455"},{"taxonomy":"post_tag","embeddable":true,"href":"https:\/\/bibliotheque-sfpe-at.com\/index.php\/wp-json\/wp\/v2\/tags?post=5455"}],"curies":[{"name":"wp","href":"https:\/\/api.w.org\/{rel}","templated":true}]}}