{"id":5458,"date":"2025-05-20T13:04:16","date_gmt":"2025-05-20T11:04:16","guid":{"rendered":"https:\/\/bibliotheque-sfpe-at.com\/?p=5458"},"modified":"2025-05-20T13:55:13","modified_gmt":"2025-05-20T11:55:13","slug":"la-melancolie-de-durer-2","status":"publish","type":"post","link":"https:\/\/bibliotheque-sfpe-at.com\/index.php\/2025\/05\/20\/la-melancolie-de-durer-2\/","title":{"rendered":"La m\u00e9lancolie de D\u00fcrer"},"content":{"rendered":"\n<div class=\"wp-block-columns is-layout-flex wp-container-core-columns-is-layout-28f84493 wp-block-columns-is-layout-flex\">\n<div class=\"wp-block-column is-layout-flow wp-block-column-is-layout-flow\" style=\"flex-basis:66.66%\">\n<p class=\"has-text-align-left\">LES SECRETS<br>A LA RECHERCHE DES SOURCES<br><br>La recherche des sources, de l\u2019Antiquit\u00e9 \u00e0 la Renaissance, a \u00e9t\u00e9 men\u00e9e par Panofsky et Saxl avec un souci de documentation soutenu par une vaste \u00e9rudition. Ainsi ont-ils suivi l&rsquo;\u00e9volution du concept de m\u00e9lancolie selon les optiques populaire, m\u00e9dicale, philosophique, astrologique, mythologique. th\u00e9ologique, souvent intriqu\u00e9es parfois oppos\u00e9es. Leur \u00e9tude, apparemment exhaustive, n\u2019a cependant d\u00e9courag\u00e9 ni historiens d&rsquo;art, ni herm\u00e9neutes de tous horizons qui ne cessent d&rsquo;interroger la myst\u00e9rieuse gravure soit pour proposer une explication globale, soit pour s&rsquo;interroger sur tel ou tel \u00e9l\u00e9ment. C&rsquo;est un survol de ces tentatives qui est propos\u00e9 ici.<br>La conception m\u00e9dicale de la m\u00e9lancolie, qui pr\u00e9vaut au XVe si\u00e8cle, refl\u00e8te la doctrine des temp\u00e9raments (fig n\u00a0\u00bb I), alors r\u00e9gnante. Chaque temp\u00e9rament est d\u00e9termin\u00e9 par la pr\u00e9dominance dune humeur basale. Le m\u00e9lancolique est domin\u00e9 par la bile noire et la m\u00e9lancolie est consid\u00e9r\u00e9e comme la moins noble des quatre complexions.<br>Cette repr\u00e9sentation n\u00e9gative de la m\u00e9lancolie correspond aussi \u00e0 la conception populaire, et elle est diffus\u00e9e dans des calendriers illustr\u00e9s, des \u201c fliegende Blatter \u00ab\u00a0, des gravures sur bois montrant par exemple un homme affal\u00e9 sur une table ou une femme d\u00e9laissant son rouet.<br>Cette conception m\u00e9dicale de la doctrine des temp\u00e9raments est intimement li\u00e9e aux conceptions astrologiques.<br>La bile noire, humeur de la m\u00e9lancolie, produite par la rate (spleen) est subordonn\u00e9e \u00e0 Saturne, astre le plus \u00e9lev\u00e9 et le plus lent, sombre et lourd, et c&rsquo;est le temp\u00e9rament m\u00e9lancolique que Verlaine \u00e9voque dans ses po\u00e8mes saturniens. Saturne est la plan\u00e8te des agriculteurs et des croque-morts, des tailleurs de pierre, des charpentiers, des menuisiers, des alchimistes, des savants, des ermites et de tous les contemplatifs.<\/p>\n\n\n\n<p class=\"has-text-align-left\"><\/p>\n\n\n\n<p class=\"has-text-align-left\"><\/p>\n\n\n\n<p class=\"has-text-color has-link-color wp-elements-0c5dd61414d2cb4c88e3596780dedeb0\" style=\"color:#2753a5\"><strong><em>Pour lire le texte complet <a href=\"\/index.php\/options-dinscription\/\"><mark style=\"background-color:rgba(0, 0, 0, 0)\" class=\"has-inline-color has-vivid-cyan-blue-color\">s&rsquo;inscrire<\/mark><\/a> ou <a href=\"\/index.php\/my-account\/edit-account\/\"><mark style=\"background-color:rgba(0, 0, 0, 0)\" class=\"has-inline-color has-vivid-cyan-blue-color\">se connecter<\/mark><\/a><\/em><\/strong><\/p>\n\n\n\n\n\n<div style=\"height:100px\" aria-hidden=\"true\" class=\"wp-block-spacer\"><\/div>\n\n\n\n<div class=\"wp-block-buttons is-content-justification-center is-layout-flex wp-container-core-buttons-is-layout-a89b3969 wp-block-buttons-is-layout-flex\">\n<div class=\"wp-block-button is-style-fill\"><a class=\"wp-block-button__link has-vivid-red-background-color has-background has-small-font-size has-custom-font-size wp-element-button\" href=\"\/index.php\/2025\/05\/20\/1971-expression-et-signe-no-4\/\">&lt;&#8211;retour<\/a><\/div>\n<\/div>\n<\/div>\n\n\n\n<div class=\"wp-block-column is-layout-flow wp-block-column-is-layout-flow\" style=\"flex-basis:33.33%\">\n<figure class=\"wp-block-table\"><table class=\"has-background\" style=\"background-color:#f8f2f2\"><thead><tr><th><mark class=\"has-inline-color has-vivid-red-color\" style=\"background-color: rgba(0, 0, 0, 0);\"><strong>Auteur<\/strong><\/mark><\/th><\/tr><\/thead><tbody><tr><td><strong>Ebtinger Ren\u00e9<\/strong><\/td><\/tr><\/tbody><\/table><\/figure>\n\n\n\n<figure class=\"wp-block-table\"><table><thead><tr><th><mark class=\"has-inline-color has-vivid-red-color\" style=\"background-color: rgba(0, 0, 0, 0);\"><strong>R\u00e9f\u00e9rence<\/strong><\/mark><\/th><\/tr><\/thead><tbody><tr><td><strong>RR19714-01<\/strong><br>Expression et Signe, n\u00b04, 1971<\/td><\/tr><\/tbody><\/table><\/figure>\n\n\n\n<figure class=\"wp-block-table\"><table><thead><tr><th><mark class=\"has-inline-color has-vivid-red-color\" style=\"background-color: rgba(0, 0, 0, 0);\"><strong>Cat\u00e9gories<\/strong><\/mark><\/th><\/tr><\/thead><tbody><tr><td>Art<br>Psychanalyse<br>Mythologie<br>Gravure<br>Dessin<\/td><\/tr><\/tbody><\/table><\/figure>\n<\/div>\n<\/div>\n","protected":false},"excerpt":{"rendered":"<p>LES SECRETSA LA RECHERCHE DES SOURCES La recherche des sources, de l\u2019Antiquit\u00e9 \u00e0 la Renaissance, a \u00e9t\u00e9 men\u00e9e par Panofsky et Saxl avec un souci de documentation soutenu par une vaste \u00e9rudition. Ainsi ont-ils suivi l&rsquo;\u00e9volution du concept de m\u00e9lancolie selon les optiques populaire, m\u00e9dicale, philosophique, astrologique, mythologique. th\u00e9ologique, souvent&hellip;<\/p>\n","protected":false},"author":2,"featured_media":0,"comment_status":"closed","ping_status":"open","sticky":false,"template":"","format":"standard","meta":{"pmpro_default_level":"","ngg_post_thumbnail":0,"footnotes":""},"categories":[952],"tags":[483,508,963,517,595,494,969],"class_list":["post-5458","post","type-post","status-publish","format-standard","hentry","category-ebtinger-rene","tag-art","tag-dessin","tag-expression-et-signe-1971-no4","tag-gravure","tag-mythologie","tag-psychanalyse","tag-rr19714-01","pmpro-has-access"],"_links":{"self":[{"href":"https:\/\/bibliotheque-sfpe-at.com\/index.php\/wp-json\/wp\/v2\/posts\/5458","targetHints":{"allow":["GET"]}}],"collection":[{"href":"https:\/\/bibliotheque-sfpe-at.com\/index.php\/wp-json\/wp\/v2\/posts"}],"about":[{"href":"https:\/\/bibliotheque-sfpe-at.com\/index.php\/wp-json\/wp\/v2\/types\/post"}],"author":[{"embeddable":true,"href":"https:\/\/bibliotheque-sfpe-at.com\/index.php\/wp-json\/wp\/v2\/users\/2"}],"replies":[{"embeddable":true,"href":"https:\/\/bibliotheque-sfpe-at.com\/index.php\/wp-json\/wp\/v2\/comments?post=5458"}],"version-history":[{"count":1,"href":"https:\/\/bibliotheque-sfpe-at.com\/index.php\/wp-json\/wp\/v2\/posts\/5458\/revisions"}],"predecessor-version":[{"id":5459,"href":"https:\/\/bibliotheque-sfpe-at.com\/index.php\/wp-json\/wp\/v2\/posts\/5458\/revisions\/5459"}],"wp:attachment":[{"href":"https:\/\/bibliotheque-sfpe-at.com\/index.php\/wp-json\/wp\/v2\/media?parent=5458"}],"wp:term":[{"taxonomy":"category","embeddable":true,"href":"https:\/\/bibliotheque-sfpe-at.com\/index.php\/wp-json\/wp\/v2\/categories?post=5458"},{"taxonomy":"post_tag","embeddable":true,"href":"https:\/\/bibliotheque-sfpe-at.com\/index.php\/wp-json\/wp\/v2\/tags?post=5458"}],"curies":[{"name":"wp","href":"https:\/\/api.w.org\/{rel}","templated":true}]}}