{"id":5464,"date":"2025-05-20T13:49:29","date_gmt":"2025-05-20T11:49:29","guid":{"rendered":"https:\/\/bibliotheque-sfpe-at.com\/?p=5464"},"modified":"2025-05-20T13:55:29","modified_gmt":"2025-05-20T11:55:29","slug":"le-centre-de-recherche-et-dapplication-des-techniques-psycho-musicales","status":"publish","type":"post","link":"https:\/\/bibliotheque-sfpe-at.com\/index.php\/2025\/05\/20\/le-centre-de-recherche-et-dapplication-des-techniques-psycho-musicales\/","title":{"rendered":"Le centre de recherche et d\u2019application des techniques psycho-musicales"},"content":{"rendered":"\n<div class=\"wp-block-columns is-layout-flex wp-container-core-columns-is-layout-28f84493 wp-block-columns-is-layout-flex\">\n<div class=\"wp-block-column is-layout-flow wp-block-column-is-layout-flow\" style=\"flex-basis:66.66%\">\n<p>L&rsquo;importance accord\u00e9e \u00e0 la musique en psychoth\u00e9rapie par de nombreux pays \u00e9trangers a suscit\u00e9 en France un vif int\u00e9r\u00eat. C&rsquo;est ainsi que, depuis 1954, des travaux effectu\u00e9s dans ce domaine ont permis l&rsquo;ouverture, en 1969, d&rsquo;un Centre de recherches psychomusicales \u00e0 Paris.<br>Ce centre est constitu\u00e9 de 3 d\u00e9partements: &#8211; le premier met au point des m\u00e9thodes de musicoth\u00e9rapie (individuelles, de groupe ou associ\u00e9es \u00e0 d&rsquo;autres techniques) et s\u00e9lectionne des \u0153uvres musicales en fonction de la personnalit\u00e9 du patient; \u2014 le deuxi\u00e8me applique le pouvoir de la musique \u00e0 la d\u00e9tente psychosomatique;<\/p>\n\n\n\n<p>le troisi\u00e8me met \u00e0 la disposition des praticiens tous les moyens n\u00e9cessaires a la mise en \u0153uvre des m\u00e9thodes psycho musicales, \u00e0 savoir les \u0153uvres s\u00e9lection n\u00e9es (fichiers, bandes magn\u00e9tiques, disques) et le dispositif d&rsquo;\u00e9clairage variable en intensit\u00e9 et en couleurs.<br>Deux articles pr\u00e9senteront les recherches, les applications et les indications qui se d\u00e9gagent de la connaissance actuelle du pouvoir de la musique : le premier, sujet de ce cahier, le second, \u00abLes m\u00e9thodes de musicoth\u00e9rapie\u00bb, par Jacques JOST, para\u00eetra dans le vol. II, n\u00b0 1, d\u2019Expression et Signe.<\/p>\n\n\n\n<p class=\"has-text-align-left\"><\/p>\n\n\n\n<p class=\"has-text-align-left\"><\/p>\n\n\n\n<p class=\"has-text-color has-link-color wp-elements-0c5dd61414d2cb4c88e3596780dedeb0\" style=\"color:#2753a5\"><strong><em>Pour lire le texte complet <a href=\"\/index.php\/options-dinscription\/\"><mark style=\"background-color:rgba(0, 0, 0, 0)\" class=\"has-inline-color has-vivid-cyan-blue-color\">s&rsquo;inscrire<\/mark><\/a> ou <a href=\"\/index.php\/my-account\/edit-account\/\"><mark style=\"background-color:rgba(0, 0, 0, 0)\" class=\"has-inline-color has-vivid-cyan-blue-color\">se connecter<\/mark><\/a><\/em><\/strong><\/p>\n\n\n\n\n\n<div style=\"height:100px\" aria-hidden=\"true\" class=\"wp-block-spacer\"><\/div>\n\n\n\n<div class=\"wp-block-buttons is-content-justification-center is-layout-flex wp-container-core-buttons-is-layout-a89b3969 wp-block-buttons-is-layout-flex\">\n<div class=\"wp-block-button is-style-fill\"><a class=\"wp-block-button__link has-vivid-red-background-color has-background has-small-font-size has-custom-font-size wp-element-button\" href=\"\/index.php\/2025\/05\/20\/1971-expression-et-signe-no-4\/\">&lt;&#8211;retour<\/a><\/div>\n<\/div>\n<\/div>\n\n\n\n<div class=\"wp-block-column is-layout-flow wp-block-column-is-layout-flow\" style=\"flex-basis:33.33%\">\n<figure class=\"wp-block-table\"><table class=\"has-background\" style=\"background-color:#f8f2f2\"><thead><tr><th><mark class=\"has-inline-color has-vivid-red-color\" style=\"background-color: rgba(0, 0, 0, 0);\"><strong>Auteur<\/strong><\/mark><\/th><\/tr><\/thead><tbody><tr><td><strong>Jost Joseph<br>Lecourt \u00c9dith<\/strong><\/td><\/tr><\/tbody><\/table><\/figure>\n\n\n\n<figure class=\"wp-block-table\"><table><thead><tr><th><mark class=\"has-inline-color has-vivid-red-color\" style=\"background-color: rgba(0, 0, 0, 0);\"><strong>R\u00e9f\u00e9rence<\/strong><\/mark><\/th><\/tr><\/thead><tbody><tr><td><strong>RR19714-03<\/strong><br>Expression et Signe, n\u00b04, 1971<\/td><\/tr><\/tbody><\/table><\/figure>\n\n\n\n<figure class=\"wp-block-table\"><table><thead><tr><th><mark class=\"has-inline-color has-vivid-red-color\" style=\"background-color: rgba(0, 0, 0, 0);\"><strong>Cat\u00e9gories<\/strong><\/mark><\/th><\/tr><\/thead><tbody><tr><td>Art<br>\u00c9ducation<br>Psychanalyse<br>Psychiatrie<br>Musique<br>Dispositif de m\u00e9diation<br>\u00c9valuation<\/td><\/tr><\/tbody><\/table><\/figure>\n<\/div>\n<\/div>\n","protected":false},"excerpt":{"rendered":"<p>L&rsquo;importance accord\u00e9e \u00e0 la musique en psychoth\u00e9rapie par de nombreux pays \u00e9trangers a suscit\u00e9 en France un vif int\u00e9r\u00eat. C&rsquo;est ainsi que, depuis 1954, des travaux effectu\u00e9s dans ce domaine ont permis l&rsquo;ouverture, en 1969, d&rsquo;un Centre de recherches psychomusicales \u00e0 Paris.Ce centre est constitu\u00e9 de 3 d\u00e9partements: &#8211; le&hellip;<\/p>\n","protected":false},"author":2,"featured_media":0,"comment_status":"closed","ping_status":"open","sticky":false,"template":"","format":"standard","meta":{"pmpro_default_level":"","ngg_post_thumbnail":0,"footnotes":""},"categories":[967,968],"tags":[483,505,831,561,963,538,494,574,971],"class_list":["post-5464","post","type-post","status-publish","format-standard","hentry","category-jost-joseph","category-lecourt-edith","tag-art","tag-dispositif-de-mediation","tag-education","tag-evaluation","tag-expression-et-signe-1971-no4","tag-musique","tag-psychanalyse","tag-psychiatrie","tag-rr19714-03","pmpro-has-access"],"_links":{"self":[{"href":"https:\/\/bibliotheque-sfpe-at.com\/index.php\/wp-json\/wp\/v2\/posts\/5464","targetHints":{"allow":["GET"]}}],"collection":[{"href":"https:\/\/bibliotheque-sfpe-at.com\/index.php\/wp-json\/wp\/v2\/posts"}],"about":[{"href":"https:\/\/bibliotheque-sfpe-at.com\/index.php\/wp-json\/wp\/v2\/types\/post"}],"author":[{"embeddable":true,"href":"https:\/\/bibliotheque-sfpe-at.com\/index.php\/wp-json\/wp\/v2\/users\/2"}],"replies":[{"embeddable":true,"href":"https:\/\/bibliotheque-sfpe-at.com\/index.php\/wp-json\/wp\/v2\/comments?post=5464"}],"version-history":[{"count":1,"href":"https:\/\/bibliotheque-sfpe-at.com\/index.php\/wp-json\/wp\/v2\/posts\/5464\/revisions"}],"predecessor-version":[{"id":5465,"href":"https:\/\/bibliotheque-sfpe-at.com\/index.php\/wp-json\/wp\/v2\/posts\/5464\/revisions\/5465"}],"wp:attachment":[{"href":"https:\/\/bibliotheque-sfpe-at.com\/index.php\/wp-json\/wp\/v2\/media?parent=5464"}],"wp:term":[{"taxonomy":"category","embeddable":true,"href":"https:\/\/bibliotheque-sfpe-at.com\/index.php\/wp-json\/wp\/v2\/categories?post=5464"},{"taxonomy":"post_tag","embeddable":true,"href":"https:\/\/bibliotheque-sfpe-at.com\/index.php\/wp-json\/wp\/v2\/tags?post=5464"}],"curies":[{"name":"wp","href":"https:\/\/api.w.org\/{rel}","templated":true}]}}