{"id":5466,"date":"2025-05-20T13:54:24","date_gmt":"2025-05-20T11:54:24","guid":{"rendered":"https:\/\/bibliotheque-sfpe-at.com\/?p=5466"},"modified":"2025-05-20T13:55:36","modified_gmt":"2025-05-20T11:55:36","slug":"de-quelques-problemes-poses-par-la-psychotherapie-avec-les-expressions-plastiques","status":"publish","type":"post","link":"https:\/\/bibliotheque-sfpe-at.com\/index.php\/2025\/05\/20\/de-quelques-problemes-poses-par-la-psychotherapie-avec-les-expressions-plastiques\/","title":{"rendered":"De quelques probl\u00e8mes pos\u00e9s par la psychoth\u00e9rapie avec les expressions plastiques"},"content":{"rendered":"\n<div class=\"wp-block-columns is-layout-flex wp-container-core-columns-is-layout-28f84493 wp-block-columns-is-layout-flex\">\n<div class=\"wp-block-column is-layout-flow wp-block-column-is-layout-flow\" style=\"flex-basis:66.66%\">\n<p>TROISI\u00c8ME TH\u00c8ME DE R\u00c9FLEXION<br>Le troisi\u00e8me th\u00e8me de r\u00e9flexion, centr\u00e9 sur le registre de l&rsquo;imaginaire, conduisait \u00e0 supposer l\u2019existence dans la dynamique de la production picturale de m\u00e9canismes analogues \u00e0 ceux d\u00e9crits par Freud comme constitutifs du fonctionnement de l&rsquo;Inconscient tel que le r\u00eave nous le r\u00e9v\u00e8le. Il s&rsquo;agit maintenant d&rsquo;illustrer cette hypoth\u00e9tique affirmation.<br>Les deux exemples suivants sont tir\u00e9s de la psychoth\u00e9rapie d&rsquo;un petit gar\u00e7on de six ans adress\u00e9 dans une Consultation d&rsquo;Hygi\u00e8ne Mentale en raison de troubles du caract\u00e8re et du comportement (r\u00e9actions d&rsquo;opposition souvent violentes en milieu scolaire et familial). Le p\u00e8re du gar\u00e7on a lui-m\u00eame \u00e9t\u00e9 trait\u00e9 sur le plan neuro-psychiatrique et son r\u00f4le pathog\u00e8ne pour le petit Michel est \u00e9vident. Les deux dessins reproduits ici ont \u00e9t\u00e9 r\u00e9alis\u00e9s dans la phase initiale de cette psychoth\u00e9rapie.<br>En commen\u00e7ant un dessin Michel exprime nettement son intention de repr\u00e9senter sa s\u0153ur. Il commence par la t\u00eate (personnage \u00e0 droite), puis dessine le corps et les jambes. Les bras, une \u00e9trange chevelure quadrill\u00e9e, les boutons de la robe compl\u00e8tent le dessin. Lorsque la th\u00e9rapeute demande \u00e0 Michel le pr\u00e9nom de sa s\u0153ur, l&rsquo;enfant, apparemment indign\u00e9, s&rsquo;exclame \u00ab mais c&rsquo;est un monsieur \u00bb.<\/p>\n\n\n\n<p class=\"has-text-align-left\"><\/p>\n\n\n\n<p class=\"has-text-align-left\"><\/p>\n\n\n\n<p class=\"has-text-color has-link-color wp-elements-0c5dd61414d2cb4c88e3596780dedeb0\" style=\"color:#2753a5\"><strong><em>Pour lire le texte complet <a href=\"\/index.php\/options-dinscription\/\"><mark style=\"background-color:rgba(0, 0, 0, 0)\" class=\"has-inline-color has-vivid-cyan-blue-color\">s&rsquo;inscrire<\/mark><\/a> ou <a href=\"\/index.php\/my-account\/edit-account\/\"><mark style=\"background-color:rgba(0, 0, 0, 0)\" class=\"has-inline-color has-vivid-cyan-blue-color\">se connecter<\/mark><\/a><\/em><\/strong><\/p>\n\n\n\n\n\n<div style=\"height:100px\" aria-hidden=\"true\" class=\"wp-block-spacer\"><\/div>\n\n\n\n<div class=\"wp-block-buttons is-content-justification-center is-layout-flex wp-container-core-buttons-is-layout-a89b3969 wp-block-buttons-is-layout-flex\">\n<div class=\"wp-block-button is-style-fill\"><a class=\"wp-block-button__link has-vivid-red-background-color has-background has-small-font-size has-custom-font-size wp-element-button\" href=\"\/index.php\/2025\/05\/20\/1971-expression-et-signe-no-4\/\">&lt;&#8211;retour<\/a><\/div>\n<\/div>\n<\/div>\n\n\n\n<div class=\"wp-block-column is-layout-flow wp-block-column-is-layout-flow\" style=\"flex-basis:33.33%\">\n<figure class=\"wp-block-table\"><table class=\"has-background\" style=\"background-color:#f8f2f2\"><thead><tr><th><mark class=\"has-inline-color has-vivid-red-color\" style=\"background-color: rgba(0, 0, 0, 0);\"><strong>Auteur<\/strong><\/mark><\/th><\/tr><\/thead><tbody><tr><td><strong>Unal Jacques<\/strong><\/td><\/tr><\/tbody><\/table><\/figure>\n\n\n\n<figure class=\"wp-block-table\"><table><thead><tr><th><mark class=\"has-inline-color has-vivid-red-color\" style=\"background-color: rgba(0, 0, 0, 0);\"><strong>R\u00e9f\u00e9rence<\/strong><\/mark><\/th><\/tr><\/thead><tbody><tr><td><strong>RR19714-04<\/strong><br>Expression et Signe, n\u00b04, 1971<\/td><\/tr><\/tbody><\/table><\/figure>\n\n\n\n<figure class=\"wp-block-table\"><table><thead><tr><th><mark class=\"has-inline-color has-vivid-red-color\" style=\"background-color: rgba(0, 0, 0, 0);\"><strong>Cat\u00e9gories<\/strong><\/mark><\/th><\/tr><\/thead><tbody><tr><td>Art<br>P\u00e9dopsychiatrie<br>Psychanalyse<br>Psychopathologie de l\u2019expression<br>Dessin<br>\u00c9tude de cas<br>\u00c9valuation<br>Enfance<\/td><\/tr><\/tbody><\/table><\/figure>\n<\/div>\n<\/div>\n","protected":false},"excerpt":{"rendered":"<p>TROISI\u00c8ME TH\u00c8ME DE R\u00c9FLEXIONLe troisi\u00e8me th\u00e8me de r\u00e9flexion, centr\u00e9 sur le registre de l&rsquo;imaginaire, conduisait \u00e0 supposer l\u2019existence dans la dynamique de la production picturale de m\u00e9canismes analogues \u00e0 ceux d\u00e9crits par Freud comme constitutifs du fonctionnement de l&rsquo;Inconscient tel que le r\u00eave nous le r\u00e9v\u00e8le. Il s&rsquo;agit maintenant d&rsquo;illustrer&hellip;<\/p>\n","protected":false},"author":2,"featured_media":0,"comment_status":"closed","ping_status":"open","sticky":false,"template":"","format":"standard","meta":{"pmpro_default_level":"","ngg_post_thumbnail":0,"footnotes":""},"categories":[957],"tags":[483,508,549,493,561,963,669,494,488,972],"class_list":["post-5466","post","type-post","status-publish","format-standard","hentry","category-unal-jacques","tag-art","tag-dessin","tag-enfance","tag-cas-clinique","tag-evaluation","tag-expression-et-signe-1971-no4","tag-pedopsychiatrie","tag-psychanalyse","tag-psychopathologie-de-lexpression","tag-rr19714-04","pmpro-has-access"],"_links":{"self":[{"href":"https:\/\/bibliotheque-sfpe-at.com\/index.php\/wp-json\/wp\/v2\/posts\/5466","targetHints":{"allow":["GET"]}}],"collection":[{"href":"https:\/\/bibliotheque-sfpe-at.com\/index.php\/wp-json\/wp\/v2\/posts"}],"about":[{"href":"https:\/\/bibliotheque-sfpe-at.com\/index.php\/wp-json\/wp\/v2\/types\/post"}],"author":[{"embeddable":true,"href":"https:\/\/bibliotheque-sfpe-at.com\/index.php\/wp-json\/wp\/v2\/users\/2"}],"replies":[{"embeddable":true,"href":"https:\/\/bibliotheque-sfpe-at.com\/index.php\/wp-json\/wp\/v2\/comments?post=5466"}],"version-history":[{"count":1,"href":"https:\/\/bibliotheque-sfpe-at.com\/index.php\/wp-json\/wp\/v2\/posts\/5466\/revisions"}],"predecessor-version":[{"id":5467,"href":"https:\/\/bibliotheque-sfpe-at.com\/index.php\/wp-json\/wp\/v2\/posts\/5466\/revisions\/5467"}],"wp:attachment":[{"href":"https:\/\/bibliotheque-sfpe-at.com\/index.php\/wp-json\/wp\/v2\/media?parent=5466"}],"wp:term":[{"taxonomy":"category","embeddable":true,"href":"https:\/\/bibliotheque-sfpe-at.com\/index.php\/wp-json\/wp\/v2\/categories?post=5466"},{"taxonomy":"post_tag","embeddable":true,"href":"https:\/\/bibliotheque-sfpe-at.com\/index.php\/wp-json\/wp\/v2\/tags?post=5466"}],"curies":[{"name":"wp","href":"https:\/\/api.w.org\/{rel}","templated":true}]}}