{"id":5534,"date":"2025-06-08T12:54:38","date_gmt":"2025-06-08T10:54:38","guid":{"rendered":"https:\/\/bibliotheque-sfpe-at.com\/?p=5534"},"modified":"2025-06-08T14:47:26","modified_gmt":"2025-06-08T12:47:26","slug":"theatre-et-psychotherapie","status":"publish","type":"post","link":"https:\/\/bibliotheque-sfpe-at.com\/index.php\/2025\/06\/08\/theatre-et-psychotherapie\/","title":{"rendered":"Th\u00e9\u00e2tre et psychoth\u00e9rapie"},"content":{"rendered":"\n<div class=\"wp-block-columns is-layout-flex wp-container-core-columns-is-layout-28f84493 wp-block-columns-is-layout-flex\">\n<div class=\"wp-block-column is-layout-flow wp-block-column-is-layout-flow\" style=\"flex-basis:66.66%\">\n<p>Le th\u00e9\u00e2tre ? De l\u2019\u00e9nonc\u00e9 aristot\u00e9licien au plein c\u0153ur des conceptions d\u2019avant-garde, le th\u00e9\u00e2tre poursuit une vocation immuable : centre de communication entre les hommes, il demeure le lieu o\u00f9 se d\u00e9structurent les contraintes, o\u00f9 se rel\u00e2chent les mailles p\u00e9trifiantes du filet socio-culturel, dissipant ainsi l\u2019angoisse humaine.<br>Son pouvoir lib\u00e9rateur d\u00e9coule de sa capacit\u00e9 d\u2019\u00e9mouvoir l\u2019inconscient ; il donne acc\u00e8s \u00e0 une nouvelle reconnaissance de soi sous les esp\u00e8ces de l\u2019Autre. La s\u00e9duction sp\u00e9cifique du jeu th\u00e9\u00e2tral, le plaisir de voir jouer, sont les catalyseurs de cette d\u00e9marche ; son emprise favorise l\u2019oubli de la r\u00e9alit\u00e9 et par l\u00e0 m\u00eame ouvre la voie \u00e0 l\u2019\u00e9vasion, au r\u00eave, \u00e0 la mise \u00e0 jour des fantasmes.<br>En effet, le th\u00e9\u00e2tre est avant tout une sorte de jeu d\u2019images tourn\u00e9es vers le public et lui renvoyant ses propres fantasmes. Ainsi nous assistons du spectateur \u00e0 la sc\u00e8ne \u00e0 un \u00ab feedback \u00bb ou double mouvement de projection et de captation en retour par le refuge dans l&rsquo;Imaginaire.<br>\u00ab Au th\u00e9\u00e2tre l\u2019action est donn\u00e9e \u00e0 voir restitu\u00e9e au spectacle \u00bb. C\u2019est toute l\u2019enfance refoul\u00e9e et sa probl\u00e9matique qui \u00e9mergent \u00e0 la surface du jeu de dramatisation. C\u2019est alors l\u2019occasion d\u2019une mise en pr\u00e9sence avec la r\u00e9p\u00e9tition du pass\u00e9; et celle-ci induit la possibilit\u00e9 d\u2019un nouveau rapport, conservant avec les pr\u00e9misses de ce dernier une relation significative, qui pourra contribuer r\u00e9trospectivement \u00e0 son \u00e9claircissement. C\u2019est la r\u00e9v\u00e9lation du rapport efficace, coexistant \u00e0 ce qui est in\u00e9vitablement occult\u00e9 et sa mise \u00e0 jour voil\u00e9e, permettant dans son principe m\u00eame un courant de communication entre un espace corporel et un autre espace qui est celui de l\u2019\u0153uvre.<br>Par cette mise en br\u00e8che du refoulement, on voit donc que les processus de l\u2019activit\u00e9 symbolique sont \u00e0 l\u2019origine de la cr\u00e9ation artistique, tout comme ils le sont du sympt\u00f4me, du r\u00eave et du refoulement. Entre tous ces termes la diff\u00e9rence est de l\u2019ordre du registre. La marque du \u00ab th\u00e9\u00e2tre th\u00e9\u00e2tral \u00bb<\/p>\n\n\n\n<p class=\"has-text-align-left\"><\/p>\n\n\n\n<p class=\"has-text-align-left\"><\/p>\n\n\n\n<p class=\"has-text-color has-link-color wp-elements-0c5dd61414d2cb4c88e3596780dedeb0\" style=\"color:#2753a5\"><strong><em>Pour lire le texte complet <a href=\"\/index.php\/options-dinscription\/\"><mark style=\"background-color:rgba(0, 0, 0, 0)\" class=\"has-inline-color has-vivid-cyan-blue-color\">s&rsquo;inscrire<\/mark><\/a> ou <a href=\"\/index.php\/my-account\/edit-account\/\"><mark style=\"background-color:rgba(0, 0, 0, 0)\" class=\"has-inline-color has-vivid-cyan-blue-color\">se connecter<\/mark><\/a><\/em><\/strong><\/p>\n\n\n\n\n\n<div style=\"height:100px\" aria-hidden=\"true\" class=\"wp-block-spacer\"><\/div>\n\n\n\n<div class=\"wp-block-buttons is-content-justification-center is-layout-flex wp-container-core-buttons-is-layout-a89b3969 wp-block-buttons-is-layout-flex\">\n<div class=\"wp-block-button is-style-fill\"><a class=\"wp-block-button__link has-vivid-red-background-color has-background has-small-font-size has-custom-font-size wp-element-button\" href=\"\/index.php\/2025\/06\/08\/1972-expression-et-signe-no-2\/\">&lt;&#8211;retour<\/a><\/div>\n<\/div>\n<\/div>\n\n\n\n<div class=\"wp-block-column is-layout-flow wp-block-column-is-layout-flow\" style=\"flex-basis:33.33%\">\n<figure class=\"wp-block-table\"><table class=\"has-background\" style=\"background-color:#f8f2f2\"><thead><tr><th><mark class=\"has-inline-color has-vivid-red-color\" style=\"background-color: rgba(0, 0, 0, 0);\"><strong>Auteur<\/strong><\/mark><\/th><\/tr><\/thead><tbody><tr><td><strong>Laval Fran\u00e7oise<br>Delord-Raynal Yvette<\/strong><\/td><\/tr><\/tbody><\/table><\/figure>\n\n\n\n<figure class=\"wp-block-table\"><table><thead><tr><th><mark class=\"has-inline-color has-vivid-red-color\" style=\"background-color: rgba(0, 0, 0, 0);\"><strong>R\u00e9f\u00e9rence<\/strong><\/mark><\/th><\/tr><\/thead><tbody><tr><td><strong>RR19722-04<\/strong><br>Expression et Signe, n\u00b02, 1972<\/td><\/tr><\/tbody><\/table><\/figure>\n\n\n\n<figure class=\"wp-block-table\"><table><thead><tr><th><mark class=\"has-inline-color has-vivid-red-color\" style=\"background-color: rgba(0, 0, 0, 0);\"><strong>Cat\u00e9gories<\/strong><\/mark><\/th><\/tr><\/thead><tbody><tr><td>Art-th\u00e9rapie<br>Th\u00e9\u00e2tre<br>Masque<\/td><\/tr><\/tbody><\/table><\/figure>\n<\/div>\n<\/div>\n","protected":false},"excerpt":{"rendered":"<p>Le th\u00e9\u00e2tre ? De l\u2019\u00e9nonc\u00e9 aristot\u00e9licien au plein c\u0153ur des conceptions d\u2019avant-garde, le th\u00e9\u00e2tre poursuit une vocation immuable : centre de communication entre les hommes, il demeure le lieu o\u00f9 se d\u00e9structurent les contraintes, o\u00f9 se rel\u00e2chent les mailles p\u00e9trifiantes du filet socio-culturel, dissipant ainsi l\u2019angoisse humaine.Son pouvoir lib\u00e9rateur d\u00e9coule&hellip;<\/p>\n","protected":false},"author":2,"featured_media":0,"comment_status":"closed","ping_status":"open","sticky":false,"template":"","format":"standard","meta":{"pmpro_default_level":"","ngg_post_thumbnail":0,"footnotes":""},"categories":[983,982],"tags":[492,976,858,992,504],"class_list":["post-5534","post","type-post","status-publish","format-standard","hentry","category-delord-raynal-yvette","category-laval-francoise","tag-art-therapie","tag-expression-et-signe-1972-no2","tag-masque","tag-rr19722-04","tag-theatre","pmpro-has-access"],"_links":{"self":[{"href":"https:\/\/bibliotheque-sfpe-at.com\/index.php\/wp-json\/wp\/v2\/posts\/5534","targetHints":{"allow":["GET"]}}],"collection":[{"href":"https:\/\/bibliotheque-sfpe-at.com\/index.php\/wp-json\/wp\/v2\/posts"}],"about":[{"href":"https:\/\/bibliotheque-sfpe-at.com\/index.php\/wp-json\/wp\/v2\/types\/post"}],"author":[{"embeddable":true,"href":"https:\/\/bibliotheque-sfpe-at.com\/index.php\/wp-json\/wp\/v2\/users\/2"}],"replies":[{"embeddable":true,"href":"https:\/\/bibliotheque-sfpe-at.com\/index.php\/wp-json\/wp\/v2\/comments?post=5534"}],"version-history":[{"count":1,"href":"https:\/\/bibliotheque-sfpe-at.com\/index.php\/wp-json\/wp\/v2\/posts\/5534\/revisions"}],"predecessor-version":[{"id":5535,"href":"https:\/\/bibliotheque-sfpe-at.com\/index.php\/wp-json\/wp\/v2\/posts\/5534\/revisions\/5535"}],"wp:attachment":[{"href":"https:\/\/bibliotheque-sfpe-at.com\/index.php\/wp-json\/wp\/v2\/media?parent=5534"}],"wp:term":[{"taxonomy":"category","embeddable":true,"href":"https:\/\/bibliotheque-sfpe-at.com\/index.php\/wp-json\/wp\/v2\/categories?post=5534"},{"taxonomy":"post_tag","embeddable":true,"href":"https:\/\/bibliotheque-sfpe-at.com\/index.php\/wp-json\/wp\/v2\/tags?post=5534"}],"curies":[{"name":"wp","href":"https:\/\/api.w.org\/{rel}","templated":true}]}}