{"id":5543,"date":"2025-06-08T15:01:53","date_gmt":"2025-06-08T13:01:53","guid":{"rendered":"https:\/\/bibliotheque-sfpe-at.com\/?p=5543"},"modified":"2025-06-08T17:35:01","modified_gmt":"2025-06-08T15:35:01","slug":"la-main-creation-picturale-et-monde-singulier","status":"publish","type":"post","link":"https:\/\/bibliotheque-sfpe-at.com\/index.php\/2025\/06\/08\/la-main-creation-picturale-et-monde-singulier\/","title":{"rendered":"La main, cr\u00e9ation picturale et monde singulier"},"content":{"rendered":"\n<div class=\"wp-block-columns is-layout-flex wp-container-core-columns-is-layout-28f84493 wp-block-columns-is-layout-flex\">\n<div class=\"wp-block-column is-layout-flow wp-block-column-is-layout-flow\" style=\"flex-basis:66.66%\">\n<p><strong><em>Pr\u00e9sentation de l&rsquo;exp\u00e9rience et m\u00e9thodologie<\/em><\/strong><br>L\u2019exp\u00e9rience pr\u00e9sent\u00e9e ici a \u00e9t\u00e9 r\u00e9alis\u00e9e avec la participation d\u2019un groupe d\u2019\u00e9l\u00e8ves de seconde ann\u00e9e de professorat de dessin, et avec l\u2019accord exprim\u00e9 de ces \u00e9l\u00e8ves, \u00e0 l\u2019\u00e9cole des Beaux-Arts de Rennes.<br>Les tableaux reproduits sont ceux d\u2019un de ces \u00e9l\u00e8ves, X\u2026, dont l\u2019\u00e9volution a \u00e9t\u00e9 suivie, tant sur le plan pictural que comportemental, sur une ann\u00e9e universitaire comportant sept s\u00e9ances, au rythme d\u2019une s\u00e9ance par mois.<br>Cette exp\u00e9rience, libre et spontan\u00e9ment accept\u00e9e, consista en un essai d\u2019\u00e9lucidation du sens singulier que rev\u00eatait pour chaque \u00e9l\u00e8ve la \u201c situation \u201d de l\u2019artiste mis face \u00e0 son \u0153uvre, et ce, en pr\u00e9sence du psychiatre.<br>Il s\u2019agit donc d\u2019une m\u00e9thode neuve et libre, ex\u00e9cut\u00e9e par des sujets non pathologiques qui se sont port\u00e9s volontaires dans le cadre d\u2019un atelier de dessin.<br>L\u2019exp\u00e9rience proprement dite comportait deux temps :<br>\u2014 un temps d\u2019ex\u00e9cution des \u0153uvres par le sujet<br>\u2014 un temps d\u2019\u00e9lucidation, par l\u2019analyste, en pr\u00e9sence du sujet.<br>Le premier temps comprenait un th\u00e8me propos\u00e9 par le professeur, soit la reproduction d\u2019un mod\u00e8le selon les normes d\u2019une technique classique, lors d\u2019une premi\u00e8re s\u00e9ance de dessin et une recr\u00e9ation personnelle d\u2019apr\u00e8s la premi\u00e8re r\u00e9alisation, lors d\u2019une s\u00e9ance ult\u00e9rieure, selon une directive donn\u00e9e par le professeur, \u00e0 savoir l&rsquo;ex\u00e9cution d\u2019une cr\u00e9ation libre et spontan\u00e9e respectant les grandes lignes directrices constructives du mod\u00e8le, telles qu\u2019elles sont pr\u00e9sentes dans la premi\u00e8re ex\u00e9cution.<\/p>\n\n\n\n<p class=\"has-text-align-left\"><\/p>\n\n\n\n<p class=\"has-text-align-left\"><\/p>\n\n\n\n<p class=\"has-text-color has-link-color wp-elements-0c5dd61414d2cb4c88e3596780dedeb0\" style=\"color:#2753a5\"><strong><em>Pour lire le texte complet <a href=\"\/index.php\/options-dinscription\/\"><mark style=\"background-color:rgba(0, 0, 0, 0)\" class=\"has-inline-color has-vivid-cyan-blue-color\">s&rsquo;inscrire<\/mark><\/a> ou <a href=\"\/index.php\/my-account\/edit-account\/\"><mark style=\"background-color:rgba(0, 0, 0, 0)\" class=\"has-inline-color has-vivid-cyan-blue-color\">se connecter<\/mark><\/a><\/em><\/strong><\/p>\n\n\n\n\n\n<div style=\"height:100px\" aria-hidden=\"true\" class=\"wp-block-spacer\"><\/div>\n\n\n\n<div class=\"wp-block-buttons is-content-justification-center is-layout-flex wp-container-core-buttons-is-layout-a89b3969 wp-block-buttons-is-layout-flex\">\n<div class=\"wp-block-button is-style-fill\"><a class=\"wp-block-button__link has-vivid-red-background-color has-background has-small-font-size has-custom-font-size wp-element-button\" href=\"\/index.php\/2025\/06\/08\/1972-expression-et-signe-no-3\/\">&lt;&#8211;retour<\/a><\/div>\n<\/div>\n<\/div>\n\n\n\n<div class=\"wp-block-column is-layout-flow wp-block-column-is-layout-flow\" style=\"flex-basis:33.33%\">\n<figure class=\"wp-block-table\"><table class=\"has-background\" style=\"background-color:#f8f2f2\"><thead><tr><th><mark class=\"has-inline-color has-vivid-red-color\" style=\"background-color: rgba(0, 0, 0, 0);\"><strong>Auteur<\/strong><\/mark><\/th><\/tr><\/thead><tbody><tr><td><strong>Philippot M.<br>Labrousse C.<\/strong><\/td><\/tr><\/tbody><\/table><\/figure>\n\n\n\n<figure class=\"wp-block-table\"><table><thead><tr><th><mark class=\"has-inline-color has-vivid-red-color\" style=\"background-color: rgba(0, 0, 0, 0);\"><strong>R\u00e9f\u00e9rence<\/strong><\/mark><\/th><\/tr><\/thead><tbody><tr><td><strong>RR19723-01<\/strong><br>Expression et Signe, n\u00b03, 1972<\/td><\/tr><\/tbody><\/table><\/figure>\n\n\n\n<figure class=\"wp-block-table\"><table><thead><tr><th><mark class=\"has-inline-color has-vivid-red-color\" style=\"background-color: rgba(0, 0, 0, 0);\"><strong>Cat\u00e9gories<\/strong><\/mark><\/th><\/tr><\/thead><tbody><tr><td>Psychologie<br>Ph\u00e9nom\u00e9nologie<br>Peinture<br>Dispositif de m\u00e9diation<br>\u00c9valuation<\/td><\/tr><\/tbody><\/table><\/figure>\n<\/div>\n<\/div>\n","protected":false},"excerpt":{"rendered":"<p>Pr\u00e9sentation de l&rsquo;exp\u00e9rience et m\u00e9thodologieL\u2019exp\u00e9rience pr\u00e9sent\u00e9e ici a \u00e9t\u00e9 r\u00e9alis\u00e9e avec la participation d\u2019un groupe d\u2019\u00e9l\u00e8ves de seconde ann\u00e9e de professorat de dessin, et avec l\u2019accord exprim\u00e9 de ces \u00e9l\u00e8ves, \u00e0 l\u2019\u00e9cole des Beaux-Arts de Rennes.Les tableaux reproduits sont ceux d\u2019un de ces \u00e9l\u00e8ves, X\u2026, dont l\u2019\u00e9volution a \u00e9t\u00e9 suivie,&hellip;<\/p>\n","protected":false},"author":2,"featured_media":0,"comment_status":"closed","ping_status":"open","sticky":false,"template":"","format":"standard","meta":{"pmpro_default_level":"","ngg_post_thumbnail":0,"footnotes":""},"categories":[996,995],"tags":[505,561,997,484,486,498,1014],"class_list":["post-5543","post","type-post","status-publish","format-standard","hentry","category-labrousse-c","category-philippot-m","tag-dispositif-de-mediation","tag-evaluation","tag-expression-et-signe-1972-no3","tag-peinture","tag-phenomenologie","tag-psychologie","tag-rr19723-01","pmpro-has-access"],"_links":{"self":[{"href":"https:\/\/bibliotheque-sfpe-at.com\/index.php\/wp-json\/wp\/v2\/posts\/5543","targetHints":{"allow":["GET"]}}],"collection":[{"href":"https:\/\/bibliotheque-sfpe-at.com\/index.php\/wp-json\/wp\/v2\/posts"}],"about":[{"href":"https:\/\/bibliotheque-sfpe-at.com\/index.php\/wp-json\/wp\/v2\/types\/post"}],"author":[{"embeddable":true,"href":"https:\/\/bibliotheque-sfpe-at.com\/index.php\/wp-json\/wp\/v2\/users\/2"}],"replies":[{"embeddable":true,"href":"https:\/\/bibliotheque-sfpe-at.com\/index.php\/wp-json\/wp\/v2\/comments?post=5543"}],"version-history":[{"count":1,"href":"https:\/\/bibliotheque-sfpe-at.com\/index.php\/wp-json\/wp\/v2\/posts\/5543\/revisions"}],"predecessor-version":[{"id":5544,"href":"https:\/\/bibliotheque-sfpe-at.com\/index.php\/wp-json\/wp\/v2\/posts\/5543\/revisions\/5544"}],"wp:attachment":[{"href":"https:\/\/bibliotheque-sfpe-at.com\/index.php\/wp-json\/wp\/v2\/media?parent=5543"}],"wp:term":[{"taxonomy":"category","embeddable":true,"href":"https:\/\/bibliotheque-sfpe-at.com\/index.php\/wp-json\/wp\/v2\/categories?post=5543"},{"taxonomy":"post_tag","embeddable":true,"href":"https:\/\/bibliotheque-sfpe-at.com\/index.php\/wp-json\/wp\/v2\/tags?post=5543"}],"curies":[{"name":"wp","href":"https:\/\/api.w.org\/{rel}","templated":true}]}}