{"id":5548,"date":"2025-06-08T15:15:26","date_gmt":"2025-06-08T13:15:26","guid":{"rendered":"https:\/\/bibliotheque-sfpe-at.com\/?p=5548"},"modified":"2025-06-08T17:35:17","modified_gmt":"2025-06-08T15:35:17","slug":"expression-et-vision-en-images","status":"publish","type":"post","link":"https:\/\/bibliotheque-sfpe-at.com\/index.php\/2025\/06\/08\/expression-et-vision-en-images\/","title":{"rendered":"Expression et vision en images"},"content":{"rendered":"\n<div class=\"wp-block-columns is-layout-flex wp-container-core-columns-is-layout-28f84493 wp-block-columns-is-layout-flex\">\n<div class=\"wp-block-column is-layout-flow wp-block-column-is-layout-flow\" style=\"flex-basis:66.66%\">\n<p>Dans la multiplicit\u00e9 de ses registres \u201c l\u2019expression \u201d est \u201c une \u201d, qu\u2019\u00e0 partir du verbe elle s\u2019accomplisse en langage, qu\u2019\u00e0 partir du geste elle s\u2019accomplisse en \u0153uvre plastique ou chor\u00e9graphique, qu\u2019\u00e0 partir du cri elle s\u2019\u00e9labore en musique. Les rencontres et les interf\u00e9rences de ces registres se fondent dans cette \u201c unit\u00e9 \u201d, exaltent le sens \u201d dramatique \u201d de l\u2019expression et mettent plus pleinement en lumi\u00e8re le \u201c Monde des Formes \u201d dont elle proc\u00e8de. Qu\u2019un po\u00e8me puisse \u00eatre m\u00e9lodique, qu\u2019une toile puisse \u00eatre lyrique, qu\u2019une symphonie puisse \u00eatre color\u00e9e, que la sonorit\u00e9 musicale ait ses phrases, que l\u2019un et les autres d\u00e9veloppent des rythmes, renvoie \u00e0 l\u2019analogie po\u00e9tique. Andr\u00e9 Breton apprend \u00e0 la saisir comme reflet \u201d d\u2019un monde ramifi\u00e9 \u00e0 perte de vue et tout entier parcouru de la m\u00eame s\u00e8ve \u201d, \u00e0 la percevoir comme l\u2019\u00e9vidence\u2026 \u00a0\u00bb illuminant une vie de relations \u201d. Cette analogie po\u00e9tique est le creuset de l\u2019image qui peut \u201d faire entrevoir et valoir la vraie vie \u201d absente \u201d.<br>A cet entrevoir, la psychopathologie peut aussi contribuer. Elle conduit aux relations essentielles qui nouent les ph\u00e9nom\u00e8nes de la vie psychique. L\u2019expression est intrins\u00e8que \u00e0 leur existence en m\u00eame temps qu\u2019elle est affirmation de l&rsquo;exp\u00e9rience personnelle. C\u2019est au travers de l\u2019expression que ces ph\u00e9nom\u00e8nes s\u2019accordent au monde, que l\u2019homme acc\u00e8de \u00e0 \u00a0\u00bb sa \u201d  r\u00e9alit\u00e9 et l&rsquo;image jaillit dans ce mouvement; pour \u00e9clairer celui-ci, les propos du po\u00e8te servent encore : il marque une \u201d tension vitale \u201d.<\/p>\n\n\n\n<p class=\"has-text-align-left\"><\/p>\n\n\n\n<p class=\"has-text-align-left\"><\/p>\n\n\n\n<p class=\"has-text-color has-link-color wp-elements-0c5dd61414d2cb4c88e3596780dedeb0\" style=\"color:#2753a5\"><strong><em>Pour lire le texte complet <a href=\"\/index.php\/options-dinscription\/\"><mark style=\"background-color:rgba(0, 0, 0, 0)\" class=\"has-inline-color has-vivid-cyan-blue-color\">s&rsquo;inscrire<\/mark><\/a> ou <a href=\"\/index.php\/my-account\/edit-account\/\"><mark style=\"background-color:rgba(0, 0, 0, 0)\" class=\"has-inline-color has-vivid-cyan-blue-color\">se connecter<\/mark><\/a><\/em><\/strong><\/p>\n\n\n\n\n\n<div style=\"height:100px\" aria-hidden=\"true\" class=\"wp-block-spacer\"><\/div>\n\n\n\n<div class=\"wp-block-buttons is-content-justification-center is-layout-flex wp-container-core-buttons-is-layout-a89b3969 wp-block-buttons-is-layout-flex\">\n<div class=\"wp-block-button is-style-fill\"><a class=\"wp-block-button__link has-vivid-red-background-color has-background has-small-font-size has-custom-font-size wp-element-button\" href=\"\/index.php\/2025\/06\/08\/1972-expression-et-signe-no-3\/\">&lt;&#8211;retour<\/a><\/div>\n<\/div>\n<\/div>\n\n\n\n<div class=\"wp-block-column is-layout-flow wp-block-column-is-layout-flow\" style=\"flex-basis:33.33%\">\n<figure class=\"wp-block-table\"><table class=\"has-background\" style=\"background-color:#f8f2f2\"><thead><tr><th><mark class=\"has-inline-color has-vivid-red-color\" style=\"background-color: rgba(0, 0, 0, 0);\"><strong>Auteur<\/strong><\/mark><\/th><\/tr><\/thead><tbody><tr><td><strong>Osson Denise<\/strong><\/td><\/tr><\/tbody><\/table><\/figure>\n\n\n\n<figure class=\"wp-block-table\"><table><thead><tr><th><mark class=\"has-inline-color has-vivid-red-color\" style=\"background-color: rgba(0, 0, 0, 0);\"><strong>R\u00e9f\u00e9rence<\/strong><\/mark><\/th><\/tr><\/thead><tbody><tr><td><strong>RR19723-03<\/strong><br>Expression et Signe, n\u00b03, 1972<\/td><\/tr><\/tbody><\/table><\/figure>\n\n\n\n<figure class=\"wp-block-table\"><table><thead><tr><th><mark class=\"has-inline-color has-vivid-red-color\" style=\"background-color: rgba(0, 0, 0, 0);\"><strong>Cat\u00e9gories<\/strong><\/mark><\/th><\/tr><\/thead><tbody><tr><td>Psychiatrie<br>Psychologie<br>Neurologie<br>Dessin<br>\u00c9valuation<\/td><\/tr><\/tbody><\/table><\/figure>\n<\/div>\n<\/div>\n","protected":false},"excerpt":{"rendered":"<p>Dans la multiplicit\u00e9 de ses registres \u201c l\u2019expression \u201d est \u201c une \u201d, qu\u2019\u00e0 partir du verbe elle s\u2019accomplisse en langage, qu\u2019\u00e0 partir du geste elle s\u2019accomplisse en \u0153uvre plastique ou chor\u00e9graphique, qu\u2019\u00e0 partir du cri elle s\u2019\u00e9labore en musique. Les rencontres et les interf\u00e9rences de ces registres se fondent&hellip;<\/p>\n","protected":false},"author":2,"featured_media":0,"comment_status":"closed","ping_status":"open","sticky":false,"template":"","format":"standard","meta":{"pmpro_default_level":"","ngg_post_thumbnail":0,"footnotes":""},"categories":[1000],"tags":[508,561,997,592,574,1016],"class_list":["post-5548","post","type-post","status-publish","format-standard","hentry","category-osson-denise","tag-dessin","tag-evaluation","tag-expression-et-signe-1972-no3","tag-neurologie","tag-psychiatrie","tag-rr19723-03","pmpro-has-access"],"_links":{"self":[{"href":"https:\/\/bibliotheque-sfpe-at.com\/index.php\/wp-json\/wp\/v2\/posts\/5548","targetHints":{"allow":["GET"]}}],"collection":[{"href":"https:\/\/bibliotheque-sfpe-at.com\/index.php\/wp-json\/wp\/v2\/posts"}],"about":[{"href":"https:\/\/bibliotheque-sfpe-at.com\/index.php\/wp-json\/wp\/v2\/types\/post"}],"author":[{"embeddable":true,"href":"https:\/\/bibliotheque-sfpe-at.com\/index.php\/wp-json\/wp\/v2\/users\/2"}],"replies":[{"embeddable":true,"href":"https:\/\/bibliotheque-sfpe-at.com\/index.php\/wp-json\/wp\/v2\/comments?post=5548"}],"version-history":[{"count":1,"href":"https:\/\/bibliotheque-sfpe-at.com\/index.php\/wp-json\/wp\/v2\/posts\/5548\/revisions"}],"predecessor-version":[{"id":5549,"href":"https:\/\/bibliotheque-sfpe-at.com\/index.php\/wp-json\/wp\/v2\/posts\/5548\/revisions\/5549"}],"wp:attachment":[{"href":"https:\/\/bibliotheque-sfpe-at.com\/index.php\/wp-json\/wp\/v2\/media?parent=5548"}],"wp:term":[{"taxonomy":"category","embeddable":true,"href":"https:\/\/bibliotheque-sfpe-at.com\/index.php\/wp-json\/wp\/v2\/categories?post=5548"},{"taxonomy":"post_tag","embeddable":true,"href":"https:\/\/bibliotheque-sfpe-at.com\/index.php\/wp-json\/wp\/v2\/tags?post=5548"}],"curies":[{"name":"wp","href":"https:\/\/api.w.org\/{rel}","templated":true}]}}