{"id":5550,"date":"2025-06-08T15:19:56","date_gmt":"2025-06-08T13:19:56","guid":{"rendered":"https:\/\/bibliotheque-sfpe-at.com\/?p=5550"},"modified":"2025-06-08T17:35:24","modified_gmt":"2025-06-08T15:35:24","slug":"les-ateliers-dexpression-plastique-a-lusage-des-troubles-et-refus-scolaires","status":"publish","type":"post","link":"https:\/\/bibliotheque-sfpe-at.com\/index.php\/2025\/06\/08\/les-ateliers-dexpression-plastique-a-lusage-des-troubles-et-refus-scolaires\/","title":{"rendered":"Les ateliers d\u2019expression plastique \u00e0 l\u2019usage des troubles et refus scolaires"},"content":{"rendered":"\n<div class=\"wp-block-columns is-layout-flex wp-container-core-columns-is-layout-28f84493 wp-block-columns-is-layout-flex\">\n<div class=\"wp-block-column is-layout-flow wp-block-column-is-layout-flow\" style=\"flex-basis:66.66%\">\n<p>Il existe un grand nombre d&rsquo;ateliers de peinture pour enfants dont les buts et les moyens sont tr\u00e8s vari\u00e9s; les institutions dans lesquelles s&rsquo;ins\u00e8rent ces ateliers sont aussi de caract\u00e8res tr\u00e8s diff\u00e9rents, allant des Maisons de l\u2019Enfance et de la Culture, aux \u00e9coles maternelles et aux consultations de neuropsychiatrie o\u00f9 ces ateliers ont alors des objectifs th\u00e9rapeutiques.<br>\u00c9tant donn\u00e9 ce grand nombre d&rsquo;application des m\u00e9thodes d&rsquo;expression plastique \u00e0 l&rsquo;usage des enfants, nous avons \u00e9t\u00e9 amen\u00e9s, dans le cadre d&rsquo;un dispensaire d&rsquo;hygi\u00e8ne mentale de la pr\u00e9fecture de Paris, sous la direction du Dr G. Benoit, \u00e0 rechercher comment ces techniques influaient sur le comportement de l&rsquo;enfant et pour quel type d&rsquo;enfants il \u00e9tait particuli\u00e8rement souhaitable de cr\u00e9er ces ateliers.<br>Ce but nous a conduit \u00e0 nous int\u00e9resser tout sp\u00e9cialement \u00e0 des cas de sujets pr\u00e9sentant des troubles tr\u00e8s importants dans l&rsquo;acquisition des connaissances scolaires de base, en particulier l&rsquo;\u00e9criture et la lecture, allant jusqu&rsquo;au refus complet de participer \u00e0 ces activit\u00e9s bien que le niveau intellectuel de l&rsquo;enfant soit normal ou voisin de la normale et quelquefois sup\u00e9rieur. Ces refus massifs dans l\u2019acquisition de ces m\u00e9canismes de base ou le refus d&rsquo;utiliser les quelques connaissances acquises conduisent ces enfants \u00e0 doubler ou tripler un cours pr\u00e9paratoire ou \u00e0 \u00eatre plac\u00e9s dans des classes de perfectionnement. Ils arrivent ainsi aux \u00e2ges de 9 ou 10 ans sans savoir lire ou \u00e9crire et pas davantage calculer.<\/p>\n\n\n\n<p class=\"has-text-align-left\"><\/p>\n\n\n\n<p class=\"has-text-align-left\"><\/p>\n\n\n\n<p class=\"has-text-color has-link-color wp-elements-0c5dd61414d2cb4c88e3596780dedeb0\" style=\"color:#2753a5\"><strong><em>Pour lire le texte complet <a href=\"\/index.php\/options-dinscription\/\"><mark style=\"background-color:rgba(0, 0, 0, 0)\" class=\"has-inline-color has-vivid-cyan-blue-color\">s&rsquo;inscrire<\/mark><\/a> ou <a href=\"\/index.php\/my-account\/edit-account\/\"><mark style=\"background-color:rgba(0, 0, 0, 0)\" class=\"has-inline-color has-vivid-cyan-blue-color\">se connecter<\/mark><\/a><\/em><\/strong><\/p>\n\n\n\n\n\n<div style=\"height:100px\" aria-hidden=\"true\" class=\"wp-block-spacer\"><\/div>\n\n\n\n<div class=\"wp-block-buttons is-content-justification-center is-layout-flex wp-container-core-buttons-is-layout-a89b3969 wp-block-buttons-is-layout-flex\">\n<div class=\"wp-block-button is-style-fill\"><a class=\"wp-block-button__link has-vivid-red-background-color has-background has-small-font-size has-custom-font-size wp-element-button\" href=\"\/index.php\/2025\/06\/08\/1972-expression-et-signe-no-3\/\">&lt;&#8211;retour<\/a><\/div>\n<\/div>\n<\/div>\n\n\n\n<div class=\"wp-block-column is-layout-flow wp-block-column-is-layout-flow\" style=\"flex-basis:33.33%\">\n<figure class=\"wp-block-table\"><table class=\"has-background\" style=\"background-color:#f8f2f2\"><thead><tr><th><mark class=\"has-inline-color has-vivid-red-color\" style=\"background-color: rgba(0, 0, 0, 0);\"><strong>Auteur<\/strong><\/mark><\/th><\/tr><\/thead><tbody><tr><td><strong>Denner Anne<\/strong><\/td><\/tr><\/tbody><\/table><\/figure>\n\n\n\n<figure class=\"wp-block-table\"><table><thead><tr><th><mark class=\"has-inline-color has-vivid-red-color\" style=\"background-color: rgba(0, 0, 0, 0);\"><strong>R\u00e9f\u00e9rence<\/strong><\/mark><\/th><\/tr><\/thead><tbody><tr><td><strong>RR19723-04<\/strong><br>Expression et Signe, n\u00b03, 1972<\/td><\/tr><\/tbody><\/table><\/figure>\n\n\n\n<figure class=\"wp-block-table\"><table><thead><tr><th><mark class=\"has-inline-color has-vivid-red-color\" style=\"background-color: rgba(0, 0, 0, 0);\"><strong>Cat\u00e9gories<\/strong><\/mark><\/th><\/tr><\/thead><tbody><tr><td>Art-th\u00e9rapie<br>\u00c9ducation<br>Dispositif de m\u00e9diation<br>Enfance<br>Arts pluriels<\/td><\/tr><\/tbody><\/table><\/figure>\n<\/div>\n<\/div>\n","protected":false},"excerpt":{"rendered":"<p>Il existe un grand nombre d&rsquo;ateliers de peinture pour enfants dont les buts et les moyens sont tr\u00e8s vari\u00e9s; les institutions dans lesquelles s&rsquo;ins\u00e8rent ces ateliers sont aussi de caract\u00e8res tr\u00e8s diff\u00e9rents, allant des Maisons de l\u2019Enfance et de la Culture, aux \u00e9coles maternelles et aux consultations de neuropsychiatrie o\u00f9&hellip;<\/p>\n","protected":false},"author":2,"featured_media":0,"comment_status":"closed","ping_status":"open","sticky":false,"template":"","format":"standard","meta":{"pmpro_default_level":"","ngg_post_thumbnail":0,"footnotes":""},"categories":[1001],"tags":[492,569,505,831,549,997,1017],"class_list":["post-5550","post","type-post","status-publish","format-standard","hentry","category-denner-anne","tag-art-therapie","tag-arts-pluriels","tag-dispositif-de-mediation","tag-education","tag-enfance","tag-expression-et-signe-1972-no3","tag-rr19723-04","pmpro-has-access"],"_links":{"self":[{"href":"https:\/\/bibliotheque-sfpe-at.com\/index.php\/wp-json\/wp\/v2\/posts\/5550","targetHints":{"allow":["GET"]}}],"collection":[{"href":"https:\/\/bibliotheque-sfpe-at.com\/index.php\/wp-json\/wp\/v2\/posts"}],"about":[{"href":"https:\/\/bibliotheque-sfpe-at.com\/index.php\/wp-json\/wp\/v2\/types\/post"}],"author":[{"embeddable":true,"href":"https:\/\/bibliotheque-sfpe-at.com\/index.php\/wp-json\/wp\/v2\/users\/2"}],"replies":[{"embeddable":true,"href":"https:\/\/bibliotheque-sfpe-at.com\/index.php\/wp-json\/wp\/v2\/comments?post=5550"}],"version-history":[{"count":1,"href":"https:\/\/bibliotheque-sfpe-at.com\/index.php\/wp-json\/wp\/v2\/posts\/5550\/revisions"}],"predecessor-version":[{"id":5551,"href":"https:\/\/bibliotheque-sfpe-at.com\/index.php\/wp-json\/wp\/v2\/posts\/5550\/revisions\/5551"}],"wp:attachment":[{"href":"https:\/\/bibliotheque-sfpe-at.com\/index.php\/wp-json\/wp\/v2\/media?parent=5550"}],"wp:term":[{"taxonomy":"category","embeddable":true,"href":"https:\/\/bibliotheque-sfpe-at.com\/index.php\/wp-json\/wp\/v2\/categories?post=5550"},{"taxonomy":"post_tag","embeddable":true,"href":"https:\/\/bibliotheque-sfpe-at.com\/index.php\/wp-json\/wp\/v2\/tags?post=5550"}],"curies":[{"name":"wp","href":"https:\/\/api.w.org\/{rel}","templated":true}]}}