{"id":5552,"date":"2025-06-08T15:24:11","date_gmt":"2025-06-08T13:24:11","guid":{"rendered":"https:\/\/bibliotheque-sfpe-at.com\/?p=5552"},"modified":"2025-06-08T17:35:34","modified_gmt":"2025-06-08T15:35:34","slug":"quelques-reflexions-critiques-sur-lapproche-psychanalytique-de-la-creation-artistique","status":"publish","type":"post","link":"https:\/\/bibliotheque-sfpe-at.com\/index.php\/2025\/06\/08\/quelques-reflexions-critiques-sur-lapproche-psychanalytique-de-la-creation-artistique\/","title":{"rendered":"Quelques r\u00e9flexions critiques sur l\u2019approche psychanalytique de la cr\u00e9ation artistique"},"content":{"rendered":"\n<div class=\"wp-block-columns is-layout-flex wp-container-core-columns-is-layout-28f84493 wp-block-columns-is-layout-flex\">\n<div class=\"wp-block-column is-layout-flow wp-block-column-is-layout-flow\" style=\"flex-basis:66.66%\">\n<p>Il est peu de psychanalystes qui, \u00e0 un moment ou \u00e0 un autre, ne se soient pas sentis questionn\u00e9s par la nature de la cr\u00e9ation et de l&rsquo;expression artistique, par les effets de la rencontre avec l&rsquo;\u0153uvre d&rsquo;art et \u00e0 travers elle avec son auteur. Ceci, non seulement parce qu&rsquo;ils ressentent ces effets en eux-m\u00eames, mais aussi parce que, lors des analyses, ils sont souvent confront\u00e9s avec les d\u00e9sirs ou les vell\u00e9it\u00e9s qu&rsquo;ont certains de leurs analysants d&rsquo;\u00e9crire, de peindre ou de composer, avec les inhibitions qui les en emp\u00eacheraient et parfois avec des r\u00e9alisations int\u00e9ressantes permises, semble-t-il, par la cure. Et puis quel analyste n&rsquo;a entendu dire que l&rsquo;analyse st\u00e9rilisait l&rsquo;inspiration de ceux qui s&rsquo;y soumettent? Freud d\u00e9j\u00e0 r\u00e9pondait \u00e0 ses d\u00e9tracteurs sur ce point : \u00a0\u00bb Si l&rsquo;impulsion \u00e0 cr\u00e9er est plus forte que les r\u00e9sistances int\u00e9rieures, l&rsquo;analyse ne peut qu&rsquo;augmenter, jamais diminuer, les facult\u00e9s cr\u00e9atrices. \u00ab\u00a0<\/p>\n\n\n\n<p class=\"has-text-align-left\"><\/p>\n\n\n\n<p class=\"has-text-align-left\"><\/p>\n\n\n\n<p class=\"has-text-color has-link-color wp-elements-0c5dd61414d2cb4c88e3596780dedeb0\" style=\"color:#2753a5\"><strong><em>Pour lire le texte complet <a href=\"\/index.php\/options-dinscription\/\"><mark style=\"background-color:rgba(0, 0, 0, 0)\" class=\"has-inline-color has-vivid-cyan-blue-color\">s&rsquo;inscrire<\/mark><\/a> ou <a href=\"\/index.php\/my-account\/edit-account\/\"><mark style=\"background-color:rgba(0, 0, 0, 0)\" class=\"has-inline-color has-vivid-cyan-blue-color\">se connecter<\/mark><\/a><\/em><\/strong><\/p>\n\n\n\n\n\n<div style=\"height:100px\" aria-hidden=\"true\" class=\"wp-block-spacer\"><\/div>\n\n\n\n<div class=\"wp-block-buttons is-content-justification-center is-layout-flex wp-container-core-buttons-is-layout-a89b3969 wp-block-buttons-is-layout-flex\">\n<div class=\"wp-block-button is-style-fill\"><a class=\"wp-block-button__link has-vivid-red-background-color has-background has-small-font-size has-custom-font-size wp-element-button\" href=\"\/index.php\/2025\/06\/08\/1972-expression-et-signe-no-3\/\">&lt;&#8211;retour<\/a><\/div>\n<\/div>\n<\/div>\n\n\n\n<div class=\"wp-block-column is-layout-flow wp-block-column-is-layout-flow\" style=\"flex-basis:33.33%\">\n<figure class=\"wp-block-table\"><table class=\"has-background\" style=\"background-color:#f8f2f2\"><thead><tr><th><mark class=\"has-inline-color has-vivid-red-color\" style=\"background-color: rgba(0, 0, 0, 0);\"><strong>Auteur<\/strong><\/mark><\/th><\/tr><\/thead><tbody><tr><td><strong>Depoutot Jean-Claude<\/strong><\/td><\/tr><\/tbody><\/table><\/figure>\n\n\n\n<figure class=\"wp-block-table\"><table><thead><tr><th><mark class=\"has-inline-color has-vivid-red-color\" style=\"background-color: rgba(0, 0, 0, 0);\"><strong>R\u00e9f\u00e9rence<\/strong><\/mark><\/th><\/tr><\/thead><tbody><tr><td><strong>RR19723-05<\/strong><br>Expression et Signe, n\u00b03, 1972<\/td><\/tr><\/tbody><\/table><\/figure>\n\n\n\n<figure class=\"wp-block-table\"><table><thead><tr><th><mark class=\"has-inline-color has-vivid-red-color\" style=\"background-color: rgba(0, 0, 0, 0);\"><strong>Cat\u00e9gories<\/strong><\/mark><\/th><\/tr><\/thead><tbody><tr><td>Psychanalyse<br>Art<br>Jeu<br>Arts pluriels<\/td><\/tr><\/tbody><\/table><\/figure>\n<\/div>\n<\/div>\n\n\n\n<p><\/p>\n","protected":false},"excerpt":{"rendered":"<p>Il est peu de psychanalystes qui, \u00e0 un moment ou \u00e0 un autre, ne se soient pas sentis questionn\u00e9s par la nature de la cr\u00e9ation et de l&rsquo;expression artistique, par les effets de la rencontre avec l&rsquo;\u0153uvre d&rsquo;art et \u00e0 travers elle avec son auteur. Ceci, non seulement parce qu&rsquo;ils&hellip;<\/p>\n","protected":false},"author":2,"featured_media":0,"comment_status":"closed","ping_status":"open","sticky":false,"template":"","format":"standard","meta":{"pmpro_default_level":"","ngg_post_thumbnail":0,"footnotes":""},"categories":[1002],"tags":[483,569,997,526,494,1018],"class_list":["post-5552","post","type-post","status-publish","format-standard","hentry","category-depoutot-jean-claude","tag-art","tag-arts-pluriels","tag-expression-et-signe-1972-no3","tag-jeu","tag-psychanalyse","tag-rr19723-05","pmpro-has-access"],"_links":{"self":[{"href":"https:\/\/bibliotheque-sfpe-at.com\/index.php\/wp-json\/wp\/v2\/posts\/5552","targetHints":{"allow":["GET"]}}],"collection":[{"href":"https:\/\/bibliotheque-sfpe-at.com\/index.php\/wp-json\/wp\/v2\/posts"}],"about":[{"href":"https:\/\/bibliotheque-sfpe-at.com\/index.php\/wp-json\/wp\/v2\/types\/post"}],"author":[{"embeddable":true,"href":"https:\/\/bibliotheque-sfpe-at.com\/index.php\/wp-json\/wp\/v2\/users\/2"}],"replies":[{"embeddable":true,"href":"https:\/\/bibliotheque-sfpe-at.com\/index.php\/wp-json\/wp\/v2\/comments?post=5552"}],"version-history":[{"count":1,"href":"https:\/\/bibliotheque-sfpe-at.com\/index.php\/wp-json\/wp\/v2\/posts\/5552\/revisions"}],"predecessor-version":[{"id":5553,"href":"https:\/\/bibliotheque-sfpe-at.com\/index.php\/wp-json\/wp\/v2\/posts\/5552\/revisions\/5553"}],"wp:attachment":[{"href":"https:\/\/bibliotheque-sfpe-at.com\/index.php\/wp-json\/wp\/v2\/media?parent=5552"}],"wp:term":[{"taxonomy":"category","embeddable":true,"href":"https:\/\/bibliotheque-sfpe-at.com\/index.php\/wp-json\/wp\/v2\/categories?post=5552"},{"taxonomy":"post_tag","embeddable":true,"href":"https:\/\/bibliotheque-sfpe-at.com\/index.php\/wp-json\/wp\/v2\/tags?post=5552"}],"curies":[{"name":"wp","href":"https:\/\/api.w.org\/{rel}","templated":true}]}}