{"id":5556,"date":"2025-06-08T15:35:51","date_gmt":"2025-06-08T13:35:51","guid":{"rendered":"https:\/\/bibliotheque-sfpe-at.com\/?p=5556"},"modified":"2025-06-08T18:38:05","modified_gmt":"2025-06-08T16:38:05","slug":"lautoportrait-transpose","status":"publish","type":"post","link":"https:\/\/bibliotheque-sfpe-at.com\/index.php\/2025\/06\/08\/lautoportrait-transpose\/","title":{"rendered":"L\u2019autoportrait transpos\u00e9"},"content":{"rendered":"\n<p><strong>\u00c9volution de la repr\u00e9sentation du cheval dans l\u2019art occidental<\/strong><\/p>\n\n\n\n<div class=\"wp-block-columns is-layout-flex wp-container-core-columns-is-layout-28f84493 wp-block-columns-is-layout-flex\">\n<div class=\"wp-block-column is-layout-flow wp-block-column-is-layout-flow\" style=\"flex-basis:66.66%\">\n<p>Cette \u00e9tude fait suite aux communications pr\u00e9sent\u00e9es aux Journ\u00e9es de la Soci\u00e9t\u00e9 Fran\u00e7aise de Psychopathologie de l\u2019Expression en 1965 et 1969(1) sur le th\u00e8me du portrait de l\u2019artiste par lui-m\u00eame. Poursuivant l&rsquo;investigation des modalit\u00e9s de l&rsquo;auto-portrait dans l&rsquo;art \u00e0 partir du dessin d&rsquo;enfant, nous verrons aujourd\u2019hui la transposition de la projection du moi dont nous avons v\u00e9rifi\u00e9, en analysant l&rsquo;\u0153uvre de Soutine, qu&rsquo;elle peut devenir obs\u00e9dante.<br>La pr\u00e9sence sensible de l&rsquo;auteur dans son \u0153uvre appara\u00eet de mani\u00e8re variable; le processus du ph\u00e9nom\u00e8ne par lequel la r\u00e9alit\u00e9 physique de l\u2019\u00eatre s\u2019imprime dans l\u2019image \u00e9chappe \u00e0 l\u2019observation. Nous comprenons toutefois que cette projection s\u2019effectue \u00e0 peu pr\u00e8s constamment et n\u00e9cessairement dans les d\u00e9buts, lorsque le langage graphique, limit\u00e9 \u00e0 des trac\u00e9s \u00e9l\u00e9mentaires, rattache toute figuration \u00e0 la notion \u00e9gocentrique du moi.<\/p>\n\n\n\n<p class=\"has-text-align-left\"><\/p>\n\n\n\n<p class=\"has-text-align-left\"><\/p>\n\n\n\n<p class=\"has-text-color has-link-color wp-elements-0c5dd61414d2cb4c88e3596780dedeb0\" style=\"color:#2753a5\"><strong><em>Pour lire le texte complet <a href=\"\/index.php\/options-dinscription\/\"><mark style=\"background-color:rgba(0, 0, 0, 0)\" class=\"has-inline-color has-vivid-cyan-blue-color\">s&rsquo;inscrire<\/mark><\/a> ou <a href=\"\/index.php\/my-account\/edit-account\/\"><mark style=\"background-color:rgba(0, 0, 0, 0)\" class=\"has-inline-color has-vivid-cyan-blue-color\">se connecter<\/mark><\/a><\/em><\/strong><\/p>\n\n\n\n\n\n<div style=\"height:100px\" aria-hidden=\"true\" class=\"wp-block-spacer\"><\/div>\n\n\n\n<div class=\"wp-block-buttons is-content-justification-center is-layout-flex wp-container-core-buttons-is-layout-a89b3969 wp-block-buttons-is-layout-flex\">\n<div class=\"wp-block-button is-style-fill\"><a class=\"wp-block-button__link has-vivid-red-background-color has-background has-small-font-size has-custom-font-size wp-element-button\" href=\"\/index.php\/2025\/06\/08\/1972-expression-et-signe-no-4\/\">&lt;&#8211;retour<\/a><\/div>\n<\/div>\n<\/div>\n\n\n\n<div class=\"wp-block-column is-layout-flow wp-block-column-is-layout-flow\" style=\"flex-basis:33.33%\">\n<figure class=\"wp-block-table\"><table class=\"has-background\" style=\"background-color:#f8f2f2\"><thead><tr><th><mark class=\"has-inline-color has-vivid-red-color\" style=\"background-color: rgba(0, 0, 0, 0);\"><strong>Auteur<\/strong><\/mark><\/th><\/tr><\/thead><tbody><tr><td><strong>Mocquiot Madeleine<\/strong><\/td><\/tr><\/tbody><\/table><\/figure>\n\n\n\n<figure class=\"wp-block-table\"><table><thead><tr><th><mark class=\"has-inline-color has-vivid-red-color\" style=\"background-color: rgba(0, 0, 0, 0);\"><strong>R\u00e9f\u00e9rence<\/strong><\/mark><\/th><\/tr><\/thead><tbody><tr><td><strong>RR19724-01<\/strong><br>Expression et Signe, n\u00b04, 1972<\/td><\/tr><\/tbody><\/table><\/figure>\n\n\n\n<figure class=\"wp-block-table\"><table><thead><tr><th><mark class=\"has-inline-color has-vivid-red-color\" style=\"background-color: rgba(0, 0, 0, 0);\"><strong>Cat\u00e9gories<\/strong><\/mark><\/th><\/tr><\/thead><tbody><tr><td>Arts plastiques<br>Anthropologie<br>Histoire<br>Psychopathologie de l&rsquo;expression<br>Enfance<\/td><\/tr><\/tbody><\/table><\/figure>\n<\/div>\n<\/div>\n\n\n\n<p><\/p>\n","protected":false},"excerpt":{"rendered":"<p>\u00c9volution de la repr\u00e9sentation du cheval dans l\u2019art occidental Cette \u00e9tude fait suite aux communications pr\u00e9sent\u00e9es aux Journ\u00e9es de la Soci\u00e9t\u00e9 Fran\u00e7aise de Psychopathologie de l\u2019Expression en 1965 et 1969(1) sur le th\u00e8me du portrait de l\u2019artiste par lui-m\u00eame. Poursuivant l&rsquo;investigation des modalit\u00e9s de l&rsquo;auto-portrait dans l&rsquo;art \u00e0 partir du&hellip;<\/p>\n","protected":false},"author":2,"featured_media":0,"comment_status":"closed","ping_status":"open","sticky":false,"template":"","format":"standard","meta":{"pmpro_default_level":"","ngg_post_thumbnail":0,"footnotes":""},"categories":[1003],"tags":[501,503,549,1004,575,488,1029],"class_list":["post-5556","post","type-post","status-publish","format-standard","hentry","category-mocquiot-madeleine","tag-anthropologie","tag-arts-plastiques","tag-enfance","tag-expression-et-signe-1972-no4","tag-histoire","tag-psychopathologie-de-lexpression","tag-rr19724-01","pmpro-has-access"],"_links":{"self":[{"href":"https:\/\/bibliotheque-sfpe-at.com\/index.php\/wp-json\/wp\/v2\/posts\/5556","targetHints":{"allow":["GET"]}}],"collection":[{"href":"https:\/\/bibliotheque-sfpe-at.com\/index.php\/wp-json\/wp\/v2\/posts"}],"about":[{"href":"https:\/\/bibliotheque-sfpe-at.com\/index.php\/wp-json\/wp\/v2\/types\/post"}],"author":[{"embeddable":true,"href":"https:\/\/bibliotheque-sfpe-at.com\/index.php\/wp-json\/wp\/v2\/users\/2"}],"replies":[{"embeddable":true,"href":"https:\/\/bibliotheque-sfpe-at.com\/index.php\/wp-json\/wp\/v2\/comments?post=5556"}],"version-history":[{"count":1,"href":"https:\/\/bibliotheque-sfpe-at.com\/index.php\/wp-json\/wp\/v2\/posts\/5556\/revisions"}],"predecessor-version":[{"id":5557,"href":"https:\/\/bibliotheque-sfpe-at.com\/index.php\/wp-json\/wp\/v2\/posts\/5556\/revisions\/5557"}],"wp:attachment":[{"href":"https:\/\/bibliotheque-sfpe-at.com\/index.php\/wp-json\/wp\/v2\/media?parent=5556"}],"wp:term":[{"taxonomy":"category","embeddable":true,"href":"https:\/\/bibliotheque-sfpe-at.com\/index.php\/wp-json\/wp\/v2\/categories?post=5556"},{"taxonomy":"post_tag","embeddable":true,"href":"https:\/\/bibliotheque-sfpe-at.com\/index.php\/wp-json\/wp\/v2\/tags?post=5556"}],"curies":[{"name":"wp","href":"https:\/\/api.w.org\/{rel}","templated":true}]}}