{"id":5569,"date":"2025-06-08T18:18:14","date_gmt":"2025-06-08T16:18:14","guid":{"rendered":"https:\/\/bibliotheque-sfpe-at.com\/?p=5569"},"modified":"2025-06-08T18:18:15","modified_gmt":"2025-06-08T16:18:15","slug":"fabienne-ou-marie-pierre-ou-le-prix-du-salut","status":"publish","type":"post","link":"https:\/\/bibliotheque-sfpe-at.com\/index.php\/2025\/06\/08\/fabienne-ou-marie-pierre-ou-le-prix-du-salut\/","title":{"rendered":"Fabienne ou Marie-Pierre ou le prix du salut"},"content":{"rendered":"\n<div class=\"wp-block-columns is-layout-flex wp-container-core-columns-is-layout-28f84493 wp-block-columns-is-layout-flex\">\n<div class=\"wp-block-column is-layout-flow wp-block-column-is-layout-flow\" style=\"flex-basis:66.66%\">\n<p>Marie-Pierre est une adolescente de 16 ans ; sa longue chevelure blonde masque un visage p\u00e2le, presque cireux. Ses yeux transparents semblent perdus dans une contemplation int\u00e9rieure. Elle est maigre et sa tenue accentue encore cette maigreur. Ses longues mains p\u00e2les mais nerveuses sont seules \u00e0 s&rsquo;animer. Quand elle parle d&rsquo;une voix impersonnelle et lointaine, elle ne semble s&rsquo;adresser \u00e0 personne si ce n&rsquo;est \u00e0 elle-m\u00eame.<br>Elle \u00e9tait venue chez l&rsquo;un de nous pour, selon son entourage, des \u00a0\u00bb crises de nerfs \u00a0\u00bb s&rsquo;accompagnant de tremblements et de douleurs des mains. Ces crises, survenues au moment de la mort de sa tante, s&rsquo;associaient \u00e0 une sensation d&rsquo;\u00e9tranget\u00e9 du monde ext\u00e9rieur et \u00e0 une impression de d\u00e9doublement de la personnalit\u00e9 qui se manifestait sur un fond de bizarrerie.<\/p>\n\n\n\n<p class=\"has-text-align-left\"><\/p>\n\n\n\n<p class=\"has-text-align-left\"><\/p>\n\n\n\n<p class=\"has-text-color has-link-color wp-elements-0c5dd61414d2cb4c88e3596780dedeb0\" style=\"color:#2753a5\"><strong><em>Pour lire le texte complet <a href=\"\/index.php\/options-dinscription\/\"><mark style=\"background-color:rgba(0, 0, 0, 0)\" class=\"has-inline-color has-vivid-cyan-blue-color\">s&rsquo;inscrire<\/mark><\/a> ou <a href=\"\/index.php\/my-account\/edit-account\/\"><mark style=\"background-color:rgba(0, 0, 0, 0)\" class=\"has-inline-color has-vivid-cyan-blue-color\">se connecter<\/mark><\/a><\/em><\/strong><\/p>\n\n\n\n\n\n<div style=\"height:100px\" aria-hidden=\"true\" class=\"wp-block-spacer\"><\/div>\n\n\n\n<div class=\"wp-block-buttons is-content-justification-center is-layout-flex wp-container-core-buttons-is-layout-a89b3969 wp-block-buttons-is-layout-flex\">\n<div class=\"wp-block-button is-style-fill\"><a class=\"wp-block-button__link has-vivid-red-background-color has-background has-small-font-size has-custom-font-size wp-element-button\" href=\"\/index.php\/2025\/06\/08\/1973-expression-et-signe-no-1\/\">&lt;&#8211;retour<\/a><\/div>\n<\/div>\n<\/div>\n\n\n\n<div class=\"wp-block-column is-layout-flow wp-block-column-is-layout-flow\" style=\"flex-basis:33.33%\">\n<figure class=\"wp-block-table\"><table class=\"has-background\" style=\"background-color:#f8f2f2\"><thead><tr><th><mark class=\"has-inline-color has-vivid-red-color\" style=\"background-color: rgba(0, 0, 0, 0);\"><strong>Auteur<\/strong><\/mark><\/th><\/tr><\/thead><tbody><tr><td><strong>Israel Lucien<br>Sichel Jean Paul<br>Weil Joseph<br>Fonlupt V<\/strong>.<\/td><\/tr><\/tbody><\/table><\/figure>\n\n\n\n<figure class=\"wp-block-table\"><table><thead><tr><th><mark class=\"has-inline-color has-vivid-red-color\" style=\"background-color: rgba(0, 0, 0, 0);\"><strong>R\u00e9f\u00e9rence<\/strong><\/mark><\/th><\/tr><\/thead><tbody><tr><td><strong>RR19731-01<\/strong><br>Expression et Signe, n\u00b01, 1973<\/td><\/tr><\/tbody><\/table><\/figure>\n\n\n\n<figure class=\"wp-block-table\"><table><thead><tr><th><mark class=\"has-inline-color has-vivid-red-color\" style=\"background-color: rgba(0, 0, 0, 0);\"><strong>Cat\u00e9gories<\/strong><\/mark><\/th><\/tr><\/thead><tbody><tr><td>\u00c9criture<br>Dessin<br>\u00c9tude de cas<br>\u00c9thique<\/td><\/tr><\/tbody><\/table><\/figure>\n<\/div>\n<\/div>\n\n\n\n<p><\/p>\n","protected":false},"excerpt":{"rendered":"<p>Marie-Pierre est une adolescente de 16 ans ; sa longue chevelure blonde masque un visage p\u00e2le, presque cireux. Ses yeux transparents semblent perdus dans une contemplation int\u00e9rieure. Elle est maigre et sa tenue accentue encore cette maigreur. Ses longues mains p\u00e2les mais nerveuses sont seules \u00e0 s&rsquo;animer. Quand elle parle&hellip;<\/p>\n","protected":false},"author":2,"featured_media":0,"comment_status":"closed","ping_status":"open","sticky":false,"template":"","format":"standard","meta":{"pmpro_default_level":"","ngg_post_thumbnail":0,"footnotes":""},"categories":[1019,1022,1021,1020],"tags":[508,497,502,493,1023,1024],"class_list":["post-5569","post","type-post","status-publish","format-standard","hentry","category-fonlupt-v","category-israel-lucien","category-sichel-jean-paul","category-weil-joseph","tag-dessin","tag-ecriture","tag-ethique","tag-cas-clinique","tag-expression-et-signe-1973-no1","tag-rr19731-01","pmpro-has-access"],"_links":{"self":[{"href":"https:\/\/bibliotheque-sfpe-at.com\/index.php\/wp-json\/wp\/v2\/posts\/5569","targetHints":{"allow":["GET"]}}],"collection":[{"href":"https:\/\/bibliotheque-sfpe-at.com\/index.php\/wp-json\/wp\/v2\/posts"}],"about":[{"href":"https:\/\/bibliotheque-sfpe-at.com\/index.php\/wp-json\/wp\/v2\/types\/post"}],"author":[{"embeddable":true,"href":"https:\/\/bibliotheque-sfpe-at.com\/index.php\/wp-json\/wp\/v2\/users\/2"}],"replies":[{"embeddable":true,"href":"https:\/\/bibliotheque-sfpe-at.com\/index.php\/wp-json\/wp\/v2\/comments?post=5569"}],"version-history":[{"count":1,"href":"https:\/\/bibliotheque-sfpe-at.com\/index.php\/wp-json\/wp\/v2\/posts\/5569\/revisions"}],"predecessor-version":[{"id":5573,"href":"https:\/\/bibliotheque-sfpe-at.com\/index.php\/wp-json\/wp\/v2\/posts\/5569\/revisions\/5573"}],"wp:attachment":[{"href":"https:\/\/bibliotheque-sfpe-at.com\/index.php\/wp-json\/wp\/v2\/media?parent=5569"}],"wp:term":[{"taxonomy":"category","embeddable":true,"href":"https:\/\/bibliotheque-sfpe-at.com\/index.php\/wp-json\/wp\/v2\/categories?post=5569"},{"taxonomy":"post_tag","embeddable":true,"href":"https:\/\/bibliotheque-sfpe-at.com\/index.php\/wp-json\/wp\/v2\/tags?post=5569"}],"curies":[{"name":"wp","href":"https:\/\/api.w.org\/{rel}","templated":true}]}}