{"id":5575,"date":"2025-06-08T18:25:50","date_gmt":"2025-06-08T16:25:50","guid":{"rendered":"https:\/\/bibliotheque-sfpe-at.com\/?p=5575"},"modified":"2025-06-08T18:37:32","modified_gmt":"2025-06-08T16:37:32","slug":"image-double-et-paranoia","status":"publish","type":"post","link":"https:\/\/bibliotheque-sfpe-at.com\/index.php\/2025\/06\/08\/image-double-et-paranoia\/","title":{"rendered":"Image, double et parano\u00efa"},"content":{"rendered":"\n<p><strong>Essai \u00e0 propos du Po\u00e8me Petersbourgeois : Le Double de Dosto\u00efevski<\/strong><\/p>\n\n\n\n<div class=\"wp-block-columns is-layout-flex wp-container-core-columns-is-layout-28f84493 wp-block-columns-is-layout-flex\">\n<div class=\"wp-block-column is-layout-flow wp-block-column-is-layout-flow\" style=\"flex-basis:66.66%\">\n<p>Maurice Blanchot dans un texte sur les 2 versions de l&rsquo;Imaginaire dit ceci :<br>\u00a0\u00bb Vivre un \u00e9v\u00e9nement en image ce n&rsquo;est pas se d\u00e9gager de cet \u00e9v\u00e9nement, s&rsquo;en d\u00e9sint\u00e9resser, comme le voudrait la version esth\u00e9tique de l&rsquo;image et l&rsquo;id\u00e9al serein de l&rsquo;art classique, mais ce n&rsquo;est pas non plus s&rsquo;y engager par une d\u00e9cision libre. \u2026 L&rsquo;image loin de nous laisser hors de cause et de nous faire vivre sur le mode de la fantaisie gratuite, semble nous livrer profond\u00e9ment \u00e0 nous-m\u00eame \u00ab\u00a0. Mais \u00e0 l&rsquo;image il reconna\u00eet aussi ce qui en fait le bonheur : \u00a0\u00bb elle est limite aupr\u00e8s de l&rsquo;ind\u00e9fini \u00ab\u00a0.<\/p>\n\n\n\n<p class=\"has-text-align-left\"><\/p>\n\n\n\n<p class=\"has-text-align-left\"><\/p>\n\n\n\n<p class=\"has-text-color has-link-color wp-elements-0c5dd61414d2cb4c88e3596780dedeb0\" style=\"color:#2753a5\"><strong><em>Pour lire le texte complet <a href=\"\/index.php\/options-dinscription\/\"><mark style=\"background-color:rgba(0, 0, 0, 0)\" class=\"has-inline-color has-vivid-cyan-blue-color\">s&rsquo;inscrire<\/mark><\/a> ou <a href=\"\/index.php\/my-account\/edit-account\/\"><mark style=\"background-color:rgba(0, 0, 0, 0)\" class=\"has-inline-color has-vivid-cyan-blue-color\">se connecter<\/mark><\/a><\/em><\/strong><\/p>\n\n\n\n\n\n<div style=\"height:100px\" aria-hidden=\"true\" class=\"wp-block-spacer\"><\/div>\n\n\n\n<div class=\"wp-block-buttons is-content-justification-center is-layout-flex wp-container-core-buttons-is-layout-a89b3969 wp-block-buttons-is-layout-flex\">\n<div class=\"wp-block-button is-style-fill\"><a class=\"wp-block-button__link has-vivid-red-background-color has-background has-small-font-size has-custom-font-size wp-element-button\" href=\"\/index.php\/2025\/06\/08\/1973-expression-et-signe-no-1\/\">&lt;&#8211;retour<\/a><\/div>\n<\/div>\n<\/div>\n\n\n\n<div class=\"wp-block-column is-layout-flow wp-block-column-is-layout-flow\" style=\"flex-basis:33.33%\">\n<figure class=\"wp-block-table\"><table class=\"has-background\" style=\"background-color:#f8f2f2\"><thead><tr><th><mark class=\"has-inline-color has-vivid-red-color\" style=\"background-color: rgba(0, 0, 0, 0);\"><strong>Auteur<\/strong><\/mark><\/th><\/tr><\/thead><tbody><tr><td><strong>This Claude<\/strong><\/td><\/tr><\/tbody><\/table><\/figure>\n\n\n\n<figure class=\"wp-block-table\"><table><thead><tr><th><mark class=\"has-inline-color has-vivid-red-color\" style=\"background-color: rgba(0, 0, 0, 0);\"><strong>R\u00e9f\u00e9rence<\/strong><\/mark><\/th><\/tr><\/thead><tbody><tr><td><strong>RR19731-02<\/strong><br>Expression et Signe, n\u00b01, 1973<\/td><\/tr><\/tbody><\/table><\/figure>\n\n\n\n<figure class=\"wp-block-table\"><table><thead><tr><th><mark class=\"has-inline-color has-vivid-red-color\" style=\"background-color: rgba(0, 0, 0, 0);\"><strong>Cat\u00e9gories<\/strong><\/mark><\/th><\/tr><\/thead><tbody><tr><td>\u00c9criture<br>Po\u00e9sie<br>Psychanalyse<\/td><\/tr><\/tbody><\/table><\/figure>\n<\/div>\n<\/div>\n\n\n\n<p><\/p>\n","protected":false},"excerpt":{"rendered":"<p>Essai \u00e0 propos du Po\u00e8me Petersbourgeois : Le Double de Dosto\u00efevski Maurice Blanchot dans un texte sur les 2 versions de l&rsquo;Imaginaire dit ceci :\u00a0\u00bb Vivre un \u00e9v\u00e9nement en image ce n&rsquo;est pas se d\u00e9gager de cet \u00e9v\u00e9nement, s&rsquo;en d\u00e9sint\u00e9resser, comme le voudrait la version esth\u00e9tique de l&rsquo;image et l&rsquo;id\u00e9al&hellip;<\/p>\n","protected":false},"author":2,"featured_media":0,"comment_status":"closed","ping_status":"open","sticky":false,"template":"","format":"standard","meta":{"pmpro_default_level":"","ngg_post_thumbnail":0,"footnotes":""},"categories":[930],"tags":[497,1023,496,494,1026],"class_list":["post-5575","post","type-post","status-publish","format-standard","hentry","category-this-claude","tag-ecriture","tag-expression-et-signe-1973-no1","tag-poesie","tag-psychanalyse","tag-rr19731-02","pmpro-has-access"],"_links":{"self":[{"href":"https:\/\/bibliotheque-sfpe-at.com\/index.php\/wp-json\/wp\/v2\/posts\/5575","targetHints":{"allow":["GET"]}}],"collection":[{"href":"https:\/\/bibliotheque-sfpe-at.com\/index.php\/wp-json\/wp\/v2\/posts"}],"about":[{"href":"https:\/\/bibliotheque-sfpe-at.com\/index.php\/wp-json\/wp\/v2\/types\/post"}],"author":[{"embeddable":true,"href":"https:\/\/bibliotheque-sfpe-at.com\/index.php\/wp-json\/wp\/v2\/users\/2"}],"replies":[{"embeddable":true,"href":"https:\/\/bibliotheque-sfpe-at.com\/index.php\/wp-json\/wp\/v2\/comments?post=5575"}],"version-history":[{"count":1,"href":"https:\/\/bibliotheque-sfpe-at.com\/index.php\/wp-json\/wp\/v2\/posts\/5575\/revisions"}],"predecessor-version":[{"id":5576,"href":"https:\/\/bibliotheque-sfpe-at.com\/index.php\/wp-json\/wp\/v2\/posts\/5575\/revisions\/5576"}],"wp:attachment":[{"href":"https:\/\/bibliotheque-sfpe-at.com\/index.php\/wp-json\/wp\/v2\/media?parent=5575"}],"wp:term":[{"taxonomy":"category","embeddable":true,"href":"https:\/\/bibliotheque-sfpe-at.com\/index.php\/wp-json\/wp\/v2\/categories?post=5575"},{"taxonomy":"post_tag","embeddable":true,"href":"https:\/\/bibliotheque-sfpe-at.com\/index.php\/wp-json\/wp\/v2\/tags?post=5575"}],"curies":[{"name":"wp","href":"https:\/\/api.w.org\/{rel}","templated":true}]}}