{"id":5577,"date":"2025-06-08T18:32:00","date_gmt":"2025-06-08T16:32:00","guid":{"rendered":"https:\/\/bibliotheque-sfpe-at.com\/?p=5577"},"modified":"2025-06-08T18:37:40","modified_gmt":"2025-06-08T16:37:40","slug":"observations-sur-lexpression-par-le-modelage-denfants-dits-psychotiques","status":"publish","type":"post","link":"https:\/\/bibliotheque-sfpe-at.com\/index.php\/2025\/06\/08\/observations-sur-lexpression-par-le-modelage-denfants-dits-psychotiques\/","title":{"rendered":"Observations sur l\u2019expression par le modelage d&rsquo;enfants dits psychotiques"},"content":{"rendered":"\n<p><\/p>\n\n\n\n<div class=\"wp-block-columns is-layout-flex wp-container-core-columns-is-layout-28f84493 wp-block-columns-is-layout-flex\">\n<div class=\"wp-block-column is-layout-flow wp-block-column-is-layout-flow\" style=\"flex-basis:66.66%\">\n<p>Les ateliers d&rsquo;expression libre, par le dessin, la peinture et le modelage constituent, avec les salles de musique et de jeu sc\u00e9nique le secteur vital de nos \u00a0\u00bb Centres de traitement \u00e9ducatif \u201d.<br>Pour les enfants psychotiques repli\u00e9s sur eux-m\u00eames, ils ouvrent des acc\u00e8s faciles sur le monde des r\u00e9alit\u00e9s que les enfants acceptent et abordent ainsi plus facilement. On d\u00e9couvre bient\u00f4t que. non seulement les enfants psychotiques sont aptes \u00e0 cr\u00e9er des formes esth\u00e9tiquement parfois \u00e9tonnantes, mais qu&rsquo;\u00e0 travers elles, ils trouvent des possibilit\u00e9s d&rsquo;adaptation aux situations que. autrement. ils redoutent.<br>C&rsquo;est \u00e0 ce titre que la mati\u00e8re mall\u00e9able qu&rsquo;est la terre d&rsquo;argile repr\u00e9sente un auxiliaire pr\u00e9cieux en th\u00e9rapeutique, d\u00e8s l&rsquo;entr\u00e9e au Centre. M\u00eame des cr\u00e9ations dues \u00e0 des enfants tr\u00e8s r\u00e9gress\u00e9s sont souvent parfaitement personnalis\u00e9es. Tr\u00e8s diff\u00e9rentes les unes des autres, les \u0153uvres ont en commun une certaine \u00e2pret\u00e9. Il n&rsquo;y a pas de place pour l&rsquo;aimable, la bonhomie. L&rsquo;expression, selon les enfants, est diversifi\u00e9e par p\u00e9riodes, tant\u00f4t franche, presque brutale, froide, fig\u00e9e, tant\u00f4t sinueuse traduisant ainsi directement l&rsquo;inqui\u00e9tude. Pour qui conna\u00eet l&rsquo;enfant, ses \u0153uvres repr\u00e9sentent un langage, une communication qui ne trompe pas.<\/p>\n\n\n\n<p class=\"has-text-align-left\"><\/p>\n\n\n\n<p class=\"has-text-align-left\"><\/p>\n\n\n\n<p class=\"has-text-color has-link-color wp-elements-0c5dd61414d2cb4c88e3596780dedeb0\" style=\"color:#2753a5\"><strong><em>Pour lire le texte complet <a href=\"\/index.php\/options-dinscription\/\"><mark style=\"background-color:rgba(0, 0, 0, 0)\" class=\"has-inline-color has-vivid-cyan-blue-color\">s&rsquo;inscrire<\/mark><\/a> ou <a href=\"\/index.php\/my-account\/edit-account\/\"><mark style=\"background-color:rgba(0, 0, 0, 0)\" class=\"has-inline-color has-vivid-cyan-blue-color\">se connecter<\/mark><\/a><\/em><\/strong><\/p>\n\n\n\n\n\n<div style=\"height:100px\" aria-hidden=\"true\" class=\"wp-block-spacer\"><\/div>\n\n\n\n<div class=\"wp-block-buttons is-content-justification-center is-layout-flex wp-container-core-buttons-is-layout-a89b3969 wp-block-buttons-is-layout-flex\">\n<div class=\"wp-block-button is-style-fill\"><a class=\"wp-block-button__link has-vivid-red-background-color has-background has-small-font-size has-custom-font-size wp-element-button\" href=\"\/index.php\/2025\/06\/08\/1973-expression-et-signe-no-1\/\">&lt;&#8211;retour<\/a><\/div>\n<\/div>\n<\/div>\n\n\n\n<div class=\"wp-block-column is-layout-flow wp-block-column-is-layout-flow\" style=\"flex-basis:33.33%\">\n<figure class=\"wp-block-table\"><table class=\"has-background\" style=\"background-color:#f8f2f2\"><thead><tr><th><mark class=\"has-inline-color has-vivid-red-color\" style=\"background-color: rgba(0, 0, 0, 0);\"><strong>Auteur<\/strong><\/mark><\/th><\/tr><\/thead><tbody><tr><td><strong>Brauner Fran\u00e7oise<br>Brauner Alfred<\/strong><\/td><\/tr><\/tbody><\/table><\/figure>\n\n\n\n<figure class=\"wp-block-table\"><table><thead><tr><th><mark class=\"has-inline-color has-vivid-red-color\" style=\"background-color: rgba(0, 0, 0, 0);\"><strong>R\u00e9f\u00e9rence<\/strong><\/mark><\/th><\/tr><\/thead><tbody><tr><td><strong>RR19731-03<\/strong><br>Expression et Signe, n\u00b01, 1973<\/td><\/tr><\/tbody><\/table><\/figure>\n\n\n\n<figure class=\"wp-block-table\"><table><thead><tr><th><mark class=\"has-inline-color has-vivid-red-color\" style=\"background-color: rgba(0, 0, 0, 0);\"><strong>Cat\u00e9gories<\/strong><\/mark><\/th><\/tr><\/thead><tbody><tr><td>Psychopathologie de l\u2019expression<br>Modelage<br>Enfance<\/td><\/tr><\/tbody><\/table><\/figure>\n<\/div>\n<\/div>\n\n\n\n<p><\/p>\n","protected":false},"excerpt":{"rendered":"<p>Les ateliers d&rsquo;expression libre, par le dessin, la peinture et le modelage constituent, avec les salles de musique et de jeu sc\u00e9nique le secteur vital de nos \u00a0\u00bb Centres de traitement \u00e9ducatif \u201d.Pour les enfants psychotiques repli\u00e9s sur eux-m\u00eames, ils ouvrent des acc\u00e8s faciles sur le monde des r\u00e9alit\u00e9s que&hellip;<\/p>\n","protected":false},"author":2,"featured_media":0,"comment_status":"closed","ping_status":"open","sticky":false,"template":"","format":"standard","meta":{"pmpro_default_level":"","ngg_post_thumbnail":0,"footnotes":""},"categories":[839,838],"tags":[549,1023,506,488,1027],"class_list":["post-5577","post","type-post","status-publish","format-standard","hentry","category-brauner-alfred","category-brauner-francoise","tag-enfance","tag-expression-et-signe-1973-no1","tag-modelage","tag-psychopathologie-de-lexpression","tag-rr19731-03","pmpro-has-access"],"_links":{"self":[{"href":"https:\/\/bibliotheque-sfpe-at.com\/index.php\/wp-json\/wp\/v2\/posts\/5577","targetHints":{"allow":["GET"]}}],"collection":[{"href":"https:\/\/bibliotheque-sfpe-at.com\/index.php\/wp-json\/wp\/v2\/posts"}],"about":[{"href":"https:\/\/bibliotheque-sfpe-at.com\/index.php\/wp-json\/wp\/v2\/types\/post"}],"author":[{"embeddable":true,"href":"https:\/\/bibliotheque-sfpe-at.com\/index.php\/wp-json\/wp\/v2\/users\/2"}],"replies":[{"embeddable":true,"href":"https:\/\/bibliotheque-sfpe-at.com\/index.php\/wp-json\/wp\/v2\/comments?post=5577"}],"version-history":[{"count":1,"href":"https:\/\/bibliotheque-sfpe-at.com\/index.php\/wp-json\/wp\/v2\/posts\/5577\/revisions"}],"predecessor-version":[{"id":5578,"href":"https:\/\/bibliotheque-sfpe-at.com\/index.php\/wp-json\/wp\/v2\/posts\/5577\/revisions\/5578"}],"wp:attachment":[{"href":"https:\/\/bibliotheque-sfpe-at.com\/index.php\/wp-json\/wp\/v2\/media?parent=5577"}],"wp:term":[{"taxonomy":"category","embeddable":true,"href":"https:\/\/bibliotheque-sfpe-at.com\/index.php\/wp-json\/wp\/v2\/categories?post=5577"},{"taxonomy":"post_tag","embeddable":true,"href":"https:\/\/bibliotheque-sfpe-at.com\/index.php\/wp-json\/wp\/v2\/tags?post=5577"}],"curies":[{"name":"wp","href":"https:\/\/api.w.org\/{rel}","templated":true}]}}