{"id":5579,"date":"2025-06-08T18:36:24","date_gmt":"2025-06-08T16:36:24","guid":{"rendered":"https:\/\/bibliotheque-sfpe-at.com\/?p=5579"},"modified":"2025-06-08T18:37:48","modified_gmt":"2025-06-08T16:37:48","slug":"emplacement-des-dessins-dans-le-test-de-machover","status":"publish","type":"post","link":"https:\/\/bibliotheque-sfpe-at.com\/index.php\/2025\/06\/08\/emplacement-des-dessins-dans-le-test-de-machover\/","title":{"rendered":"Emplacement des dessins dans le test de Machover"},"content":{"rendered":"\n<p><\/p>\n\n\n\n<div class=\"wp-block-columns is-layout-flex wp-container-core-columns-is-layout-28f84493 wp-block-columns-is-layout-flex\">\n<div class=\"wp-block-column is-layout-flow wp-block-column-is-layout-flow\" style=\"flex-basis:66.66%\">\n<p>Le propre du geste graphique est de s&rsquo;imprimer, de laisser sa trace dans un espace donn\u00e9 en l&rsquo;organisant dans un mouvement qui lui est sp\u00e9cifique. Pour le dessin, tout se passe comme si la feuille de papier repr\u00e9sente le milieu dans lequel le dessinateur prend lui-m\u00eame place.<br>On peut, \u00e0 partir de cette activit\u00e9 motrice par laquelle la personnalit\u00e9 du sujet se mat\u00e9rialise \u00e0 la fois dans ses dimensions projectives et expressives, consid\u00e9rer l\u2019emplacement du dessin sur la feuille comme un aspect structural de base du test de Machover (D.A.P.). La mani\u00e8re dont l\u2019espace graphique s&rsquo;y d\u00e9coupe est particuli\u00e8rement riche en significations, car elle est en m\u00eame temps fonction du geste graphique et de la projection de l&rsquo;image du corps.<br>L&rsquo;importance du corps comme centre d&rsquo;\u00e9laboration des r\u00e9f\u00e9rences spatiales fondamentales est bien reconnue. La construction de l&rsquo;espace se fait \u00e0 partir de synth\u00e8ses \u00e9l\u00e9mentaires des sensations kinesth\u00e9siques et visuelles, des impressions proprioceptives et tactiles, du tonus musculaire, etc. Elle reste invariablement tributaire d&rsquo;une relation affective de base de la \u00a0\u00bb position \u00a0\u00bb que l&rsquo;individu occupe dans le monde. Ainsi donc, l&rsquo;\u00e9tude de cette dimension du dessin est possible \u00e0 partir d&rsquo;une interpr\u00e9tation de la valeur symbolique de l&rsquo;espace.<\/p>\n\n\n\n<p class=\"has-text-align-left\"><\/p>\n\n\n\n<p class=\"has-text-align-left\"><\/p>\n\n\n\n<p class=\"has-text-color has-link-color wp-elements-0c5dd61414d2cb4c88e3596780dedeb0\" style=\"color:#2753a5\"><strong><em>Pour lire le texte complet <a href=\"\/index.php\/options-dinscription\/\"><mark style=\"background-color:rgba(0, 0, 0, 0)\" class=\"has-inline-color has-vivid-cyan-blue-color\">s&rsquo;inscrire<\/mark><\/a> ou <a href=\"\/index.php\/my-account\/edit-account\/\"><mark style=\"background-color:rgba(0, 0, 0, 0)\" class=\"has-inline-color has-vivid-cyan-blue-color\">se connecter<\/mark><\/a><\/em><\/strong><\/p>\n\n\n\n\n\n<div style=\"height:100px\" aria-hidden=\"true\" class=\"wp-block-spacer\"><\/div>\n\n\n\n<div class=\"wp-block-buttons is-content-justification-center is-layout-flex wp-container-core-buttons-is-layout-a89b3969 wp-block-buttons-is-layout-flex\">\n<div class=\"wp-block-button is-style-fill\"><a class=\"wp-block-button__link has-vivid-red-background-color has-background has-small-font-size has-custom-font-size wp-element-button\" href=\"\/index.php\/2025\/06\/08\/1973-expression-et-signe-no-1\/\">&lt;&#8211;retour<\/a><\/div>\n<\/div>\n<\/div>\n\n\n\n<div class=\"wp-block-column is-layout-flow wp-block-column-is-layout-flow\" style=\"flex-basis:33.33%\">\n<figure class=\"wp-block-table\"><table class=\"has-background\" style=\"background-color:#f8f2f2\"><thead><tr><th><mark class=\"has-inline-color has-vivid-red-color\" style=\"background-color: rgba(0, 0, 0, 0);\"><strong>Auteur<\/strong><\/mark><\/th><\/tr><\/thead><tbody><tr><td><strong>Abraham Ana<\/strong><\/td><\/tr><\/tbody><\/table><\/figure>\n\n\n\n<figure class=\"wp-block-table\"><table><thead><tr><th><mark class=\"has-inline-color has-vivid-red-color\" style=\"background-color: rgba(0, 0, 0, 0);\"><strong>R\u00e9f\u00e9rence<\/strong><\/mark><\/th><\/tr><\/thead><tbody><tr><td><strong>RR19731-04<\/strong><br>Expression et Signe, n\u00b01, 1973<\/td><\/tr><\/tbody><\/table><\/figure>\n\n\n\n<figure class=\"wp-block-table\"><table><thead><tr><th><mark class=\"has-inline-color has-vivid-red-color\" style=\"background-color: rgba(0, 0, 0, 0);\"><strong>Cat\u00e9gories<\/strong><\/mark><\/th><\/tr><\/thead><tbody><tr><td>\u00c9valuation<br>Psychologie<br>Enfance<\/td><\/tr><\/tbody><\/table><\/figure>\n<\/div>\n<\/div>\n\n\n\n<p><\/p>\n","protected":false},"excerpt":{"rendered":"<p>Le propre du geste graphique est de s&rsquo;imprimer, de laisser sa trace dans un espace donn\u00e9 en l&rsquo;organisant dans un mouvement qui lui est sp\u00e9cifique. Pour le dessin, tout se passe comme si la feuille de papier repr\u00e9sente le milieu dans lequel le dessinateur prend lui-m\u00eame place.On peut, \u00e0 partir&hellip;<\/p>\n","protected":false},"author":2,"featured_media":0,"comment_status":"closed","ping_status":"open","sticky":false,"template":"","format":"standard","meta":{"pmpro_default_level":"","ngg_post_thumbnail":0,"footnotes":""},"categories":[1025],"tags":[549,561,1023,498,1028],"class_list":["post-5579","post","type-post","status-publish","format-standard","hentry","category-abraham-ana","tag-enfance","tag-evaluation","tag-expression-et-signe-1973-no1","tag-psychologie","tag-rr19731-04","pmpro-has-access"],"_links":{"self":[{"href":"https:\/\/bibliotheque-sfpe-at.com\/index.php\/wp-json\/wp\/v2\/posts\/5579","targetHints":{"allow":["GET"]}}],"collection":[{"href":"https:\/\/bibliotheque-sfpe-at.com\/index.php\/wp-json\/wp\/v2\/posts"}],"about":[{"href":"https:\/\/bibliotheque-sfpe-at.com\/index.php\/wp-json\/wp\/v2\/types\/post"}],"author":[{"embeddable":true,"href":"https:\/\/bibliotheque-sfpe-at.com\/index.php\/wp-json\/wp\/v2\/users\/2"}],"replies":[{"embeddable":true,"href":"https:\/\/bibliotheque-sfpe-at.com\/index.php\/wp-json\/wp\/v2\/comments?post=5579"}],"version-history":[{"count":1,"href":"https:\/\/bibliotheque-sfpe-at.com\/index.php\/wp-json\/wp\/v2\/posts\/5579\/revisions"}],"predecessor-version":[{"id":5580,"href":"https:\/\/bibliotheque-sfpe-at.com\/index.php\/wp-json\/wp\/v2\/posts\/5579\/revisions\/5580"}],"wp:attachment":[{"href":"https:\/\/bibliotheque-sfpe-at.com\/index.php\/wp-json\/wp\/v2\/media?parent=5579"}],"wp:term":[{"taxonomy":"category","embeddable":true,"href":"https:\/\/bibliotheque-sfpe-at.com\/index.php\/wp-json\/wp\/v2\/categories?post=5579"},{"taxonomy":"post_tag","embeddable":true,"href":"https:\/\/bibliotheque-sfpe-at.com\/index.php\/wp-json\/wp\/v2\/tags?post=5579"}],"curies":[{"name":"wp","href":"https:\/\/api.w.org\/{rel}","templated":true}]}}