{"id":5581,"date":"2025-06-09T22:42:41","date_gmt":"2025-06-09T20:42:41","guid":{"rendered":"https:\/\/bibliotheque-sfpe-at.com\/?p=5581"},"modified":"2025-06-09T23:17:19","modified_gmt":"2025-06-09T21:17:19","slug":"necessite-vitale-fantaisie-ludique-ou-mecanisme-devitement","status":"publish","type":"post","link":"https:\/\/bibliotheque-sfpe-at.com\/index.php\/2025\/06\/09\/necessite-vitale-fantaisie-ludique-ou-mecanisme-devitement\/","title":{"rendered":"N\u00e9cessit\u00e9 vitale, fantaisie ludique ou m\u00e9canisme d\u2019\u00e9vitement ?"},"content":{"rendered":"\n<p><\/p>\n\n\n\n<div class=\"wp-block-columns is-layout-flex wp-container-core-columns-is-layout-28f84493 wp-block-columns-is-layout-flex\">\n<div class=\"wp-block-column is-layout-flow wp-block-column-is-layout-flow\" style=\"flex-basis:66.66%\">\n<p class=\"has-text-align-right\"><br>\u201c Ceux qui ont faim d&rsquo;illumination, ceux qui voient restent \u00e0 l&rsquo;\u00e9cart; on les tourne en d\u00e9rision, on les traite de fous \u201d<br>Kandinsky<\/p>\n\n\n\n<p>Pourquoi citer cette phrase de Kandinsky en exergue d&rsquo;un article qui se donne pour mission de pr\u00e9senter les \u0153uvres d\u2019un \u201c fou \u00ab\u00a0, peintre rest\u00e9 en marge et qui disait avoir faim d\u2019illumination, si ce n\u2019est pour marquer que le rejet \u2014 ou la jubilation \u2014 en face d\u2019une \u0153uvre t\u00e9moigne d\u2019un niveau d&rsquo;\u00e9motion et \u00e9chappe au simple jugement esth\u00e9tique? Ce \u201c mouvoir hors de soi vers \u2014 ou contre \u2014 l\u2019\u0153uvre proc\u00e8de du monde imag\u00e9 de nos fantasmes conscients et inconscients : lorsque nous disons comprendre, aimer, c&rsquo;est que cette \u0153uvre-l\u00e0 fait aussi partie de nous, et nous nous aimons dans le miroir du peintre, rencontre de deux narcissismes; lorsque nous disons ne pas comprendre, ne pas aimer, c&rsquo;est bien souvent notre propre \u201c folie \u201d que nous rejetons et mettons \u00e0 l&rsquo;\u00e9cart. Le peintre parle de la \u201c s\u00e9duction infernale de ce que l\u2019on peint \u00a0\u00bb : l&rsquo;objet-peinture charg\u00e9 de sens et d\u2019affect pour celui qui peint est dit r\u00e9ussi lorsqu&rsquo;il suscite chez le spectateur l&rsquo;affect, le sens, par lequel celui-ci, comme le peintre, se s\u00e9duit lui-m\u00eame dans une dynamique personnelle du voir, du sentir, du comprendre et du ressentir.<\/p>\n\n\n\n<p class=\"has-text-align-left\"><\/p>\n\n\n\n<p class=\"has-text-align-left\"><\/p>\n\n\n\n<p class=\"has-text-color has-link-color wp-elements-0c5dd61414d2cb4c88e3596780dedeb0\" style=\"color:#2753a5\"><strong><em>Pour lire le texte complet <a href=\"\/index.php\/options-dinscription\/\"><mark style=\"background-color:rgba(0, 0, 0, 0)\" class=\"has-inline-color has-vivid-cyan-blue-color\">s&rsquo;inscrire<\/mark><\/a> ou <a href=\"\/index.php\/my-account\/edit-account\/\"><mark style=\"background-color:rgba(0, 0, 0, 0)\" class=\"has-inline-color has-vivid-cyan-blue-color\">se connecter<\/mark><\/a><\/em><\/strong><\/p>\n\n\n\n\n\n<div style=\"height:100px\" aria-hidden=\"true\" class=\"wp-block-spacer\"><\/div>\n\n\n\n<div class=\"wp-block-buttons is-content-justification-center is-layout-flex wp-container-core-buttons-is-layout-a89b3969 wp-block-buttons-is-layout-flex\">\n<div class=\"wp-block-button is-style-fill\"><a class=\"wp-block-button__link has-vivid-red-background-color has-background has-small-font-size has-custom-font-size wp-element-button\" href=\"\/index.php\/2025\/06\/07\/1972-expression-et-signe-no-1\/\">&lt;&#8211;retour<\/a><\/div>\n<\/div>\n<\/div>\n\n\n\n<div class=\"wp-block-column is-layout-flow wp-block-column-is-layout-flow\" style=\"flex-basis:33.33%\">\n<figure class=\"wp-block-table\"><table class=\"has-background\" style=\"background-color:#f8f2f2\"><thead><tr><th><mark class=\"has-inline-color has-vivid-red-color\" style=\"background-color: rgba(0, 0, 0, 0);\"><strong>Auteur<\/strong><\/mark><\/th><\/tr><\/thead><tbody><tr><td><strong>Chemama B\u00e9atrice<\/strong><\/td><\/tr><\/tbody><\/table><\/figure>\n\n\n\n<figure class=\"wp-block-table\"><table><thead><tr><th><mark class=\"has-inline-color has-vivid-red-color\" style=\"background-color: rgba(0, 0, 0, 0);\"><strong>R\u00e9f\u00e9rence<\/strong><\/mark><\/th><\/tr><\/thead><tbody><tr><td><strong>RR19721-01<\/strong><br>Expression et Signe, n\u00b01, 1972<\/td><\/tr><\/tbody><\/table><\/figure>\n\n\n\n<figure class=\"wp-block-table\"><table><thead><tr><th><mark class=\"has-inline-color has-vivid-red-color\" style=\"background-color: rgba(0, 0, 0, 0);\"><strong>Cat\u00e9gories<\/strong><\/mark><\/th><\/tr><\/thead><tbody><tr><td>Arts plastiques<br>\u00c9tude de cas<br>Psychopathologie de l\u2019expression<br>Psychanalyse<\/td><\/tr><\/tbody><\/table><\/figure>\n<\/div>\n<\/div>\n\n\n\n<p><\/p>\n","protected":false},"excerpt":{"rendered":"<p>\u201c Ceux qui ont faim d&rsquo;illumination, ceux qui voient restent \u00e0 l&rsquo;\u00e9cart; on les tourne en d\u00e9rision, on les traite de fous \u201dKandinsky Pourquoi citer cette phrase de Kandinsky en exergue d&rsquo;un article qui se donne pour mission de pr\u00e9senter les \u0153uvres d\u2019un \u201c fou \u00ab\u00a0, peintre rest\u00e9 en marge&hellip;<\/p>\n","protected":false},"author":2,"featured_media":0,"comment_status":"closed","ping_status":"open","sticky":false,"template":"","format":"standard","meta":{"pmpro_default_level":"","ngg_post_thumbnail":0,"footnotes":""},"categories":[54],"tags":[503,1033,494,488,1040],"class_list":["post-5581","post","type-post","status-publish","format-standard","hentry","category-chemama-steiner-beatrice","tag-arts-plastiques","tag-expression-et-signe-1972-no1","tag-psychanalyse","tag-psychopathologie-de-lexpression","tag-rr19721-01","pmpro-has-access"],"_links":{"self":[{"href":"https:\/\/bibliotheque-sfpe-at.com\/index.php\/wp-json\/wp\/v2\/posts\/5581","targetHints":{"allow":["GET"]}}],"collection":[{"href":"https:\/\/bibliotheque-sfpe-at.com\/index.php\/wp-json\/wp\/v2\/posts"}],"about":[{"href":"https:\/\/bibliotheque-sfpe-at.com\/index.php\/wp-json\/wp\/v2\/types\/post"}],"author":[{"embeddable":true,"href":"https:\/\/bibliotheque-sfpe-at.com\/index.php\/wp-json\/wp\/v2\/users\/2"}],"replies":[{"embeddable":true,"href":"https:\/\/bibliotheque-sfpe-at.com\/index.php\/wp-json\/wp\/v2\/comments?post=5581"}],"version-history":[{"count":1,"href":"https:\/\/bibliotheque-sfpe-at.com\/index.php\/wp-json\/wp\/v2\/posts\/5581\/revisions"}],"predecessor-version":[{"id":5583,"href":"https:\/\/bibliotheque-sfpe-at.com\/index.php\/wp-json\/wp\/v2\/posts\/5581\/revisions\/5583"}],"wp:attachment":[{"href":"https:\/\/bibliotheque-sfpe-at.com\/index.php\/wp-json\/wp\/v2\/media?parent=5581"}],"wp:term":[{"taxonomy":"category","embeddable":true,"href":"https:\/\/bibliotheque-sfpe-at.com\/index.php\/wp-json\/wp\/v2\/categories?post=5581"},{"taxonomy":"post_tag","embeddable":true,"href":"https:\/\/bibliotheque-sfpe-at.com\/index.php\/wp-json\/wp\/v2\/tags?post=5581"}],"curies":[{"name":"wp","href":"https:\/\/api.w.org\/{rel}","templated":true}]}}