{"id":5585,"date":"2025-06-09T22:49:23","date_gmt":"2025-06-09T20:49:23","guid":{"rendered":"https:\/\/bibliotheque-sfpe-at.com\/?p=5585"},"modified":"2025-06-09T23:17:25","modified_gmt":"2025-06-09T21:17:25","slug":"labstraction-resistance","status":"publish","type":"post","link":"https:\/\/bibliotheque-sfpe-at.com\/index.php\/2025\/06\/09\/labstraction-resistance\/","title":{"rendered":"L\u2019abstraction-r\u00e9sistance"},"content":{"rendered":"\n<p><strong>Exemplarit\u00e9 d\u2019un cas de refuge anxieux dans l\u2019abstrait chez un psychotique en psychoth\u00e9rapie par l\u2019expression picturale<\/strong><\/p>\n\n\n\n<div class=\"wp-block-columns is-layout-flex wp-container-core-columns-is-layout-28f84493 wp-block-columns-is-layout-flex\">\n<div class=\"wp-block-column is-layout-flow wp-block-column-is-layout-flow\" style=\"flex-basis:66.66%\">\n<p>L\u2019anxi\u00e9t\u00e9, si elle est souvent le moteur de la cr\u00e9ativit\u00e9, ne manque pas d&rsquo;\u00eatre aussi parfois un frein \u00e0 la spontan\u00e9it\u00e9. Un hiatus en d\u00e9coule, qui s\u00e9pare le pens\u00e9 et le dit dans une th\u00e9rapie verbale, ou plus g\u00e9n\u00e9ralement l&rsquo;affect et son effet signifiant dans les psychoth\u00e9rapies par l&rsquo;expression picturale.<br>Cette \u00e9l\u00e9mentaire notion ne surprend personne ; tout th\u00e9rapeute y voit l&rsquo;une des donn\u00e9es premi\u00e8res de sa pratique, comme l&rsquo;une des premi\u00e8res donn\u00e9es de son exp\u00e9rience. Aussi n\u2019y-a-t-il \u00e0 venir en attester nul dessein de surprendre.<br>Les silences, les oublis, l&rsquo;angoisse, d&rsquo;un mot les r\u00e9sistances observ\u00e9es chez le patient dont sont rapport\u00e9s ici les productions et leur v\u00e9cu, paraissent parall\u00e8les au potentiel anxiog\u00e8ne des affects, exprim\u00e9s ou \u00e0 exprimer. Mais ce potentiel anxiog\u00e8ne est lui m\u00eame li\u00e9 au choix, par le patient, d&rsquo;un mode, figuratif ou non, d&rsquo;expression picturale<br>L&rsquo;anxi\u00e9t\u00e9, que l&rsquo;on sait depuis longtemps identiquement en cause dans le refoulement comme dans les r\u00e9sistances, appara\u00eet ainsi jouant un t\u00f4le complexe au niveau de ces r\u00e9sistances. Ici. selon qu&rsquo;elle devait \u00eatre plus ou moins facilement d\u00e9pla\u00e7able, annulable ou sublimable au niveau de l&rsquo;analyse de l&rsquo;\u0153uvre peinte telle que la pr\u00e9sentait son auteur, elle devait d\u00e9terminer le recours \u00e0 la figuration, ou au contraire la fuite dans l&rsquo;abstraction lorsque son expression devenait insoutenable.<br>C\u2019est pourquoi il para\u00eet int\u00e9ressant de rapporter ce cas. car il offre sur un nombre restreint de productions, un \u00e9chantillonnage d\u00e9monstratif de ces diff\u00e9rents types de corr\u00e9lation entre l\u2019anxi\u00e9t\u00e9 et son mode d&rsquo;expression picturale, figurative si le sujet peut y faire face, ou abstraite si. trop p\u00e9nible, elle l&rsquo;en emp\u00eache.<\/p>\n\n\n\n<p class=\"has-text-align-left\"><\/p>\n\n\n\n<p class=\"has-text-align-left\"><\/p>\n\n\n\n<p class=\"has-text-color has-link-color wp-elements-0c5dd61414d2cb4c88e3596780dedeb0\" style=\"color:#2753a5\"><strong><em>Pour lire le texte complet <a href=\"\/index.php\/options-dinscription\/\"><mark style=\"background-color:rgba(0, 0, 0, 0)\" class=\"has-inline-color has-vivid-cyan-blue-color\">s&rsquo;inscrire<\/mark><\/a> ou <a href=\"\/index.php\/my-account\/edit-account\/\"><mark style=\"background-color:rgba(0, 0, 0, 0)\" class=\"has-inline-color has-vivid-cyan-blue-color\">se connecter<\/mark><\/a><\/em><\/strong><\/p>\n\n\n\n\n\n<div style=\"height:100px\" aria-hidden=\"true\" class=\"wp-block-spacer\"><\/div>\n\n\n\n<div class=\"wp-block-buttons is-content-justification-center is-layout-flex wp-container-core-buttons-is-layout-a89b3969 wp-block-buttons-is-layout-flex\">\n<div class=\"wp-block-button is-style-fill\"><a class=\"wp-block-button__link has-vivid-red-background-color has-background has-small-font-size has-custom-font-size wp-element-button\" href=\"\/index.php\/2025\/06\/07\/1972-expression-et-signe-no-1\/\">&lt;&#8211;retour<\/a><\/div>\n<\/div>\n<\/div>\n\n\n\n<div class=\"wp-block-column is-layout-flow wp-block-column-is-layout-flow\" style=\"flex-basis:33.33%\">\n<figure class=\"wp-block-table\"><table class=\"has-background\" style=\"background-color:#f8f2f2\"><thead><tr><th><mark class=\"has-inline-color has-vivid-red-color\" style=\"background-color: rgba(0, 0, 0, 0);\"><strong>Auteur<\/strong><\/mark><\/th><\/tr><\/thead><tbody><tr><td><strong>Albrecht Eric U.<\/strong><\/td><\/tr><\/tbody><\/table><\/figure>\n\n\n\n<figure class=\"wp-block-table\"><table><thead><tr><th><mark class=\"has-inline-color has-vivid-red-color\" style=\"background-color: rgba(0, 0, 0, 0);\"><strong>R\u00e9f\u00e9rence<\/strong><\/mark><\/th><\/tr><\/thead><tbody><tr><td><strong>RR19721-02<\/strong><br>Expression et Signe, n\u00b01, 1972<\/td><\/tr><\/tbody><\/table><\/figure>\n\n\n\n<figure class=\"wp-block-table\"><table><thead><tr><th><mark class=\"has-inline-color has-vivid-red-color\" style=\"background-color: rgba(0, 0, 0, 0);\"><strong>Cat\u00e9gories<\/strong><\/mark><\/th><\/tr><\/thead><tbody><tr><td>Arts plastiques<br>\u00c9tude de cas<br>Psychiatrie<br>Psychopathologie de l\u2019expression<\/td><\/tr><\/tbody><\/table><\/figure>\n<\/div>\n<\/div>\n\n\n\n<p><\/p>\n","protected":false},"excerpt":{"rendered":"<p>Exemplarit\u00e9 d\u2019un cas de refuge anxieux dans l\u2019abstrait chez un psychotique en psychoth\u00e9rapie par l\u2019expression picturale L\u2019anxi\u00e9t\u00e9, si elle est souvent le moteur de la cr\u00e9ativit\u00e9, ne manque pas d&rsquo;\u00eatre aussi parfois un frein \u00e0 la spontan\u00e9it\u00e9. Un hiatus en d\u00e9coule, qui s\u00e9pare le pens\u00e9 et le dit dans une&hellip;<\/p>\n","protected":false},"author":2,"featured_media":0,"comment_status":"closed","ping_status":"open","sticky":false,"template":"","format":"standard","meta":{"pmpro_default_level":"","ngg_post_thumbnail":0,"footnotes":""},"categories":[1035],"tags":[503,493,1033,574,488,1041],"class_list":["post-5585","post","type-post","status-publish","format-standard","hentry","category-albrecht-eric-u","tag-arts-plastiques","tag-cas-clinique","tag-expression-et-signe-1972-no1","tag-psychiatrie","tag-psychopathologie-de-lexpression","tag-rr19721-02","pmpro-has-access"],"_links":{"self":[{"href":"https:\/\/bibliotheque-sfpe-at.com\/index.php\/wp-json\/wp\/v2\/posts\/5585","targetHints":{"allow":["GET"]}}],"collection":[{"href":"https:\/\/bibliotheque-sfpe-at.com\/index.php\/wp-json\/wp\/v2\/posts"}],"about":[{"href":"https:\/\/bibliotheque-sfpe-at.com\/index.php\/wp-json\/wp\/v2\/types\/post"}],"author":[{"embeddable":true,"href":"https:\/\/bibliotheque-sfpe-at.com\/index.php\/wp-json\/wp\/v2\/users\/2"}],"replies":[{"embeddable":true,"href":"https:\/\/bibliotheque-sfpe-at.com\/index.php\/wp-json\/wp\/v2\/comments?post=5585"}],"version-history":[{"count":1,"href":"https:\/\/bibliotheque-sfpe-at.com\/index.php\/wp-json\/wp\/v2\/posts\/5585\/revisions"}],"predecessor-version":[{"id":5586,"href":"https:\/\/bibliotheque-sfpe-at.com\/index.php\/wp-json\/wp\/v2\/posts\/5585\/revisions\/5586"}],"wp:attachment":[{"href":"https:\/\/bibliotheque-sfpe-at.com\/index.php\/wp-json\/wp\/v2\/media?parent=5585"}],"wp:term":[{"taxonomy":"category","embeddable":true,"href":"https:\/\/bibliotheque-sfpe-at.com\/index.php\/wp-json\/wp\/v2\/categories?post=5585"},{"taxonomy":"post_tag","embeddable":true,"href":"https:\/\/bibliotheque-sfpe-at.com\/index.php\/wp-json\/wp\/v2\/tags?post=5585"}],"curies":[{"name":"wp","href":"https:\/\/api.w.org\/{rel}","templated":true}]}}