{"id":5589,"date":"2025-06-09T22:58:43","date_gmt":"2025-06-09T20:58:43","guid":{"rendered":"https:\/\/bibliotheque-sfpe-at.com\/?p=5589"},"modified":"2025-06-09T23:17:39","modified_gmt":"2025-06-09T21:17:39","slug":"oeuvre-picturale-et-verbalisation-chez-des-enfants-dits-normaux","status":"publish","type":"post","link":"https:\/\/bibliotheque-sfpe-at.com\/index.php\/2025\/06\/09\/oeuvre-picturale-et-verbalisation-chez-des-enfants-dits-normaux\/","title":{"rendered":"\u0152uvre picturale et verbalisation chez des enfants dits normaux"},"content":{"rendered":"\n<div class=\"wp-block-columns is-layout-flex wp-container-core-columns-is-layout-28f84493 wp-block-columns-is-layout-flex\">\n<div class=\"wp-block-column is-layout-flow wp-block-column-is-layout-flow\" style=\"flex-basis:66.66%\">\n<p>L&rsquo;atelier re\u00e7oit des groupes d\u2019enfants \u00e2g\u00e9s de 4 \u00e0 15 ans. groupes con\u00e7us dans une structure verticale pour recr\u00e9er un milieu naturel. Des mat\u00e9riaux plastiques, color\u00e9s ou non, mall\u00e9ables ou durs, sont \u00e0 leur disposition : peinture, terre glaise, pierre \u00e0 sculpter, plaquettes \u00e0 graver.<br>L\u2019atelier veut avant tout se situer dans un climat permissif pour \u00e9viter d\u2019\u00eatre seulement un atelier de travaux manuels ou une \u00e9cole d\u2019art et rester un lieu d\u2019expression \u2014 faire, dire, ne rien faire, ne rien dire \u2014 pour tenter d\u2019acc\u00e9der \u00e0 un d\u00e9sir propre.<br>L\u2019enfant dit \u00ab normal \u00bb, en peignant sa vie journali\u00e8re, son actualit\u00e9, ses th\u00e8mes culturels, exprime \u2014 charm\u00e9 ou \u00e9tonn\u00e9 \u2014 ses d\u00e9sirs ou ses pr\u00e9occupations, accompagnant sa cr\u00e9ation d&rsquo;une verbalisation. Celle-ci \u00e9tant apparue d&rsquo;un grand int\u00e9r\u00eat, a \u00e9t\u00e9 \u00e9tudi\u00e9 le r\u00f4le qu&rsquo;elle pourrait jouer dans deux situations : l&rsquo;enfant peint et parle; l&rsquo;enfant peint et ne parle pas.<\/p>\n\n\n\n<p class=\"has-text-align-left\"><\/p>\n\n\n\n<p class=\"has-text-align-left\"><\/p>\n\n\n\n<p class=\"has-text-color has-link-color wp-elements-0c5dd61414d2cb4c88e3596780dedeb0\" style=\"color:#2753a5\"><strong><em>Pour lire le texte complet <a href=\"\/index.php\/options-dinscription\/\"><mark style=\"background-color:rgba(0, 0, 0, 0)\" class=\"has-inline-color has-vivid-cyan-blue-color\">s&rsquo;inscrire<\/mark><\/a> ou <a href=\"\/index.php\/my-account\/edit-account\/\"><mark style=\"background-color:rgba(0, 0, 0, 0)\" class=\"has-inline-color has-vivid-cyan-blue-color\">se connecter<\/mark><\/a><\/em><\/strong><\/p>\n\n\n\n\n\n<div style=\"height:100px\" aria-hidden=\"true\" class=\"wp-block-spacer\"><\/div>\n\n\n\n<div class=\"wp-block-buttons is-content-justification-center is-layout-flex wp-container-core-buttons-is-layout-a89b3969 wp-block-buttons-is-layout-flex\">\n<div class=\"wp-block-button is-style-fill\"><a class=\"wp-block-button__link has-vivid-red-background-color has-background has-small-font-size has-custom-font-size wp-element-button\" href=\"\/index.php\/2025\/06\/07\/1972-expression-et-signe-no-1\/\">&lt;&#8211;retour<\/a><\/div>\n<\/div>\n<\/div>\n\n\n\n<div class=\"wp-block-column is-layout-flow wp-block-column-is-layout-flow\" style=\"flex-basis:33.33%\">\n<figure class=\"wp-block-table\"><table class=\"has-background\" style=\"background-color:#f8f2f2\"><thead><tr><th><mark class=\"has-inline-color has-vivid-red-color\" style=\"background-color: rgba(0, 0, 0, 0);\"><strong>Auteur<\/strong><\/mark><\/th><\/tr><\/thead><tbody><tr><td><strong>Pansu F.<\/strong><\/td><\/tr><\/tbody><\/table><\/figure>\n\n\n\n<figure class=\"wp-block-table\"><table><thead><tr><th><mark class=\"has-inline-color has-vivid-red-color\" style=\"background-color: rgba(0, 0, 0, 0);\"><strong>R\u00e9f\u00e9rence<\/strong><\/mark><\/th><\/tr><\/thead><tbody><tr><td><strong>RR19721-04<\/strong><br>Expression et Signe, n\u00b01, 1972<\/td><\/tr><\/tbody><\/table><\/figure>\n\n\n\n<figure class=\"wp-block-table\"><table><thead><tr><th><mark class=\"has-inline-color has-vivid-red-color\" style=\"background-color: rgba(0, 0, 0, 0);\"><strong>Cat\u00e9gories<\/strong><\/mark><\/th><\/tr><\/thead><tbody><tr><td>Dessin<br>Dispositif de m\u00e9diation<br>Enfance<\/td><\/tr><\/tbody><\/table><\/figure>\n<\/div>\n<\/div>\n\n\n\n<p><\/p>\n","protected":false},"excerpt":{"rendered":"<p>L&rsquo;atelier re\u00e7oit des groupes d\u2019enfants \u00e2g\u00e9s de 4 \u00e0 15 ans. groupes con\u00e7us dans une structure verticale pour recr\u00e9er un milieu naturel. Des mat\u00e9riaux plastiques, color\u00e9s ou non, mall\u00e9ables ou durs, sont \u00e0 leur disposition : peinture, terre glaise, pierre \u00e0 sculpter, plaquettes \u00e0 graver.L\u2019atelier veut avant tout se situer&hellip;<\/p>\n","protected":false},"author":2,"featured_media":0,"comment_status":"closed","ping_status":"open","sticky":false,"template":"","format":"standard","meta":{"pmpro_default_level":"","ngg_post_thumbnail":0,"footnotes":""},"categories":[1036],"tags":[508,505,549,1033,1043],"class_list":["post-5589","post","type-post","status-publish","format-standard","hentry","category-pansu-f","tag-dessin","tag-dispositif-de-mediation","tag-enfance","tag-expression-et-signe-1972-no1","tag-rr19721-04","pmpro-has-access"],"_links":{"self":[{"href":"https:\/\/bibliotheque-sfpe-at.com\/index.php\/wp-json\/wp\/v2\/posts\/5589","targetHints":{"allow":["GET"]}}],"collection":[{"href":"https:\/\/bibliotheque-sfpe-at.com\/index.php\/wp-json\/wp\/v2\/posts"}],"about":[{"href":"https:\/\/bibliotheque-sfpe-at.com\/index.php\/wp-json\/wp\/v2\/types\/post"}],"author":[{"embeddable":true,"href":"https:\/\/bibliotheque-sfpe-at.com\/index.php\/wp-json\/wp\/v2\/users\/2"}],"replies":[{"embeddable":true,"href":"https:\/\/bibliotheque-sfpe-at.com\/index.php\/wp-json\/wp\/v2\/comments?post=5589"}],"version-history":[{"count":1,"href":"https:\/\/bibliotheque-sfpe-at.com\/index.php\/wp-json\/wp\/v2\/posts\/5589\/revisions"}],"predecessor-version":[{"id":5590,"href":"https:\/\/bibliotheque-sfpe-at.com\/index.php\/wp-json\/wp\/v2\/posts\/5589\/revisions\/5590"}],"wp:attachment":[{"href":"https:\/\/bibliotheque-sfpe-at.com\/index.php\/wp-json\/wp\/v2\/media?parent=5589"}],"wp:term":[{"taxonomy":"category","embeddable":true,"href":"https:\/\/bibliotheque-sfpe-at.com\/index.php\/wp-json\/wp\/v2\/categories?post=5589"},{"taxonomy":"post_tag","embeddable":true,"href":"https:\/\/bibliotheque-sfpe-at.com\/index.php\/wp-json\/wp\/v2\/tags?post=5589"}],"curies":[{"name":"wp","href":"https:\/\/api.w.org\/{rel}","templated":true}]}}