{"id":5593,"date":"2025-06-09T23:05:29","date_gmt":"2025-06-09T21:05:29","guid":{"rendered":"https:\/\/bibliotheque-sfpe-at.com\/?p=5593"},"modified":"2025-06-09T23:20:31","modified_gmt":"2025-06-09T21:20:31","slug":"le-signe-et-son-geste-2","status":"publish","type":"post","link":"https:\/\/bibliotheque-sfpe-at.com\/index.php\/2025\/06\/09\/le-signe-et-son-geste-2\/","title":{"rendered":"Impression et expression"},"content":{"rendered":"\n<div class=\"wp-block-columns is-layout-flex wp-container-core-columns-is-layout-28f84493 wp-block-columns-is-layout-flex\">\n<div class=\"wp-block-column is-layout-flow wp-block-column-is-layout-flow\" style=\"flex-basis:66.66%\">\n<p class=\"has-text-align-right\"><\/p>\n\n\n\n<p>Impression et Expression constituent \u00e0 la fois deux p\u00f4les et deux temps d&rsquo;un m\u00eame processus. Ce qui s&rsquo;imprime en nous \u00e0 partir de l&rsquo;exp\u00e9rience interne et externe, pass\u00e9e et pr\u00e9sente, constitue la mati\u00e8re premi\u00e8re \u00e0 partir de laquelle s&rsquo;\u00e9difie la prise de conscience. L&rsquo;impression est interne, diffuse, imag\u00e9e, symbolique et c&rsquo;est en s&rsquo;engageant vers l&rsquo;expression qu&rsquo;elle \u00e9volue vers la connaissance notionnelle, la conceptualisation et la conscience claire.<br>Pour rendre compte de ce cheminement, dont l&rsquo;analyse peut jeter quelque lumi\u00e8re sur certaines formes d&rsquo;expression, on peut faire appel \u00e0 une hypoth\u00e8se de travail, m\u00e9caniste en apparence, mais qui a le m\u00e9rite d&rsquo;\u00eatre fid\u00e8le \u00e0 la r\u00e9alit\u00e9 neurologique.<br>Chaque \u00eatre vivant na\u00eet avec un ensemble d&rsquo;aptitudes li\u00e9es \u00e0 son organisation neuro-physiologique et r\u00e9sultant des exp\u00e9riences s\u00e9culaires de l&rsquo;esp\u00e8ce \u00e0 laquelle il appartient, ce qu&rsquo;on peut exprimer commod\u00e9ment en disant que. \u00e0 la naissance, l&rsquo;\u00eatre vivant est porteur d&rsquo;une programmation. En fonction de cette programmation. l&rsquo;individu va \u00eatre soumis aux stimuli internes et externes et r\u00e9agir dans le cadre des r\u00e9ponses qui lui sont possibles. Stimulations et r\u00e9ponses vont constituer l&rsquo;exp\u00e9rience et, progressivement, \u00e0 la programmation qui \u00e9tait un montage virtuel, une r\u00e9alit\u00e9 potentielle et vide, va se substituer une somme d&rsquo;habitudes et de mani\u00e8res d&rsquo;\u00eatre d\u00e9finissant le comportement.<\/p>\n\n\n\n<p class=\"has-text-align-left\"><\/p>\n\n\n\n<p class=\"has-text-align-left\"><\/p>\n\n\n\n<p class=\"has-text-color has-link-color wp-elements-0c5dd61414d2cb4c88e3596780dedeb0\" style=\"color:#2753a5\"><strong><em>Pour lire le texte complet <a href=\"\/index.php\/options-dinscription\/\"><mark style=\"background-color:rgba(0, 0, 0, 0)\" class=\"has-inline-color has-vivid-cyan-blue-color\">s&rsquo;inscrire<\/mark><\/a> ou <a href=\"\/index.php\/my-account\/edit-account\/\"><mark style=\"background-color:rgba(0, 0, 0, 0)\" class=\"has-inline-color has-vivid-cyan-blue-color\">se connecter<\/mark><\/a><\/em><\/strong><\/p>\n\n\n\n\n\n<div style=\"height:100px\" aria-hidden=\"true\" class=\"wp-block-spacer\"><\/div>\n\n\n\n<div class=\"wp-block-buttons is-content-justification-center is-layout-flex wp-container-core-buttons-is-layout-a89b3969 wp-block-buttons-is-layout-flex\">\n<div class=\"wp-block-button is-style-fill\"><a class=\"wp-block-button__link has-vivid-red-background-color has-background has-small-font-size has-custom-font-size wp-element-button\" href=\"\/index.php\/2025\/06\/07\/1972-expression-et-signe-no-1\/\">&lt;&#8211;retour<\/a><\/div>\n<\/div>\n<\/div>\n\n\n\n<div class=\"wp-block-column is-layout-flow wp-block-column-is-layout-flow\" style=\"flex-basis:33.33%\">\n<figure class=\"wp-block-table\"><table class=\"has-background\" style=\"background-color:#f8f2f2\"><thead><tr><th><mark class=\"has-inline-color has-vivid-red-color\" style=\"background-color: rgba(0, 0, 0, 0);\"><strong>Auteur<\/strong><\/mark><\/th><\/tr><\/thead><tbody><tr><td><strong>Fretigny R.<br>Virel A.<\/strong><\/td><\/tr><\/tbody><\/table><\/figure>\n\n\n\n<figure class=\"wp-block-table\"><table><thead><tr><th><mark class=\"has-inline-color has-vivid-red-color\" style=\"background-color: rgba(0, 0, 0, 0);\"><strong>R\u00e9f\u00e9rence<\/strong><\/mark><\/th><\/tr><\/thead><tbody><tr><td><strong>RR19721-06<\/strong><br>Expression et Signe, n\u00b01, 1972<\/td><\/tr><\/tbody><\/table><\/figure>\n\n\n\n<figure class=\"wp-block-table\"><table><thead><tr><th><mark class=\"has-inline-color has-vivid-red-color\" style=\"background-color: rgba(0, 0, 0, 0);\"><strong>Cat\u00e9gories<\/strong><\/mark><\/th><\/tr><\/thead><tbody><tr><td>Philosophie<br>Psychologie<\/td><\/tr><\/tbody><\/table><\/figure>\n<\/div>\n<\/div>\n\n\n\n<p><\/p>\n","protected":false},"excerpt":{"rendered":"<p>Impression et Expression constituent \u00e0 la fois deux p\u00f4les et deux temps d&rsquo;un m\u00eame processus. Ce qui s&rsquo;imprime en nous \u00e0 partir de l&rsquo;exp\u00e9rience interne et externe, pass\u00e9e et pr\u00e9sente, constitue la mati\u00e8re premi\u00e8re \u00e0 partir de laquelle s&rsquo;\u00e9difie la prise de conscience. L&rsquo;impression est interne, diffuse, imag\u00e9e, symbolique et&hellip;<\/p>\n","protected":false},"author":2,"featured_media":0,"comment_status":"closed","ping_status":"open","sticky":false,"template":"","format":"standard","meta":{"pmpro_default_level":"","ngg_post_thumbnail":0,"footnotes":""},"categories":[1038,1039],"tags":[501,1033,487,498,1045,531,504,608],"class_list":["post-5593","post","type-post","status-publish","format-standard","hentry","category-fretigny-r","category-virel-a","tag-anthropologie","tag-expression-et-signe-1972-no1","tag-philosophie","tag-psychologie","tag-rr19721-06","tag-techniques-corporelles","tag-theatre","tag-voix","pmpro-has-access"],"_links":{"self":[{"href":"https:\/\/bibliotheque-sfpe-at.com\/index.php\/wp-json\/wp\/v2\/posts\/5593","targetHints":{"allow":["GET"]}}],"collection":[{"href":"https:\/\/bibliotheque-sfpe-at.com\/index.php\/wp-json\/wp\/v2\/posts"}],"about":[{"href":"https:\/\/bibliotheque-sfpe-at.com\/index.php\/wp-json\/wp\/v2\/types\/post"}],"author":[{"embeddable":true,"href":"https:\/\/bibliotheque-sfpe-at.com\/index.php\/wp-json\/wp\/v2\/users\/2"}],"replies":[{"embeddable":true,"href":"https:\/\/bibliotheque-sfpe-at.com\/index.php\/wp-json\/wp\/v2\/comments?post=5593"}],"version-history":[{"count":3,"href":"https:\/\/bibliotheque-sfpe-at.com\/index.php\/wp-json\/wp\/v2\/posts\/5593\/revisions"}],"predecessor-version":[{"id":5600,"href":"https:\/\/bibliotheque-sfpe-at.com\/index.php\/wp-json\/wp\/v2\/posts\/5593\/revisions\/5600"}],"wp:attachment":[{"href":"https:\/\/bibliotheque-sfpe-at.com\/index.php\/wp-json\/wp\/v2\/media?parent=5593"}],"wp:term":[{"taxonomy":"category","embeddable":true,"href":"https:\/\/bibliotheque-sfpe-at.com\/index.php\/wp-json\/wp\/v2\/categories?post=5593"},{"taxonomy":"post_tag","embeddable":true,"href":"https:\/\/bibliotheque-sfpe-at.com\/index.php\/wp-json\/wp\/v2\/tags?post=5593"}],"curies":[{"name":"wp","href":"https:\/\/api.w.org\/{rel}","templated":true}]}}