{"id":5604,"date":"2025-06-10T18:38:44","date_gmt":"2025-06-10T16:38:44","guid":{"rendered":"https:\/\/bibliotheque-sfpe-at.com\/?p=5604"},"modified":"2025-06-11T11:43:20","modified_gmt":"2025-06-11T09:43:20","slug":"psychologie-et-psychopathologie-de-lenfant-a-travers-le-theatre","status":"publish","type":"post","link":"https:\/\/bibliotheque-sfpe-at.com\/index.php\/2025\/06\/10\/psychologie-et-psychopathologie-de-lenfant-a-travers-le-theatre\/","title":{"rendered":"Psychologie et psychopathologie de l\u2019enfant \u00e0 travers le th\u00e9\u00e2tre"},"content":{"rendered":"\n<div class=\"wp-block-columns is-layout-flex wp-container-core-columns-is-layout-28f84493 wp-block-columns-is-layout-flex\">\n<div class=\"wp-block-column is-layout-flow wp-block-column-is-layout-flow\" style=\"flex-basis:66.66%\">\n<p class=\"has-text-align-right\"><\/p>\n\n\n\n<p>Les communications pr\u00e9sent\u00e9es aux Journ\u00e9es de travail de la Soci\u00e9t\u00e9 Fran\u00e7aise de Psychopathologie de l&rsquo;Expression sont habituellement publi\u00e9es dans diff\u00e9rents cahiers et num\u00e9ros de la revue car elles poss\u00e8dent une individualit\u00e9 propre m\u00eame si elles sont centr\u00e9es sur un seul th\u00e8me.<br>Le cas est diff\u00e9rent en ce qui concerne la Journ\u00e9e d&rsquo;Automne 1972 (24 novembre 1972, Sainte-Anne) ax\u00e9e sur une pi\u00e8ce enti\u00e8rement cr\u00e9\u00e9e (id\u00e9e, texte, costumes, d\u00e9cors) par des enfants d&rsquo;\u00e9cole primaire et jou\u00e9e par des adultes professionnels, les acteurs du Th\u00e9\u00e2tre de l&rsquo;Ile de France (Dir. Jacques Sarthou).<br>Autour de ce spectacle, de sa pr\u00e9sentation et de son analyse historique (de sa cr\u00e9ation \u00e0 ses s\u00e9quelles), ont \u00e9t\u00e9 organis\u00e9es deux tables rondes sur \u00ab le fantasme chez l&rsquo;enfant \u00bb et \u00ab la cr\u00e9ativit\u00e9 de groupe d&rsquo;enfants &#8211; r\u00f4le \u00e9ducatif et th\u00e9rapeutique \u00bb, o\u00f9 des personnalit\u00e9s d&rsquo;optique diff\u00e9rente (psychiatres, psychologues, sociologues, p\u00e9dagogues) ont pu pr\u00e9senter leurs r\u00e9flexions et en discuter avec le public.<\/p>\n\n\n\n<p class=\"has-text-align-left\"><\/p>\n\n\n\n<p class=\"has-text-align-left\"><\/p>\n\n\n\n<p class=\"has-text-color has-link-color wp-elements-0c5dd61414d2cb4c88e3596780dedeb0\" style=\"color:#2753a5\"><strong><em>Pour lire le texte complet <a href=\"\/index.php\/options-dinscription\/\"><mark style=\"background-color:rgba(0, 0, 0, 0)\" class=\"has-inline-color has-vivid-cyan-blue-color\">s&rsquo;inscrire<\/mark><\/a> ou <a href=\"\/index.php\/my-account\/edit-account\/\"><mark style=\"background-color:rgba(0, 0, 0, 0)\" class=\"has-inline-color has-vivid-cyan-blue-color\">se connecter<\/mark><\/a><\/em><\/strong><\/p>\n\n\n\n\n\n<div style=\"height:100px\" aria-hidden=\"true\" class=\"wp-block-spacer\"><\/div>\n\n\n\n<div class=\"wp-block-buttons is-content-justification-center is-layout-flex wp-container-core-buttons-is-layout-a89b3969 wp-block-buttons-is-layout-flex\">\n<div class=\"wp-block-button is-style-fill\"><a class=\"wp-block-button__link has-vivid-red-background-color has-background has-small-font-size has-custom-font-size wp-element-button\" href=\"\/index.php\/2025\/06\/10\/1973-expression-et-signe-no-2\/\">&lt;&#8211;retour<\/a><\/div>\n<\/div>\n<\/div>\n\n\n\n<div class=\"wp-block-column is-layout-flow wp-block-column-is-layout-flow\" style=\"flex-basis:33.33%\">\n<figure class=\"wp-block-table\"><table class=\"has-background\" style=\"background-color:#f8f2f2\"><thead><tr><th><mark class=\"has-inline-color has-vivid-red-color\" style=\"background-color: rgba(0, 0, 0, 0);\"><strong>Auteur<\/strong><\/mark><\/th><\/tr><\/thead><tbody><tr><td><strong>Wiart Claude<\/strong><\/td><\/tr><\/tbody><\/table><\/figure>\n\n\n\n<figure class=\"wp-block-table\"><table><thead><tr><th><mark class=\"has-inline-color has-vivid-red-color\" style=\"background-color: rgba(0, 0, 0, 0);\"><strong>R\u00e9f\u00e9rence<\/strong><\/mark><\/th><\/tr><\/thead><tbody><tr><td><strong>RR19732-01<\/strong><br>Expression et Signe, n\u00b02, 1973<\/td><\/tr><\/tbody><\/table><\/figure>\n\n\n\n<figure class=\"wp-block-table\"><table><thead><tr><th><mark class=\"has-inline-color has-vivid-red-color\" style=\"background-color: rgba(0, 0, 0, 0);\"><strong>Cat\u00e9gories<\/strong><\/mark><\/th><\/tr><\/thead><tbody><tr><td>\u00c9ducation<br>Dispositif de m\u00e9diation<br>Th\u00e9\u00e2tre<br>Enfance<\/td><\/tr><\/tbody><\/table><\/figure>\n<\/div>\n<\/div>\n\n\n\n<p><\/p>\n","protected":false},"excerpt":{"rendered":"<p>Les communications pr\u00e9sent\u00e9es aux Journ\u00e9es de travail de la Soci\u00e9t\u00e9 Fran\u00e7aise de Psychopathologie de l&rsquo;Expression sont habituellement publi\u00e9es dans diff\u00e9rents cahiers et num\u00e9ros de la revue car elles poss\u00e8dent une individualit\u00e9 propre m\u00eame si elles sont centr\u00e9es sur un seul th\u00e8me.Le cas est diff\u00e9rent en ce qui concerne la Journ\u00e9e&hellip;<\/p>\n","protected":false},"author":2,"featured_media":0,"comment_status":"closed","ping_status":"open","sticky":false,"template":"","format":"standard","meta":{"pmpro_default_level":"","ngg_post_thumbnail":0,"footnotes":""},"categories":[842],"tags":[505,831,549,1046,1064,504],"class_list":["post-5604","post","type-post","status-publish","format-standard","hentry","category-wiart-claude","tag-dispositif-de-mediation","tag-education","tag-enfance","tag-expression-et-signe-1973-no2","tag-rr19732-01","tag-theatre","pmpro-has-access"],"_links":{"self":[{"href":"https:\/\/bibliotheque-sfpe-at.com\/index.php\/wp-json\/wp\/v2\/posts\/5604","targetHints":{"allow":["GET"]}}],"collection":[{"href":"https:\/\/bibliotheque-sfpe-at.com\/index.php\/wp-json\/wp\/v2\/posts"}],"about":[{"href":"https:\/\/bibliotheque-sfpe-at.com\/index.php\/wp-json\/wp\/v2\/types\/post"}],"author":[{"embeddable":true,"href":"https:\/\/bibliotheque-sfpe-at.com\/index.php\/wp-json\/wp\/v2\/users\/2"}],"replies":[{"embeddable":true,"href":"https:\/\/bibliotheque-sfpe-at.com\/index.php\/wp-json\/wp\/v2\/comments?post=5604"}],"version-history":[{"count":2,"href":"https:\/\/bibliotheque-sfpe-at.com\/index.php\/wp-json\/wp\/v2\/posts\/5604\/revisions"}],"predecessor-version":[{"id":5606,"href":"https:\/\/bibliotheque-sfpe-at.com\/index.php\/wp-json\/wp\/v2\/posts\/5604\/revisions\/5606"}],"wp:attachment":[{"href":"https:\/\/bibliotheque-sfpe-at.com\/index.php\/wp-json\/wp\/v2\/media?parent=5604"}],"wp:term":[{"taxonomy":"category","embeddable":true,"href":"https:\/\/bibliotheque-sfpe-at.com\/index.php\/wp-json\/wp\/v2\/categories?post=5604"},{"taxonomy":"post_tag","embeddable":true,"href":"https:\/\/bibliotheque-sfpe-at.com\/index.php\/wp-json\/wp\/v2\/tags?post=5604"}],"curies":[{"name":"wp","href":"https:\/\/api.w.org\/{rel}","templated":true}]}}