{"id":5610,"date":"2025-06-10T19:07:53","date_gmt":"2025-06-10T17:07:53","guid":{"rendered":"https:\/\/bibliotheque-sfpe-at.com\/?p=5610"},"modified":"2025-06-11T11:43:36","modified_gmt":"2025-06-11T09:43:36","slug":"presentation-lenfant-et-son-theatre","status":"publish","type":"post","link":"https:\/\/bibliotheque-sfpe-at.com\/index.php\/2025\/06\/10\/presentation-lenfant-et-son-theatre\/","title":{"rendered":"Pr\u00e9sentation\u00a0: l\u2019enfant et son th\u00e9\u00e2tre"},"content":{"rendered":"\n<div class=\"wp-block-columns is-layout-flex wp-container-core-columns-is-layout-28f84493 wp-block-columns-is-layout-flex\">\n<div class=\"wp-block-column is-layout-flow wp-block-column-is-layout-flow\" style=\"flex-basis:66.66%\">\n<p class=\"has-text-align-left\">\u00c0 propos d\u2019une cr\u00e9ation th\u00e9\u00e2trale collective d\u2019enfants de 7 \u00e0 11 ans<\/p>\n\n\n\n<p class=\"has-text-align-right\">\u00ab L&rsquo;\u0153uvre d\u2019art est une angoisse faite objet \u00bb<br>(J.P. Sartre)<\/p>\n\n\n\n<p><br>Voir des enfants vivre le th\u00e9\u00e2tre cr\u00e9\u00e9 par certains d&rsquo;entre eux est tr\u00e8s instructif pour celui qui s&rsquo;int\u00e9resse \u00e0 la psychologie et \u00e0 la psychopathologie de l&rsquo;enfant; c&rsquo;est ce qui m&rsquo;a \u00e9t\u00e9 donn\u00e9 nagu\u00e8re dans un th\u00e9\u00e2tre de banlieue.<br>Ceci nous pose non seulement la question de l&rsquo;int\u00e9r\u00eat \u00e9ventuel et des limites de la cr\u00e9ation th\u00e9\u00e2trale collective de l&rsquo;enfant, mais aussi celle concernant la fa\u00e7on dont l&rsquo;adulte est capable de recevoir une telle \u00ab re-pr\u00e9sentation \u00bb\u2026 et la mani\u00e8re dont il risquerait de l&rsquo;utiliser, m\u00eame dans une optique p\u00e9dagogique, le \u00ab ne pas nuire \u00bb restant le probl\u00e8me essentiel.<br>De la critique la plus v\u00e9h\u00e9mente et m\u00eame passionnelle parfois :<br>\u00ab Le ton \u201d bon papa qui fait pipi dans sa \u00bb culotte \u00ab\u00a0. m&rsquo;avait fait penser que les enfants \u00bb aussi peuvent avoir mauvais go\u00fbt. Je \u00bb m&rsquo;\u00e9tais interrog\u00e9 une nouvelle fois sur les \u00bb limites de la m\u00e9thode\u2026 et sur le r\u00f4le et les \u00bb responsabilit\u00e9s que l&rsquo;adulte prend en publiant \u00bb (donc en valorisant),\u2026 \u00bb<br>\u00e0 l&rsquo;enthousiasme le plus spontan\u00e9 :<br>\u00ab j\u2019ai v\u00e9cu l\u00e0 un moment privil\u00e9gi\u00e9 de joies \u00bb enfantines, lib\u00e9r\u00e9es des conditionnements de \u00bb l&rsquo;adulte\u2026 \u00bb,<br>toutes les r\u00e9actions ont pu se faire jour \u00e0 l&rsquo;issue de la pi\u00e8ce, chez le spectateur adulte, alors que dans leur ensemble les enfants ont paru bien accepter la repr\u00e9sentation \u00e0 laquelle ils participaient tr\u00e8s activement, surtout les plus jeunes, les 12-13 ans se d\u00e9fendant d\u00e9j\u00e0 en remarquant que c&rsquo;\u00e9tait trop \u00ab b\u00e9b\u00e9 \u00bb pour eux, tout en admirant cependant la r\u00e9alisation de leurs jeunes camarades, ce avec une certaine envie\u2026;<\/p>\n\n\n\n<p class=\"has-text-align-left\"><\/p>\n\n\n\n<p class=\"has-text-align-left\"><\/p>\n\n\n\n<p class=\"has-text-color has-link-color wp-elements-0c5dd61414d2cb4c88e3596780dedeb0\" style=\"color:#2753a5\"><strong><em>Pour lire le texte complet <a href=\"\/index.php\/options-dinscription\/\"><mark style=\"background-color:rgba(0, 0, 0, 0)\" class=\"has-inline-color has-vivid-cyan-blue-color\">s&rsquo;inscrire<\/mark><\/a> ou <a href=\"\/index.php\/my-account\/edit-account\/\"><mark style=\"background-color:rgba(0, 0, 0, 0)\" class=\"has-inline-color has-vivid-cyan-blue-color\">se connecter<\/mark><\/a><\/em><\/strong><\/p>\n\n\n\n\n\n<div style=\"height:100px\" aria-hidden=\"true\" class=\"wp-block-spacer\"><\/div>\n\n\n\n<div class=\"wp-block-buttons is-content-justification-center is-layout-flex wp-container-core-buttons-is-layout-a89b3969 wp-block-buttons-is-layout-flex\">\n<div class=\"wp-block-button is-style-fill\"><a class=\"wp-block-button__link has-vivid-red-background-color has-background has-small-font-size has-custom-font-size wp-element-button\" href=\"\/index.php\/2025\/06\/10\/1973-expression-et-signe-no-2\/\">&lt;&#8211;retour<\/a><\/div>\n<\/div>\n<\/div>\n\n\n\n<div class=\"wp-block-column is-layout-flow wp-block-column-is-layout-flow\" style=\"flex-basis:33.33%\">\n<figure class=\"wp-block-table\"><table class=\"has-background\" style=\"background-color:#f8f2f2\"><thead><tr><th><mark class=\"has-inline-color has-vivid-red-color\" style=\"background-color: rgba(0, 0, 0, 0);\"><strong>Auteur<\/strong><\/mark><\/th><\/tr><\/thead><tbody><tr><td><strong>Roussel Andr\u00e9<\/strong><\/td><\/tr><\/tbody><\/table><\/figure>\n\n\n\n<figure class=\"wp-block-table\"><table><thead><tr><th><mark class=\"has-inline-color has-vivid-red-color\" style=\"background-color: rgba(0, 0, 0, 0);\"><strong>R\u00e9f\u00e9rence<\/strong><\/mark><\/th><\/tr><\/thead><tbody><tr><td><strong>RR19732-03<\/strong><br>Expression et Signe, n\u00b02, 1973<\/td><\/tr><\/tbody><\/table><\/figure>\n\n\n\n<figure class=\"wp-block-table\"><table><thead><tr><th><mark class=\"has-inline-color has-vivid-red-color\" style=\"background-color: rgba(0, 0, 0, 0);\"><strong>Cat\u00e9gories<\/strong><\/mark><\/th><\/tr><\/thead><tbody><tr><td>Dispositif de m\u00e9diation<br>Th\u00e9\u00e2tre<br>Psychanalyse<br>\u00c9ducation<br>Enfance<\/td><\/tr><\/tbody><\/table><\/figure>\n<\/div>\n<\/div>\n\n\n\n<p><\/p>\n","protected":false},"excerpt":{"rendered":"<p>\u00c0 propos d\u2019une cr\u00e9ation th\u00e9\u00e2trale collective d\u2019enfants de 7 \u00e0 11 ans \u00ab L&rsquo;\u0153uvre d\u2019art est une angoisse faite objet \u00bb(J.P. Sartre) Voir des enfants vivre le th\u00e9\u00e2tre cr\u00e9\u00e9 par certains d&rsquo;entre eux est tr\u00e8s instructif pour celui qui s&rsquo;int\u00e9resse \u00e0 la psychologie et \u00e0 la psychopathologie de l&rsquo;enfant; c&rsquo;est&hellip;<\/p>\n","protected":false},"author":2,"featured_media":0,"comment_status":"closed","ping_status":"open","sticky":false,"template":"","format":"standard","meta":{"pmpro_default_level":"","ngg_post_thumbnail":0,"footnotes":""},"categories":[1049],"tags":[505,831,549,1046,494,1066,504],"class_list":["post-5610","post","type-post","status-publish","format-standard","hentry","category-roussel-andre","tag-dispositif-de-mediation","tag-education","tag-enfance","tag-expression-et-signe-1973-no2","tag-psychanalyse","tag-rr19732-03","tag-theatre","pmpro-has-access"],"_links":{"self":[{"href":"https:\/\/bibliotheque-sfpe-at.com\/index.php\/wp-json\/wp\/v2\/posts\/5610","targetHints":{"allow":["GET"]}}],"collection":[{"href":"https:\/\/bibliotheque-sfpe-at.com\/index.php\/wp-json\/wp\/v2\/posts"}],"about":[{"href":"https:\/\/bibliotheque-sfpe-at.com\/index.php\/wp-json\/wp\/v2\/types\/post"}],"author":[{"embeddable":true,"href":"https:\/\/bibliotheque-sfpe-at.com\/index.php\/wp-json\/wp\/v2\/users\/2"}],"replies":[{"embeddable":true,"href":"https:\/\/bibliotheque-sfpe-at.com\/index.php\/wp-json\/wp\/v2\/comments?post=5610"}],"version-history":[{"count":1,"href":"https:\/\/bibliotheque-sfpe-at.com\/index.php\/wp-json\/wp\/v2\/posts\/5610\/revisions"}],"predecessor-version":[{"id":5611,"href":"https:\/\/bibliotheque-sfpe-at.com\/index.php\/wp-json\/wp\/v2\/posts\/5610\/revisions\/5611"}],"wp:attachment":[{"href":"https:\/\/bibliotheque-sfpe-at.com\/index.php\/wp-json\/wp\/v2\/media?parent=5610"}],"wp:term":[{"taxonomy":"category","embeddable":true,"href":"https:\/\/bibliotheque-sfpe-at.com\/index.php\/wp-json\/wp\/v2\/categories?post=5610"},{"taxonomy":"post_tag","embeddable":true,"href":"https:\/\/bibliotheque-sfpe-at.com\/index.php\/wp-json\/wp\/v2\/tags?post=5610"}],"curies":[{"name":"wp","href":"https:\/\/api.w.org\/{rel}","templated":true}]}}